{"id":151,"date":"2023-02-07T18:47:09","date_gmt":"2023-02-07T18:47:09","guid":{"rendered":"https:\/\/www.worldrally.eu\/?p=151"},"modified":"2023-02-07T18:47:10","modified_gmt":"2023-02-07T18:47:10","slug":"m-sport-pracuje-nad-rozwojem-fiesty-rally-2","status":"publish","type":"post","link":"https:\/\/www.worldrally.eu\/index.php\/2023\/02\/07\/m-sport-pracuje-nad-rozwojem-fiesty-rally-2\/","title":{"rendered":"M-Sport pracuje nad rozwojem Fiesty Rally 2"},"content":{"rendered":"\n<p>Zwyci\u0119stwo Fourmaux w J\u00e4nner Rallye w styczniu pokaza\u0142o tempo zar\u00f3wno samochodu, jak i kierowcy, a szef zespo\u0142u M-Sport, Richard Millener, uwa\u017ca\u0142, \u017ce suche warunki w Monte-Carlo nie pomog\u0142y Fie\u015bcie, a tylko postawi\u0142o to wi\u0119cej pyta\u0144 na kt\u00f3re trzeba odpowiedzie\u0107, dlatego tez zesp\u00f3\u0142 b\u0119dzie si\u0119 skupi\u0142 na dalszym rozwojem samochodu.<\/p>\n\n\n\n<p class=\"has-medium-font-size\">Adrien Fourmaux wystartuje w Rajdzie Malcolma Wilsona w przysz\u0142ym miesi\u0105cu (11 marca) samochodem, kt\u00f3rego program rozwoju obejmuje ca\u0142y nadchodz\u0105cy sezon. Dyrektor zarz\u0105dzaj\u0105cy M-Sport, Malcolm Wilson, potwierdzi\u0142 udzia\u0142 Fourmaux w wydarzeniu, kt\u00f3re nosi jego imi\u0119.<\/p>\n\n\n\n<p class=\"has-medium-font-size\"><em>\u201eW tym roku czeka nas du\u017co pracy z samochodem, a to wydarzenie jest dobr\u0105 szans\u0105 na kontynuacj\u0119 procesu ci\u0105g\u0142ego rozwoju. Co wi\u0119cej, jest to dobra okazja dla Adriena, aby uzyska\u0107 wi\u0119cej czasu na wydarzenie, kt\u00f3re oczywi\u015bcie jest dla nas lokalne.&#8221;<\/em> &#8211; powiedzia\u0142 Wilson<\/p>\n","protected":false},"excerpt":{"rendered":"<p>Zwyci\u0119stwo Fourmaux w J\u00e4nner Rallye w styczniu pokaza\u0142o tempo zar\u00f3wno samochodu, jak i kierowcy, a szef zespo\u0142u M-Sport, Richard Millener, uwa\u017ca\u0142, \u017ce suche warunki w Monte-Carlo nie pomog\u0142y Fie\u015bcie, a tylko postawi\u0142o to wi\u0119cej pyta\u0144 na kt\u00f3re trzeba odpowiedzie\u0107, dlatego tez zesp\u00f3\u0142 b\u0119dzie si\u0119 skupi\u0142 na dalszym rozwojem samochodu. Adrien Fourmaux wystartuje w Rajdzie Malcolma [&hellip;]<\/p>\n","protected":false},"author":2,"featured_media":152,"comment_status":"closed","ping_status":"closed","sticky":false,"template":"","format":"standard","meta":{"footnotes":""},"categories":[3],"tags":[],"class_list":["post-151","post","type-post","status-publish","format-standard","has-post-thumbnail","hentry","category-wrc"],"aioseo_notices":[],"cc_featured_image_caption":{"caption_text":"Foto: WRC.com","source_text":"","source_url":""},"_links":{"self":[{"href":"https:\/\/www.worldrally.eu\/index.php\/wp-json\/wp\/v2\/posts\/151","targetHints":{"allow":["GET"]}}],"collection":[{"href":"https:\/\/www.worldrally.eu\/index.php\/wp-json\/wp\/v2\/posts"}],"about":[{"href":"https:\/\/www.worldrally.eu\/index.php\/wp-json\/wp\/v2\/types\/post"}],"author":[{"embeddable":true,"href":"https:\/\/www.worldrally.eu\/index.php\/wp-json\/wp\/v2\/users\/2"}],"replies":[{"embeddable":true,"href":"https:\/\/www.worldrally.eu\/index.php\/wp-json\/wp\/v2\/comments?post=151"}],"version-history":[{"count":1,"href":"https:\/\/www.worldrally.eu\/index.php\/wp-json\/wp\/v2\/posts\/151\/revisions"}],"predecessor-version":[{"id":153,"href":"https:\/\/www.worldrally.eu\/index.php\/wp-json\/wp\/v2\/posts\/151\/revisions\/153"}],"wp:featuredmedia":[{"embeddable":true,"href":"https:\/\/www.worldrally.eu\/index.php\/wp-json\/wp\/v2\/media\/152"}],"wp:attachment":[{"href":"https:\/\/www.worldrally.eu\/index.php\/wp-json\/wp\/v2\/media?parent=151"}],"wp:term":[{"taxonomy":"category","embeddable":true,"href":"https:\/\/www.worldrally.eu\/index.php\/wp-json\/wp\/v2\/categories?post=151"},{"taxonomy":"post_tag","embeddable":true,"href":"https:\/\/www.worldrally.eu\/index.php\/wp-json\/wp\/v2\/tags?post=151"}],"curies":[{"name":"wp","href":"https:\/\/api.w.org\/{rel}","templated":true}]}}