{"id":1501,"date":"2023-06-14T14:56:17","date_gmt":"2023-06-14T14:56:17","guid":{"rendered":"https:\/\/www.worldrally.eu\/?p=1501"},"modified":"2023-06-14T14:56:17","modified_gmt":"2023-06-14T14:56:17","slug":"sesks-pelny-skupienia","status":"publish","type":"post","link":"https:\/\/www.worldrally.eu\/index.php\/2023\/06\/14\/sesks-pelny-skupienia\/","title":{"rendered":"Sesks pe\u0142ny skupienia"},"content":{"rendered":"\n<p>M\u0101rti\u1e47\u0161 Sesks ju\u017c w tym tygodniu stanie do walki o powt\u00f3rne zwyci\u0119stwo w swojej domowej rundzie Rajdowych Mistrzostw Europy. <\/p>\n\n\n\n<p>Ten niezwykle utalentowany kierowca pokaza\u0142 ju\u017c podczas 79 Rajdu Polski, \u017ce w tym roku inni kierowcy b\u0119d\u0105 musieli si\u0119 z nim liczy\u0107 czego dowodem by\u0142o zwyci\u0119stwo trzeciej rundy Rajdowych Mistrzostw Europy. 23 latek w ubieg\u0142ym roku wygra\u0142 wszystkie 12 odcink\u00f3w specjalnych podczas Tet Rally Liep\u0101ja i oczywi\u015bcie to on jest kandydatem na powt\u00f3rzenie tego osi\u0105gni\u0119cia.<\/p>\n\n\n\n<blockquote class=\"wp-block-quote is-layout-flow wp-block-quote-is-layout-flow\">\n<p>Przez ostatnie tygodnie by\u0142em w ciszy radiowej, \u017cy\u0142em spokojnie z \u0142atwymi przygotowaniami, pr\u00f3buj\u0105c troch\u0119 si\u0119 ukry\u0107, poniewa\u017c wszyscy m\u00f3wi\u0105, a ja chc\u0119 porozmawia\u0107 o wynikach po wiecu. Jest tylko jedno pytanie z medi\u00f3w i jeden temat i dotyczy [zwyci\u0119stwa]. Trzymam si\u0119 nisko w tej kwestii bez wielkich oczekiwa\u0144. Na pewno damy z siebie wszystko i b\u0119dziemy przygotowywa\u0107 si\u0119 tak jak do ka\u017cdego rajdu. Ale jestem kierowc\u0105 przez ca\u0142y sezon ERC, a to jeden z o\u015bmiu rajd\u00f3w. Musimy szuka\u0107 ca\u0142o\u015bci<\/p>\n<cite>wyja\u015bni\u0142 Sesks<br><\/cite><\/blockquote>\n\n\n\n<figure class=\"wp-block-table\"><table><thead><tr><th>Pos<\/th><th>Driver<\/th><th>Team<\/th><th><img decoding=\"async\" src=\"https:\/\/images.laola1.at\/flaggen\/3PRT_48x32.png\" alt=\"PRT\"><\/th><th><img decoding=\"async\" src=\"https:\/\/images.laola1.at\/flaggen\/3ESP_48x32.png\" alt=\"ESP\"><\/th><th><img decoding=\"async\" src=\"https:\/\/images.laola1.at\/flaggen\/3POL_48x32.png\" alt=\"POL\"><\/th><th><img decoding=\"async\" src=\"https:\/\/images.laola1.at\/flaggen\/3LVA_48x32.png\" alt=\"LVA\"><\/th><th><img decoding=\"async\" src=\"https:\/\/images.laola1.at\/flaggen\/3SWE_48x32.png\" alt=\"SWE\"><\/th><th><img decoding=\"async\" src=\"https:\/\/images.laola1.at\/flaggen\/3ITA_48x32.png\" alt=\"ITA\"><\/th><th><img decoding=\"async\" src=\"https:\/\/images.laola1.at\/flaggen\/3CZE_48x32.png\" alt=\"CZE\"><\/th><th><img decoding=\"async\" src=\"https:\/\/images.laola1.at\/flaggen\/3HUN_48x32.png\" alt=\"HUN\"><\/th><th>Total<\/th><\/tr><\/thead><tbody><tr><td>1<\/td><td><img decoding=\"async\" src=\"https:\/\/images.laola1.at\/flaggen\/3NZL_48x32.png\" alt=\"NZL\"> H. PADDON<\/td><td><img decoding=\"async\" src=\"https:\/\/www.wrc.com\/fileadmin\/images\/manufactors\/Hyundai.png\"><\/td><td>30 + 4<br>(1.)<\/td><td>24<br>(2.)<\/td><td>24 + 3<br>(2.)<\/td><td><\/td><td><\/td><td><\/td><td><\/td><td><\/td><td>85<\/td><\/tr><tr><td>2<\/td><td><img decoding=\"async\" src=\"https:\/\/images.laola1.at\/flaggen\/3LVA_48x32.png\" alt=\"LVA\"> M. SESKS<\/td><td><img decoding=\"async\" src=\"https:\/\/www.wrc.com\/fileadmin\/images\/manufactors\/Skoda.png\"><\/td><td>4 + 1<br>(12.)<\/td><td>11 + 1<br>(8.)<\/td><td>30 + 1<br>(1.)<\/td><td><\/td><td><\/td><td><\/td><td><\/td><td><\/td><td>48<\/td><\/tr><tr><td>3<\/td><td><img decoding=\"async\" src=\"https:\/\/images.laola1.at\/flaggen\/3NOR_48x32.png\" alt=\"NOR\"> M. OSTBERG<\/td><td><img decoding=\"async\" src=\"https:\/\/www.wrc.com\/fileadmin\/images\/manufactors\/Citroen.png\"><\/td><td>24<br>(2.)<\/td><td>&#8211;<br>(-.)<\/td><td>19 + 5<br>(4.)<\/td><td><\/td><td><\/td><td><\/td><td><\/td><td><\/td><td>48<\/td><\/tr><tr><td>4<\/td><td><img decoding=\"async\" src=\"https:\/\/images.laola1.at\/flaggen\/3FRA_48x32.png\" alt=\"FRA\"> Y. BONATO<\/td><td><img decoding=\"async\" src=\"https:\/\/www.wrc.com\/fileadmin\/images\/manufactors\/Citroen.png\"><\/td><td>17<br>(5.)<\/td><td>30<br>(1.)<\/td><td>&#8211;<br>(-.)<\/td><td><\/td><td><\/td><td><\/td><td><\/td><td><\/td><td>47<\/td><\/tr><tr><td>5<\/td><td><img decoding=\"async\" src=\"https:\/\/images.laola1.at\/flaggen\/3ESP_48x32.png\" alt=\"ESP\"> E. LLARENA<\/td><td><img decoding=\"async\" src=\"https:\/\/www.wrc.com\/fileadmin\/images\/manufactors\/Skoda.png\"><\/td><td>13<br>(7.)<\/td><td>21<br>(3.)<\/td><td>7<br>(10.)<\/td><td><\/td><td><\/td><td><\/td><td><\/td><td><\/td><td>41<\/td><\/tr><tr><td>6<\/td><td><img decoding=\"async\" src=\"https:\/\/images.laola1.at\/flaggen\/3POL_48x32.png\" alt=\"POL\"> M. MARCZYK<\/td><td><img decoding=\"async\" src=\"https:\/\/www.wrc.com\/fileadmin\/images\/manufactors\/Skoda.png\"><\/td><td>19<br>(4.)<\/td><td>&#8211;<br>(-.)<\/td><td>21<br>(3.)<\/td><td><\/td><td><\/td><td><\/td><td><\/td><td><\/td><td>40<\/td><\/tr><tr><td>7<\/td><td><img decoding=\"async\" src=\"https:\/\/images.laola1.at\/flaggen\/3FRA_48x32.png\" alt=\"FRA\"> M. FRANCESCHI<\/td><td><img decoding=\"async\" src=\"https:\/\/www.wrc.com\/fileadmin\/images\/manufactors\/Skoda.png\"><\/td><td>2<br>(14.)<\/td><td>15<br>(6.)<\/td><td>15 + 2<br>(6.)<\/td><td><\/td><td><\/td><td><\/td><td><\/td><td><\/td><td>34<\/td><\/tr><tr><td>8<\/td><td><img decoding=\"async\" src=\"https:\/\/images.laola1.at\/flaggen\/3FIN_48x32.png\" alt=\"FIN\"> M. HEIKKIL\u00c4<\/td><td><img decoding=\"async\" src=\"https:\/\/www.wrc.com\/fileadmin\/images\/manufactors\/Skoda.png\"><\/td><td>11<br>(8.)<\/td><td>&#8211;<br>(-.)<\/td><td>17 + 4<br>(5.)<\/td><td><\/td><td><\/td><td><\/td><td><\/td><td><\/td><td>32<\/td><\/tr><tr><td>9<\/td><td><img decoding=\"async\" src=\"https:\/\/images.laola1.at\/flaggen\/3EST_48x32.png\" alt=\"EST\"> G. LINNAM\u00c4E<\/td><td><img decoding=\"async\" src=\"https:\/\/www.wrc.com\/fileadmin\/images\/manufactors\/Hyundai.png\"><\/td><td>21 + 3<br>(3.)<\/td><td>&#8211;<br>(-.)<\/td><td>&#8211;<br>(-.)<\/td><td><\/td><td><\/td><td><\/td><td><\/td><td><\/td><td>24<\/td><\/tr><tr><td>10<\/td><td><img decoding=\"async\" src=\"https:\/\/images.laola1.at\/flaggen\/3AUT_48x32.png\" alt=\"AUT\"> S. WAGNER<\/td><td><img decoding=\"async\" src=\"https:\/\/www.wrc.com\/fileadmin\/images\/manufactors\/Skoda.png\"><\/td><td>&#8211;<br>(-.)<\/td><td>17 + 4<br>(5.)<\/td><td>&#8211;<br>(-.)<\/td><td><\/td><td><\/td><td><\/td><td><\/td><td><\/td><td>21<\/td><\/tr><\/tbody><\/table><\/figure>\n\n\n\n<p><\/p>\n","protected":false},"excerpt":{"rendered":"<p>M\u0101rti\u1e47\u0161 Sesks ju\u017c w tym tygodniu stanie do walki o powt\u00f3rne zwyci\u0119stwo w swojej domowej rundzie Rajdowych Mistrzostw Europy. Ten niezwykle utalentowany kierowca pokaza\u0142 ju\u017c podczas 79 Rajdu Polski, \u017ce w tym roku inni kierowcy b\u0119d\u0105 musieli si\u0119 z nim liczy\u0107 czego dowodem by\u0142o zwyci\u0119stwo trzeciej rundy Rajdowych Mistrzostw Europy. 23 latek w ubieg\u0142ym roku [&hellip;]<\/p>\n","protected":false},"author":2,"featured_media":1502,"comment_status":"closed","ping_status":"closed","sticky":false,"template":"","format":"standard","meta":{"footnotes":""},"categories":[4],"tags":[],"class_list":["post-1501","post","type-post","status-publish","format-standard","has-post-thumbnail","hentry","category-erc"],"aioseo_notices":[],"cc_featured_image_caption":{"caption_text":"Foto - PhotoMS","source_text":"","source_url":""},"_links":{"self":[{"href":"https:\/\/www.worldrally.eu\/index.php\/wp-json\/wp\/v2\/posts\/1501","targetHints":{"allow":["GET"]}}],"collection":[{"href":"https:\/\/www.worldrally.eu\/index.php\/wp-json\/wp\/v2\/posts"}],"about":[{"href":"https:\/\/www.worldrally.eu\/index.php\/wp-json\/wp\/v2\/types\/post"}],"author":[{"embeddable":true,"href":"https:\/\/www.worldrally.eu\/index.php\/wp-json\/wp\/v2\/users\/2"}],"replies":[{"embeddable":true,"href":"https:\/\/www.worldrally.eu\/index.php\/wp-json\/wp\/v2\/comments?post=1501"}],"version-history":[{"count":1,"href":"https:\/\/www.worldrally.eu\/index.php\/wp-json\/wp\/v2\/posts\/1501\/revisions"}],"predecessor-version":[{"id":1503,"href":"https:\/\/www.worldrally.eu\/index.php\/wp-json\/wp\/v2\/posts\/1501\/revisions\/1503"}],"wp:featuredmedia":[{"embeddable":true,"href":"https:\/\/www.worldrally.eu\/index.php\/wp-json\/wp\/v2\/media\/1502"}],"wp:attachment":[{"href":"https:\/\/www.worldrally.eu\/index.php\/wp-json\/wp\/v2\/media?parent=1501"}],"wp:term":[{"taxonomy":"category","embeddable":true,"href":"https:\/\/www.worldrally.eu\/index.php\/wp-json\/wp\/v2\/categories?post=1501"},{"taxonomy":"post_tag","embeddable":true,"href":"https:\/\/www.worldrally.eu\/index.php\/wp-json\/wp\/v2\/tags?post=1501"}],"curies":[{"name":"wp","href":"https:\/\/api.w.org\/{rel}","templated":true}]}}