{"id":147,"date":"2023-02-07T18:27:52","date_gmt":"2023-02-07T18:27:52","guid":{"rendered":"https:\/\/www.worldrally.eu\/?p=147"},"modified":"2023-02-07T18:27:52","modified_gmt":"2023-02-07T18:27:52","slug":"mocna-obsada-w-wrc3","status":"publish","type":"post","link":"https:\/\/www.worldrally.eu\/index.php\/2023\/02\/07\/mocna-obsada-w-wrc3\/","title":{"rendered":"Mocna obsada w WRC3"},"content":{"rendered":"\n<p>Prawdziwie mocny mi\u0119dzynarodowy sk\u0142ad sk\u0142adaj\u0105cy si\u0119 z 10 utalentowanych za\u0142\u00f3g b\u0119dzie rywalizowa\u0142 o zwyci\u0119stwo w kategorii WRC3 podczas Rajdu Szwecji, kt\u00f3ry rozpoczyna si\u0119 w tym tygodniu 9-go lutego.<\/p>\n\n\n\n<p>Wielu zawodnik\u00f3w wykorzystywa\u0142o okazje do treningu przed drug\u0105 eliminacj\u0105 Mistrzostw \u015awiata  startuj\u0105c w mniejszych zawodach odbywaj\u0105cych si\u0119 na bia\u0142ej nawierzchni. Jednym z nich by\u0142a irlandzka za\u0142oga William Creighton \/ Liam Regan, kt\u00f3rzy to brali udzia\u0142 w Mistrzostwach Szwecji zajmuj\u0105c doskonale drugie miejsce w swojej grupie zdobywaj\u0105c tym samym du\u017co nowego do\u015bwiadczenia.<\/p>\n\n\n\n<figure class=\"wp-block-image size-large\"><img fetchpriority=\"high\" decoding=\"async\" width=\"1024\" height=\"683\" src=\"https:\/\/www.worldrally.eu\/wp-content\/uploads\/2023\/02\/33-1024x683.jpg\" alt=\"\" class=\"wp-image-149\" srcset=\"https:\/\/www.worldrally.eu\/wp-content\/uploads\/2023\/02\/33-1024x683.jpg 1024w, https:\/\/www.worldrally.eu\/wp-content\/uploads\/2023\/02\/33-300x200.jpg 300w, https:\/\/www.worldrally.eu\/wp-content\/uploads\/2023\/02\/33-768x512.jpg 768w, https:\/\/www.worldrally.eu\/wp-content\/uploads\/2023\/02\/33-1536x1024.jpg 1536w, https:\/\/www.worldrally.eu\/wp-content\/uploads\/2023\/02\/33-446x297.jpg 446w, https:\/\/www.worldrally.eu\/wp-content\/uploads\/2023\/02\/33.jpg 1620w\" sizes=\"(max-width: 1024px) 100vw, 1024px\" \/><figcaption class=\"wp-element-caption\">Foto PhotoMS \/ Adam Owczarek<\/figcaption><\/figure>\n\n\n\n<figure class=\"wp-block-table\"><table><tbody><tr><td>49<\/td><td>Roope Korhonen<\/td><td>Anssi Viinikka<\/td><td>Ford Fiesta Rally3<\/td><\/tr><tr><td>50<\/td><td>William Creighton*<\/td><td>Liam Regan<\/td><td>Ford Fiesta Rally3<\/td><\/tr><tr><td>52<\/td><td>Laurent Pellier*<\/td><td>Marine Pelamourgues<\/td><td>Ford Fiesta Rally3<\/td><\/tr><tr><td>53<\/td><td>Toni Herranen<\/td><td>Mikko Lukka<\/td><td>Ford Fiesta Rally3<\/td><\/tr><tr><td>54<\/td><td>Diego Dominguez*<\/td><td>Rogelio Pe\u00f1ate<\/td><td>Ford Fiesta Rally3<\/td><\/tr><tr><td>55<\/td><td>Jesse Kallio<\/td><td>Jussi Lindberg<\/td><td>Ford Fiesta Rally3<\/td><\/tr><tr><td>56<\/td><td>Eamonn Kelly*<\/td><td>Conor Mohan<\/td><td>Ford Fiesta Rally3<\/td><\/tr><tr><td>57<\/td><td>Filip Kohn<\/td><td>Tom\u00e1\u0161 St\u0159eska<\/td><td>Ford Fiesta Rally3<\/td><\/tr><tr><td>59<\/td><td>Tom Rensonnet*<\/td><td>Lo\u00efc Dumont<\/td><td>Ford Fiesta Rally3<\/td><\/tr><tr><td>61<\/td><td>Hamza Anwar*<\/td><td>Adnan Din<\/td><td>Ford Fiesta Rally3<\/td><\/tr><\/tbody><\/table><figcaption class=\"wp-element-caption\">WRC.com<\/figcaption><\/figure>\n\n\n\n<p>*Oznacza kierowc\u0119 zarejestrowanego r\u00f3wnie\u017c na punkty FIA Junior WRC<\/p>\n","protected":false},"excerpt":{"rendered":"<p>Prawdziwie mocny mi\u0119dzynarodowy sk\u0142ad sk\u0142adaj\u0105cy si\u0119 z 10 utalentowanych za\u0142\u00f3g b\u0119dzie rywalizowa\u0142 o zwyci\u0119stwo w kategorii WRC3 podczas Rajdu Szwecji, kt\u00f3ry rozpoczyna si\u0119 w tym tygodniu 9-go lutego. Wielu zawodnik\u00f3w wykorzystywa\u0142o okazje do treningu przed drug\u0105 eliminacj\u0105 Mistrzostw \u015awiata startuj\u0105c w mniejszych zawodach odbywaj\u0105cych si\u0119 na bia\u0142ej nawierzchni. Jednym z nich by\u0142a irlandzka za\u0142oga William [&hellip;]<\/p>\n","protected":false},"author":1,"featured_media":148,"comment_status":"closed","ping_status":"closed","sticky":false,"template":"","format":"standard","meta":{"footnotes":""},"categories":[3],"tags":[],"class_list":["post-147","post","type-post","status-publish","format-standard","has-post-thumbnail","hentry","category-wrc"],"aioseo_notices":[],"cc_featured_image_caption":{"caption_text":"Foto: PhotoMS \/ Adam Owczarek","source_text":"","source_url":""},"_links":{"self":[{"href":"https:\/\/www.worldrally.eu\/index.php\/wp-json\/wp\/v2\/posts\/147","targetHints":{"allow":["GET"]}}],"collection":[{"href":"https:\/\/www.worldrally.eu\/index.php\/wp-json\/wp\/v2\/posts"}],"about":[{"href":"https:\/\/www.worldrally.eu\/index.php\/wp-json\/wp\/v2\/types\/post"}],"author":[{"embeddable":true,"href":"https:\/\/www.worldrally.eu\/index.php\/wp-json\/wp\/v2\/users\/1"}],"replies":[{"embeddable":true,"href":"https:\/\/www.worldrally.eu\/index.php\/wp-json\/wp\/v2\/comments?post=147"}],"version-history":[{"count":1,"href":"https:\/\/www.worldrally.eu\/index.php\/wp-json\/wp\/v2\/posts\/147\/revisions"}],"predecessor-version":[{"id":150,"href":"https:\/\/www.worldrally.eu\/index.php\/wp-json\/wp\/v2\/posts\/147\/revisions\/150"}],"wp:featuredmedia":[{"embeddable":true,"href":"https:\/\/www.worldrally.eu\/index.php\/wp-json\/wp\/v2\/media\/148"}],"wp:attachment":[{"href":"https:\/\/www.worldrally.eu\/index.php\/wp-json\/wp\/v2\/media?parent=147"}],"wp:term":[{"taxonomy":"category","embeddable":true,"href":"https:\/\/www.worldrally.eu\/index.php\/wp-json\/wp\/v2\/categories?post=147"},{"taxonomy":"post_tag","embeddable":true,"href":"https:\/\/www.worldrally.eu\/index.php\/wp-json\/wp\/v2\/tags?post=147"}],"curies":[{"name":"wp","href":"https:\/\/api.w.org\/{rel}","templated":true}]}}