{"id":1424,"date":"2023-05-29T19:27:00","date_gmt":"2023-05-29T19:27:00","guid":{"rendered":"https:\/\/www.worldrally.eu\/?p=1424"},"modified":"2023-06-06T19:34:25","modified_gmt":"2023-06-06T19:34:25","slug":"franceschi-rajd-polski-to-moj-ulubiony","status":"publish","type":"post","link":"https:\/\/www.worldrally.eu\/index.php\/2023\/05\/29\/franceschi-rajd-polski-to-moj-ulubiony\/","title":{"rendered":"Franceschi, Rajd Polski to m\u00f3j ulubiony"},"content":{"rendered":"\n<p class=\"wp-block-paragraph\">Mathieu Franceschi sam sobie sprawi\u0142 prezent i uczci\u0142 swoje 24 urodziny, prezentuj\u0105c potencja\u0142 zdobywaj\u0105c punkty w Power Stage i zajmuj\u0105c sz\u00f3ste miejsce w ORLEN 79. Rajdzie Polski. Awansuj\u0105c do Rajdowych Mistrzostw Europy FIA w 2023 roku jako francuski mistrz szutrowy. Franceschi dysponuje najnowszym modelem Skoda Fabia Rally2 Evo przygotowan\u0105 przez firm\u0119 AMD Motorsport.<\/p>\n\n\n\n<blockquote class=\"wp-block-quote is-layout-flow wp-block-quote-is-layout-flow\">\n<p class=\"wp-block-paragraph\">To by\u0142 naprawd\u0119 dobry rajd. Przede wszystkim to m\u00f3j ulubiony rajd w kalendarzu, wi\u0119c mi\u0142o jest zobaczy\u0107 met\u0119 i mo\u017cemy zobaczy\u0107 wiele dobrych rzeczy na przysz\u0142o\u015b\u0107. Mamy dobr\u0105 pr\u0119dko\u015b\u0107, czasem mniej, czasem wi\u0119cej, i zobaczymy, czy mo\u017cemy by\u0107 silniejsi. Ale mam specjalny prezent, bo dzisiaj s\u0105 moje urodziny i zdobywam pierwsze punkty na Power Stage, wi\u0119c jestem szcz\u0119\u015bliwy.<\/p>\n<cite>powiedzia\u0142 Franceschi<\/cite><\/blockquote>\n\n\n\n<figure class=\"wp-block-image size-large\"><img fetchpriority=\"high\" decoding=\"async\" width=\"1024\" height=\"683\" src=\"https:\/\/www.worldrally.eu\/wp-content\/uploads\/2023\/06\/79-Rally-Poland-2023-Photo-Adam-Owczarek-PhotoMS.se-84-1024x683.jpg\" alt=\"\" class=\"wp-image-1426\" srcset=\"https:\/\/www.worldrally.eu\/wp-content\/uploads\/2023\/06\/79-Rally-Poland-2023-Photo-Adam-Owczarek-PhotoMS.se-84-1024x683.jpg 1024w, https:\/\/www.worldrally.eu\/wp-content\/uploads\/2023\/06\/79-Rally-Poland-2023-Photo-Adam-Owczarek-PhotoMS.se-84-300x200.jpg 300w, https:\/\/www.worldrally.eu\/wp-content\/uploads\/2023\/06\/79-Rally-Poland-2023-Photo-Adam-Owczarek-PhotoMS.se-84-768x512.jpg 768w, https:\/\/www.worldrally.eu\/wp-content\/uploads\/2023\/06\/79-Rally-Poland-2023-Photo-Adam-Owczarek-PhotoMS.se-84-1536x1024.jpg 1536w, https:\/\/www.worldrally.eu\/wp-content\/uploads\/2023\/06\/79-Rally-Poland-2023-Photo-Adam-Owczarek-PhotoMS.se-84-446x297.jpg 446w, https:\/\/www.worldrally.eu\/wp-content\/uploads\/2023\/06\/79-Rally-Poland-2023-Photo-Adam-Owczarek-PhotoMS.se-84.jpg 1620w\" sizes=\"(max-width: 1024px) 100vw, 1024px\" \/><figcaption class=\"wp-element-caption\">Foto &#8211; PhotoMS<\/figcaption><\/figure>\n\n\n\n<blockquote class=\"wp-block-quote is-layout-flow wp-block-quote-is-layout-flow\">\n<p class=\"wp-block-paragraph\">Polska ma dla mnie najlepsze sceny na \u015bwiecie. We Francji nie mamy tych szybkich odcink\u00f3w i skok\u00f3w. We Francji jak jedziemy na pi\u0105tym biegu to jest spoko, ale w Polsce ca\u0142y czas je\u017adzimy na pi\u0105tym biegu i dlatego kocham ten rajd. Po prostu stara\u0142em si\u0119 by\u0107 czysty i dawa\u0107 z siebie wszystko. I wreszcie fajnie jest mie\u0107 troch\u0119 punkt\u00f3w Power Stage<\/p>\n<cite>doda\u0142<\/cite><\/blockquote>\n","protected":false},"excerpt":{"rendered":"<p>Mathieu Franceschi sam sobie sprawi\u0142 prezent i uczci\u0142 swoje 24 urodziny, prezentuj\u0105c potencja\u0142 zdobywaj\u0105c punkty w Power Stage i zajmuj\u0105c sz\u00f3ste miejsce w ORLEN 79. Rajdzie Polski. Awansuj\u0105c do Rajdowych Mistrzostw Europy FIA w 2023 roku jako francuski mistrz szutrowy. Franceschi dysponuje najnowszym modelem Skoda Fabia Rally2 Evo przygotowan\u0105 przez firm\u0119 AMD Motorsport. To by\u0142 [&hellip;]<\/p>\n","protected":false},"author":4,"featured_media":1425,"comment_status":"closed","ping_status":"closed","sticky":false,"template":"","format":"standard","meta":{"_monsterinsights_skip_tracking":false,"_monsterinsights_sitenote_active":false,"_monsterinsights_sitenote_note":"","_monsterinsights_sitenote_category":0,"footnotes":""},"categories":[4],"tags":[],"class_list":["post-1424","post","type-post","status-publish","format-standard","has-post-thumbnail","hentry","category-erc"],"aioseo_notices":[],"aioseo_head":"\n\t\t<!-- All in One SEO 4.9.9 - aioseo.com -->\n\t<meta name=\"description\" content=\"Mathieu Franceschi sam sobie sprawi\u0142 prezent i uczci\u0142 swoje 24 urodziny, prezentuj\u0105c potencja\u0142 zdobywaj\u0105c punkty w Power Stage i zajmuj\u0105c sz\u00f3ste miejsce w ORLEN 79. Rajdzie Polski. Awansuj\u0105c do Rajdowych Mistrzostw Europy FIA w 2023 roku jako francuski mistrz szutrowy. Franceschi dysponuje najnowszym modelem Skoda Fabia Rally2 Evo przygotowan\u0105 przez firm\u0119 AMD Motorsport. To by\u0142\" \/>\n\t<meta name=\"robots\" content=\"max-image-preview:large\" \/>\n\t<meta name=\"author\" content=\"Slawek\"\/>\n\t<link rel=\"canonical\" href=\"https:\/\/www.worldrally.eu\/index.php\/2023\/05\/29\/franceschi-rajd-polski-to-moj-ulubiony\/\" \/>\n\t<meta name=\"generator\" content=\"All in One SEO (AIOSEO) 4.9.9\" \/>\n\t\t<meta property=\"og:locale\" content=\"en_GB\" \/>\n\t\t<meta property=\"og:site_name\" content=\"WorldRally.eu \u00bb\" \/>\n\t\t<meta property=\"og:type\" content=\"article\" \/>\n\t\t<meta property=\"og:title\" content=\"Franceschi, Rajd Polski to m\u00f3j ulubiony \u00bb WorldRally.eu\" \/>\n\t\t<meta property=\"og:description\" content=\"Mathieu Franceschi sam sobie sprawi\u0142 prezent i uczci\u0142 swoje 24 urodziny, prezentuj\u0105c potencja\u0142 zdobywaj\u0105c punkty w Power Stage i zajmuj\u0105c sz\u00f3ste miejsce w ORLEN 79. Rajdzie Polski. Awansuj\u0105c do Rajdowych Mistrzostw Europy FIA w 2023 roku jako francuski mistrz szutrowy. Franceschi dysponuje najnowszym modelem Skoda Fabia Rally2 Evo przygotowan\u0105 przez firm\u0119 AMD Motorsport. To by\u0142\" \/>\n\t\t<meta property=\"og:url\" content=\"https:\/\/www.worldrally.eu\/index.php\/2023\/05\/29\/franceschi-rajd-polski-to-moj-ulubiony\/\" \/>\n\t\t<meta property=\"og:image\" content=\"https:\/\/www.worldrally.eu\/wp-content\/uploads\/2023\/06\/79-Rally-Poland-2023-Photo-Adam-Owczarek-PhotoMS.se-52.jpg\" \/>\n\t\t<meta property=\"og:image:secure_url\" content=\"https:\/\/www.worldrally.eu\/wp-content\/uploads\/2023\/06\/79-Rally-Poland-2023-Photo-Adam-Owczarek-PhotoMS.se-52.jpg\" \/>\n\t\t<meta property=\"og:image:width\" content=\"1620\" \/>\n\t\t<meta property=\"og:image:height\" content=\"1080\" \/>\n\t\t<meta property=\"article:published_time\" content=\"2023-05-29T19:27:00+00:00\" \/>\n\t\t<meta property=\"article:modified_time\" content=\"2023-06-06T19:34:25+00:00\" \/>\n\t\t<meta name=\"twitter:card\" content=\"summary_large_image\" \/>\n\t\t<meta name=\"twitter:title\" content=\"Franceschi, Rajd Polski to m\u00f3j ulubiony \u00bb WorldRally.eu\" \/>\n\t\t<meta name=\"twitter:description\" content=\"Mathieu Franceschi sam sobie sprawi\u0142 prezent i uczci\u0142 swoje 24 urodziny, prezentuj\u0105c potencja\u0142 zdobywaj\u0105c punkty w Power Stage i zajmuj\u0105c sz\u00f3ste miejsce w ORLEN 79. Rajdzie Polski. Awansuj\u0105c do Rajdowych Mistrzostw Europy FIA w 2023 roku jako francuski mistrz szutrowy. Franceschi dysponuje najnowszym modelem Skoda Fabia Rally2 Evo przygotowan\u0105 przez firm\u0119 AMD Motorsport. To by\u0142\" \/>\n\t\t<meta name=\"twitter:image\" content=\"https:\/\/www.worldrally.eu\/wp-content\/uploads\/2023\/06\/79-Rally-Poland-2023-Photo-Adam-Owczarek-PhotoMS.se-52.jpg\" \/>\n\t\t<script type=\"application\/ld+json\" class=\"aioseo-schema\">\n\t\t\t{\"@context\":\"https:\\\/\\\/schema.org\",\"@graph\":[{\"@type\":\"BlogPosting\",\"@id\":\"https:\\\/\\\/www.worldrally.eu\\\/index.php\\\/2023\\\/05\\\/29\\\/franceschi-rajd-polski-to-moj-ulubiony\\\/#blogposting\",\"name\":\"Franceschi, Rajd Polski to m\\u00f3j ulubiony \\u00bb WorldRally.eu\",\"headline\":\"Franceschi, Rajd Polski to m\\u00f3j ulubiony\",\"author\":{\"@id\":\"https:\\\/\\\/www.worldrally.eu\\\/index.php\\\/author\\\/slawek\\\/#author\"},\"publisher\":{\"@id\":\"https:\\\/\\\/www.worldrally.eu\\\/#organization\"},\"image\":{\"@type\":\"ImageObject\",\"url\":\"https:\\\/\\\/www.worldrally.eu\\\/wp-content\\\/uploads\\\/2023\\\/06\\\/79-Rally-Poland-2023-Photo-Adam-Owczarek-PhotoMS.se-52.jpg\",\"width\":1620,\"height\":1080},\"datePublished\":\"2023-05-29T19:27:00+00:00\",\"dateModified\":\"2023-06-06T19:34:25+00:00\",\"inLanguage\":\"en-GB\",\"mainEntityOfPage\":{\"@id\":\"https:\\\/\\\/www.worldrally.eu\\\/index.php\\\/2023\\\/05\\\/29\\\/franceschi-rajd-polski-to-moj-ulubiony\\\/#webpage\"},\"isPartOf\":{\"@id\":\"https:\\\/\\\/www.worldrally.eu\\\/index.php\\\/2023\\\/05\\\/29\\\/franceschi-rajd-polski-to-moj-ulubiony\\\/#webpage\"},\"articleSection\":\"ERC\"},{\"@type\":\"BreadcrumbList\",\"@id\":\"https:\\\/\\\/www.worldrally.eu\\\/index.php\\\/2023\\\/05\\\/29\\\/franceschi-rajd-polski-to-moj-ulubiony\\\/#breadcrumblist\",\"itemListElement\":[{\"@type\":\"ListItem\",\"@id\":\"https:\\\/\\\/www.worldrally.eu#listItem\",\"position\":1,\"name\":\"Home\",\"item\":\"https:\\\/\\\/www.worldrally.eu\",\"nextItem\":{\"@type\":\"ListItem\",\"@id\":\"https:\\\/\\\/www.worldrally.eu\\\/index.php\\\/category\\\/erc\\\/#listItem\",\"name\":\"ERC\"}},{\"@type\":\"ListItem\",\"@id\":\"https:\\\/\\\/www.worldrally.eu\\\/index.php\\\/category\\\/erc\\\/#listItem\",\"position\":2,\"name\":\"ERC\",\"item\":\"https:\\\/\\\/www.worldrally.eu\\\/index.php\\\/category\\\/erc\\\/\",\"nextItem\":{\"@type\":\"ListItem\",\"@id\":\"https:\\\/\\\/www.worldrally.eu\\\/index.php\\\/2023\\\/05\\\/29\\\/franceschi-rajd-polski-to-moj-ulubiony\\\/#listItem\",\"name\":\"Franceschi, Rajd Polski to m\\u00f3j ulubiony\"},\"previousItem\":{\"@type\":\"ListItem\",\"@id\":\"https:\\\/\\\/www.worldrally.eu#listItem\",\"name\":\"Home\"}},{\"@type\":\"ListItem\",\"@id\":\"https:\\\/\\\/www.worldrally.eu\\\/index.php\\\/2023\\\/05\\\/29\\\/franceschi-rajd-polski-to-moj-ulubiony\\\/#listItem\",\"position\":3,\"name\":\"Franceschi, Rajd Polski to m\\u00f3j ulubiony\",\"previousItem\":{\"@type\":\"ListItem\",\"@id\":\"https:\\\/\\\/www.worldrally.eu\\\/index.php\\\/category\\\/erc\\\/#listItem\",\"name\":\"ERC\"}}]},{\"@type\":\"Organization\",\"@id\":\"https:\\\/\\\/www.worldrally.eu\\\/#organization\",\"name\":\"WorldRally.eu\",\"url\":\"https:\\\/\\\/www.worldrally.eu\\\/\",\"logo\":{\"@type\":\"ImageObject\",\"url\":\"https:\\\/\\\/www.worldrally.eu\\\/wp-content\\\/uploads\\\/2026\\\/01\\\/cropped-logo-3.png\",\"@id\":\"https:\\\/\\\/www.worldrally.eu\\\/index.php\\\/2023\\\/05\\\/29\\\/franceschi-rajd-polski-to-moj-ulubiony\\\/#organizationLogo\",\"width\":2039,\"height\":756},\"image\":{\"@id\":\"https:\\\/\\\/www.worldrally.eu\\\/index.php\\\/2023\\\/05\\\/29\\\/franceschi-rajd-polski-to-moj-ulubiony\\\/#organizationLogo\"}},{\"@type\":\"Person\",\"@id\":\"https:\\\/\\\/www.worldrally.eu\\\/index.php\\\/author\\\/slawek\\\/#author\",\"url\":\"https:\\\/\\\/www.worldrally.eu\\\/index.php\\\/author\\\/slawek\\\/\",\"name\":\"Slawek\",\"image\":{\"@type\":\"ImageObject\",\"@id\":\"https:\\\/\\\/www.worldrally.eu\\\/index.php\\\/2023\\\/05\\\/29\\\/franceschi-rajd-polski-to-moj-ulubiony\\\/#authorImage\",\"url\":\"https:\\\/\\\/secure.gravatar.com\\\/avatar\\\/69f360f7dae72083ae4bc4ab808684e60db7862f2a4c55f482a5c339df672fd5?s=96&d=mm&r=g\",\"width\":96,\"height\":96,\"caption\":\"Slawek\"}},{\"@type\":\"WebPage\",\"@id\":\"https:\\\/\\\/www.worldrally.eu\\\/index.php\\\/2023\\\/05\\\/29\\\/franceschi-rajd-polski-to-moj-ulubiony\\\/#webpage\",\"url\":\"https:\\\/\\\/www.worldrally.eu\\\/index.php\\\/2023\\\/05\\\/29\\\/franceschi-rajd-polski-to-moj-ulubiony\\\/\",\"name\":\"Franceschi, Rajd Polski to m\\u00f3j ulubiony \\u00bb WorldRally.eu\",\"description\":\"Mathieu Franceschi sam sobie sprawi\\u0142 prezent i uczci\\u0142 swoje 24 urodziny, prezentuj\\u0105c potencja\\u0142 zdobywaj\\u0105c punkty w Power Stage i zajmuj\\u0105c sz\\u00f3ste miejsce w ORLEN 79. Rajdzie Polski. Awansuj\\u0105c do Rajdowych Mistrzostw Europy FIA w 2023 roku jako francuski mistrz szutrowy. Franceschi dysponuje najnowszym modelem Skoda Fabia Rally2 Evo przygotowan\\u0105 przez firm\\u0119 AMD Motorsport. To by\\u0142\",\"inLanguage\":\"en-GB\",\"isPartOf\":{\"@id\":\"https:\\\/\\\/www.worldrally.eu\\\/#website\"},\"breadcrumb\":{\"@id\":\"https:\\\/\\\/www.worldrally.eu\\\/index.php\\\/2023\\\/05\\\/29\\\/franceschi-rajd-polski-to-moj-ulubiony\\\/#breadcrumblist\"},\"author\":{\"@id\":\"https:\\\/\\\/www.worldrally.eu\\\/index.php\\\/author\\\/slawek\\\/#author\"},\"creator\":{\"@id\":\"https:\\\/\\\/www.worldrally.eu\\\/index.php\\\/author\\\/slawek\\\/#author\"},\"image\":{\"@type\":\"ImageObject\",\"url\":\"https:\\\/\\\/www.worldrally.eu\\\/wp-content\\\/uploads\\\/2023\\\/06\\\/79-Rally-Poland-2023-Photo-Adam-Owczarek-PhotoMS.se-52.jpg\",\"@id\":\"https:\\\/\\\/www.worldrally.eu\\\/index.php\\\/2023\\\/05\\\/29\\\/franceschi-rajd-polski-to-moj-ulubiony\\\/#mainImage\",\"width\":1620,\"height\":1080},\"primaryImageOfPage\":{\"@id\":\"https:\\\/\\\/www.worldrally.eu\\\/index.php\\\/2023\\\/05\\\/29\\\/franceschi-rajd-polski-to-moj-ulubiony\\\/#mainImage\"},\"datePublished\":\"2023-05-29T19:27:00+00:00\",\"dateModified\":\"2023-06-06T19:34:25+00:00\"},{\"@type\":\"WebSite\",\"@id\":\"https:\\\/\\\/www.worldrally.eu\\\/#website\",\"url\":\"https:\\\/\\\/www.worldrally.eu\\\/\",\"name\":\"WorldRally.eu\",\"inLanguage\":\"en-GB\",\"publisher\":{\"@id\":\"https:\\\/\\\/www.worldrally.eu\\\/#organization\"}}]}\n\t\t<\/script>\n\t\t<!-- All in One SEO -->\n\n","aioseo_head_json":{"title":"Franceschi, Rajd Polski to m\u00f3j ulubiony \u00bb WorldRally.eu","description":"Mathieu Franceschi sam sobie sprawi\u0142 prezent i uczci\u0142 swoje 24 urodziny, prezentuj\u0105c potencja\u0142 zdobywaj\u0105c punkty w Power Stage i zajmuj\u0105c sz\u00f3ste miejsce w ORLEN 79. Rajdzie Polski. Awansuj\u0105c do Rajdowych Mistrzostw Europy FIA w 2023 roku jako francuski mistrz szutrowy. Franceschi dysponuje najnowszym modelem Skoda Fabia Rally2 Evo przygotowan\u0105 przez firm\u0119 AMD Motorsport. To by\u0142","canonical_url":"https:\/\/www.worldrally.eu\/index.php\/2023\/05\/29\/franceschi-rajd-polski-to-moj-ulubiony\/","robots":"max-image-preview:large","keywords":"","webmasterTools":{"miscellaneous":""},"schema":{"@context":"https:\/\/schema.org","@graph":[{"@type":"BlogPosting","@id":"https:\/\/www.worldrally.eu\/index.php\/2023\/05\/29\/franceschi-rajd-polski-to-moj-ulubiony\/#blogposting","name":"Franceschi, Rajd Polski to m\u00f3j ulubiony \u00bb WorldRally.eu","headline":"Franceschi, Rajd Polski to m\u00f3j ulubiony","author":{"@id":"https:\/\/www.worldrally.eu\/index.php\/author\/slawek\/#author"},"publisher":{"@id":"https:\/\/www.worldrally.eu\/#organization"},"image":{"@type":"ImageObject","url":"https:\/\/www.worldrally.eu\/wp-content\/uploads\/2023\/06\/79-Rally-Poland-2023-Photo-Adam-Owczarek-PhotoMS.se-52.jpg","width":1620,"height":1080},"datePublished":"2023-05-29T19:27:00+00:00","dateModified":"2023-06-06T19:34:25+00:00","inLanguage":"en-GB","mainEntityOfPage":{"@id":"https:\/\/www.worldrally.eu\/index.php\/2023\/05\/29\/franceschi-rajd-polski-to-moj-ulubiony\/#webpage"},"isPartOf":{"@id":"https:\/\/www.worldrally.eu\/index.php\/2023\/05\/29\/franceschi-rajd-polski-to-moj-ulubiony\/#webpage"},"articleSection":"ERC"},{"@type":"BreadcrumbList","@id":"https:\/\/www.worldrally.eu\/index.php\/2023\/05\/29\/franceschi-rajd-polski-to-moj-ulubiony\/#breadcrumblist","itemListElement":[{"@type":"ListItem","@id":"https:\/\/www.worldrally.eu#listItem","position":1,"name":"Home","item":"https:\/\/www.worldrally.eu","nextItem":{"@type":"ListItem","@id":"https:\/\/www.worldrally.eu\/index.php\/category\/erc\/#listItem","name":"ERC"}},{"@type":"ListItem","@id":"https:\/\/www.worldrally.eu\/index.php\/category\/erc\/#listItem","position":2,"name":"ERC","item":"https:\/\/www.worldrally.eu\/index.php\/category\/erc\/","nextItem":{"@type":"ListItem","@id":"https:\/\/www.worldrally.eu\/index.php\/2023\/05\/29\/franceschi-rajd-polski-to-moj-ulubiony\/#listItem","name":"Franceschi, Rajd Polski to m\u00f3j ulubiony"},"previousItem":{"@type":"ListItem","@id":"https:\/\/www.worldrally.eu#listItem","name":"Home"}},{"@type":"ListItem","@id":"https:\/\/www.worldrally.eu\/index.php\/2023\/05\/29\/franceschi-rajd-polski-to-moj-ulubiony\/#listItem","position":3,"name":"Franceschi, Rajd Polski to m\u00f3j ulubiony","previousItem":{"@type":"ListItem","@id":"https:\/\/www.worldrally.eu\/index.php\/category\/erc\/#listItem","name":"ERC"}}]},{"@type":"Organization","@id":"https:\/\/www.worldrally.eu\/#organization","name":"WorldRally.eu","url":"https:\/\/www.worldrally.eu\/","logo":{"@type":"ImageObject","url":"https:\/\/www.worldrally.eu\/wp-content\/uploads\/2026\/01\/cropped-logo-3.png","@id":"https:\/\/www.worldrally.eu\/index.php\/2023\/05\/29\/franceschi-rajd-polski-to-moj-ulubiony\/#organizationLogo","width":2039,"height":756},"image":{"@id":"https:\/\/www.worldrally.eu\/index.php\/2023\/05\/29\/franceschi-rajd-polski-to-moj-ulubiony\/#organizationLogo"}},{"@type":"Person","@id":"https:\/\/www.worldrally.eu\/index.php\/author\/slawek\/#author","url":"https:\/\/www.worldrally.eu\/index.php\/author\/slawek\/","name":"Slawek","image":{"@type":"ImageObject","@id":"https:\/\/www.worldrally.eu\/index.php\/2023\/05\/29\/franceschi-rajd-polski-to-moj-ulubiony\/#authorImage","url":"https:\/\/secure.gravatar.com\/avatar\/69f360f7dae72083ae4bc4ab808684e60db7862f2a4c55f482a5c339df672fd5?s=96&d=mm&r=g","width":96,"height":96,"caption":"Slawek"}},{"@type":"WebPage","@id":"https:\/\/www.worldrally.eu\/index.php\/2023\/05\/29\/franceschi-rajd-polski-to-moj-ulubiony\/#webpage","url":"https:\/\/www.worldrally.eu\/index.php\/2023\/05\/29\/franceschi-rajd-polski-to-moj-ulubiony\/","name":"Franceschi, Rajd Polski to m\u00f3j ulubiony \u00bb WorldRally.eu","description":"Mathieu Franceschi sam sobie sprawi\u0142 prezent i uczci\u0142 swoje 24 urodziny, prezentuj\u0105c potencja\u0142 zdobywaj\u0105c punkty w Power Stage i zajmuj\u0105c sz\u00f3ste miejsce w ORLEN 79. Rajdzie Polski. Awansuj\u0105c do Rajdowych Mistrzostw Europy FIA w 2023 roku jako francuski mistrz szutrowy. Franceschi dysponuje najnowszym modelem Skoda Fabia Rally2 Evo przygotowan\u0105 przez firm\u0119 AMD Motorsport. To by\u0142","inLanguage":"en-GB","isPartOf":{"@id":"https:\/\/www.worldrally.eu\/#website"},"breadcrumb":{"@id":"https:\/\/www.worldrally.eu\/index.php\/2023\/05\/29\/franceschi-rajd-polski-to-moj-ulubiony\/#breadcrumblist"},"author":{"@id":"https:\/\/www.worldrally.eu\/index.php\/author\/slawek\/#author"},"creator":{"@id":"https:\/\/www.worldrally.eu\/index.php\/author\/slawek\/#author"},"image":{"@type":"ImageObject","url":"https:\/\/www.worldrally.eu\/wp-content\/uploads\/2023\/06\/79-Rally-Poland-2023-Photo-Adam-Owczarek-PhotoMS.se-52.jpg","@id":"https:\/\/www.worldrally.eu\/index.php\/2023\/05\/29\/franceschi-rajd-polski-to-moj-ulubiony\/#mainImage","width":1620,"height":1080},"primaryImageOfPage":{"@id":"https:\/\/www.worldrally.eu\/index.php\/2023\/05\/29\/franceschi-rajd-polski-to-moj-ulubiony\/#mainImage"},"datePublished":"2023-05-29T19:27:00+00:00","dateModified":"2023-06-06T19:34:25+00:00"},{"@type":"WebSite","@id":"https:\/\/www.worldrally.eu\/#website","url":"https:\/\/www.worldrally.eu\/","name":"WorldRally.eu","inLanguage":"en-GB","publisher":{"@id":"https:\/\/www.worldrally.eu\/#organization"}}]},"og:locale":"en_GB","og:site_name":"WorldRally.eu \u00bb","og:type":"article","og:title":"Franceschi, Rajd Polski to m\u00f3j ulubiony \u00bb WorldRally.eu","og:description":"Mathieu Franceschi sam sobie sprawi\u0142 prezent i uczci\u0142 swoje 24 urodziny, prezentuj\u0105c potencja\u0142 zdobywaj\u0105c punkty w Power Stage i zajmuj\u0105c sz\u00f3ste miejsce w ORLEN 79. Rajdzie Polski. Awansuj\u0105c do Rajdowych Mistrzostw Europy FIA w 2023 roku jako francuski mistrz szutrowy. Franceschi dysponuje najnowszym modelem Skoda Fabia Rally2 Evo przygotowan\u0105 przez firm\u0119 AMD Motorsport. To by\u0142","og:url":"https:\/\/www.worldrally.eu\/index.php\/2023\/05\/29\/franceschi-rajd-polski-to-moj-ulubiony\/","og:image":"https:\/\/www.worldrally.eu\/wp-content\/uploads\/2023\/06\/79-Rally-Poland-2023-Photo-Adam-Owczarek-PhotoMS.se-52.jpg","og:image:secure_url":"https:\/\/www.worldrally.eu\/wp-content\/uploads\/2023\/06\/79-Rally-Poland-2023-Photo-Adam-Owczarek-PhotoMS.se-52.jpg","og:image:width":1620,"og:image:height":1080,"article:published_time":"2023-05-29T19:27:00+00:00","article:modified_time":"2023-06-06T19:34:25+00:00","twitter:card":"summary_large_image","twitter:title":"Franceschi, Rajd Polski to m\u00f3j ulubiony \u00bb WorldRally.eu","twitter:description":"Mathieu Franceschi sam sobie sprawi\u0142 prezent i uczci\u0142 swoje 24 urodziny, prezentuj\u0105c potencja\u0142 zdobywaj\u0105c punkty w Power Stage i zajmuj\u0105c sz\u00f3ste miejsce w ORLEN 79. Rajdzie Polski. Awansuj\u0105c do Rajdowych Mistrzostw Europy FIA w 2023 roku jako francuski mistrz szutrowy. Franceschi dysponuje najnowszym modelem Skoda Fabia Rally2 Evo przygotowan\u0105 przez firm\u0119 AMD Motorsport. To by\u0142","twitter:image":"https:\/\/www.worldrally.eu\/wp-content\/uploads\/2023\/06\/79-Rally-Poland-2023-Photo-Adam-Owczarek-PhotoMS.se-52.jpg"},"aioseo_meta_data":{"post_id":"1424","title":null,"description":null,"keywords":null,"keyphrases":null,"primary_term":null,"canonical_url":null,"og_title":null,"og_description":null,"og_object_type":"default","og_image_type":"default","og_image_url":null,"og_image_width":null,"og_image_height":null,"og_image_custom_url":null,"og_image_custom_fields":null,"og_video":null,"og_custom_url":null,"og_article_section":null,"og_article_tags":null,"twitter_use_og":false,"twitter_card":"default","twitter_image_type":"default","twitter_image_url":null,"twitter_image_custom_url":null,"twitter_image_custom_fields":null,"twitter_title":null,"twitter_description":null,"schema":{"blockGraphs":[],"customGraphs":[],"default":{"data":{"Article":[],"Course":[],"Dataset":[],"FAQPage":[],"Movie":[],"Person":[],"Product":[],"ProductReview":[],"Car":[],"Recipe":[],"Service":[],"SoftwareApplication":[],"WebPage":[]},"graphName":"","isEnabled":true},"graphs":[]},"schema_type":"default","schema_type_options":null,"pillar_content":false,"robots_default":true,"robots_noindex":false,"robots_noarchive":false,"robots_nosnippet":false,"robots_nofollow":false,"robots_noimageindex":false,"robots_noodp":false,"robots_notranslate":false,"robots_max_snippet":null,"robots_max_videopreview":null,"robots_max_imagepreview":"large","priority":null,"frequency":null,"local_seo":null,"breadcrumb_settings":null,"limit_modified_date":false,"ai":null,"created":"2025-03-22 06:13:13","updated":"2025-10-26 10:33:07","seo_analyzer_scan_date":null},"aioseo_breadcrumb":"<div class=\"aioseo-breadcrumbs\"><span class=\"aioseo-breadcrumb\">\n\t\t\t<a href=\"https:\/\/www.worldrally.eu\" title=\"Home\">Home<\/a>\n\t\t<\/span><span class=\"aioseo-breadcrumb-separator\">&raquo;<\/span><span class=\"aioseo-breadcrumb\">\n\t\t\t<a href=\"https:\/\/www.worldrally.eu\/index.php\/category\/erc\/\" title=\"ERC\">ERC<\/a>\n\t\t<\/span><span class=\"aioseo-breadcrumb-separator\">&raquo;<\/span><span class=\"aioseo-breadcrumb\">\n\t\t\tFranceschi, Rajd Polski to m\u00f3j ulubiony\n\t\t<\/span><\/div>","aioseo_breadcrumb_json":[{"label":"Home","link":"https:\/\/www.worldrally.eu"},{"label":"ERC","link":"https:\/\/www.worldrally.eu\/index.php\/category\/erc\/"},{"label":"Franceschi, Rajd Polski to m\u00f3j ulubiony","link":"https:\/\/www.worldrally.eu\/index.php\/2023\/05\/29\/franceschi-rajd-polski-to-moj-ulubiony\/"}],"cc_featured_image_caption":{"caption_text":"Foto - PhotoMS","source_text":"","source_url":""},"_links":{"self":[{"href":"https:\/\/www.worldrally.eu\/index.php\/wp-json\/wp\/v2\/posts\/1424","targetHints":{"allow":["GET"]}}],"collection":[{"href":"https:\/\/www.worldrally.eu\/index.php\/wp-json\/wp\/v2\/posts"}],"about":[{"href":"https:\/\/www.worldrally.eu\/index.php\/wp-json\/wp\/v2\/types\/post"}],"author":[{"embeddable":true,"href":"https:\/\/www.worldrally.eu\/index.php\/wp-json\/wp\/v2\/users\/4"}],"replies":[{"embeddable":true,"href":"https:\/\/www.worldrally.eu\/index.php\/wp-json\/wp\/v2\/comments?post=1424"}],"version-history":[{"count":1,"href":"https:\/\/www.worldrally.eu\/index.php\/wp-json\/wp\/v2\/posts\/1424\/revisions"}],"predecessor-version":[{"id":1427,"href":"https:\/\/www.worldrally.eu\/index.php\/wp-json\/wp\/v2\/posts\/1424\/revisions\/1427"}],"wp:featuredmedia":[{"embeddable":true,"href":"https:\/\/www.worldrally.eu\/index.php\/wp-json\/wp\/v2\/media\/1425"}],"wp:attachment":[{"href":"https:\/\/www.worldrally.eu\/index.php\/wp-json\/wp\/v2\/media?parent=1424"}],"wp:term":[{"taxonomy":"category","embeddable":true,"href":"https:\/\/www.worldrally.eu\/index.php\/wp-json\/wp\/v2\/categories?post=1424"},{"taxonomy":"post_tag","embeddable":true,"href":"https:\/\/www.worldrally.eu\/index.php\/wp-json\/wp\/v2\/tags?post=1424"}],"curies":[{"name":"wp","href":"https:\/\/api.w.org\/{rel}","templated":true}]}}