{"id":1386,"date":"2023-05-24T19:01:07","date_gmt":"2023-05-24T19:01:07","guid":{"rendered":"https:\/\/www.worldrally.eu\/?p=1386"},"modified":"2023-05-24T19:01:08","modified_gmt":"2023-05-24T19:01:08","slug":"sesks-zwycieza-79-rajd-polski","status":"publish","type":"post","link":"https:\/\/www.worldrally.eu\/index.php\/2023\/05\/24\/sesks-zwycieza-79-rajd-polski\/","title":{"rendered":"Sesks zwyci\u0119\u017ca 79 Rajd Polski"},"content":{"rendered":"\n<p class=\"wp-block-paragraph\">M\u0101rti\u1e47\u0161 Sesks odni\u00f3s\u0142 swoje drugie zwyci\u0119stwo w Rajdowych Mistrzostwach Europy w tym sezonie i wygra\u0142 ORLEN 79. Rajd Polski wyprzedzaj\u0105c Heydena Paddona i Miko Marczyka.<\/p>\n\n\n\n<p class=\"wp-block-paragraph\">Sesks wskoczy\u0142 na fotel lidera po pierwszym popo\u0142udniowym odcinku specjalnym i nie odda\u0142 prowadzenia do samego ko\u0144ca ostatecznie wyprzedzaj\u0105c drugiego na macie Paddona o 39,6 sekundy. Zwyci\u0119zca ubieg\u0142orocznego rajdu Miko Marczyk uplasowa\u0142 si\u0119 na trzecim miejscu trac\u0105c do lidera troch\u0119 ponad jedna minut\u0119.<\/p>\n\n\n\n<blockquote class=\"wp-block-quote is-layout-flow wp-block-quote-is-layout-flow\">\n<p class=\"wp-block-paragraph\">To naprawd\u0119 wyj\u0105tkowe uczucie, robienie tego w domu to jedna historia przed w\u0142asn\u0105 publiczno\u015bci\u0105, ale robienie tego tutaj w Polsce jest zupe\u0142nie inne, pokazuje samoch\u00f3d, zesp\u00f3\u0142, opony, wszyscy jeste\u015bmy gotowi do walki. To wspania\u0142e uczucie je\u017adzi\u0107 dla tak dobrego zespo\u0142u z tak dobrym samochodem. To przyjemno\u015b\u0107 i m\u00f3c wyst\u0119powa\u0107 na tak wysokim poziomie, to naprawd\u0119 dobrze. Ka\u017cdy chce z\u0142o\u017cy\u0107 o\u015bwiadczenie, ale w naszych umys\u0142ach chcemy zachowa\u0107 spuszczone g\u0142owy i po prostu wykonywa\u0107 nasz\u0105 prac\u0119<\/p>\n<cite>powiedzia\u0142 Sesks<\/cite><\/blockquote>\n\n\n\n<figure class=\"wp-block-image size-large\"><img fetchpriority=\"high\" decoding=\"async\" width=\"1024\" height=\"683\" src=\"https:\/\/www.worldrally.eu\/wp-content\/uploads\/2023\/05\/79-Rally-Poland-2023-Photo-Adam-Owczarek-PhotoMS.se_-4-1-1024x683.jpg\" alt=\"\" class=\"wp-image-1388\" srcset=\"https:\/\/www.worldrally.eu\/wp-content\/uploads\/2023\/05\/79-Rally-Poland-2023-Photo-Adam-Owczarek-PhotoMS.se_-4-1-1024x683.jpg 1024w, https:\/\/www.worldrally.eu\/wp-content\/uploads\/2023\/05\/79-Rally-Poland-2023-Photo-Adam-Owczarek-PhotoMS.se_-4-1-300x200.jpg 300w, https:\/\/www.worldrally.eu\/wp-content\/uploads\/2023\/05\/79-Rally-Poland-2023-Photo-Adam-Owczarek-PhotoMS.se_-4-1-768x512.jpg 768w, https:\/\/www.worldrally.eu\/wp-content\/uploads\/2023\/05\/79-Rally-Poland-2023-Photo-Adam-Owczarek-PhotoMS.se_-4-1-1536x1024.jpg 1536w, https:\/\/www.worldrally.eu\/wp-content\/uploads\/2023\/05\/79-Rally-Poland-2023-Photo-Adam-Owczarek-PhotoMS.se_-4-1-446x297.jpg 446w, https:\/\/www.worldrally.eu\/wp-content\/uploads\/2023\/05\/79-Rally-Poland-2023-Photo-Adam-Owczarek-PhotoMS.se_-4-1.jpg 1620w\" sizes=\"(max-width: 1024px) 100vw, 1024px\" \/><figcaption class=\"wp-element-caption\">Foto &#8211; PhotoMS.se<\/figcaption><\/figure>\n\n\n\n<p class=\"wp-block-paragraph\">Paddon pokaza\u0142 du\u017c\u0105 skuteczno\u015b\u0107 w walce, jednak\u017ce jednym z aspekt\u00f3w utraty fotela lidera by\u0142 fakt i\u017c musia\u0142 do mety jecha\u0107 z przebit\u0105 opona co bardzo zmieni\u0142o jego ko\u0144cowy rezultat w walce o zwyci\u0119stwo.<\/p>\n\n\n\n<blockquote class=\"wp-block-quote is-layout-flow wp-block-quote-is-layout-flow\">\n<p class=\"wp-block-paragraph\">Albo dalej naciska\u0107, jak to robili\u015bmy, ale potem ryzykujesz kolejn\u0105 przebit\u0105 opon\u0119 i ko\u0144czysz karier\u0119. Kiedy my\u015blisz o mistrzostwach i oferowanych punktach, chodzi o gr\u0119 w inteligentn\u0105 gr\u0119 i tak\u0105 decyzj\u0119 musieli\u015bmy podj\u0105\u0107.<\/p>\n<cite>powiedzia\u0142 Paddon<\/cite><\/blockquote>\n\n\n\n<p class=\"wp-block-paragraph\">Miejscowy bohater Miko Marczyk pokaza\u0142 ducha walki, jednak\u017ce nie prowadzi\u0142 bezb\u0142\u0119dnie co spowodowa\u0142o drobnymi wyjazdami poza tras\u0119 i skutkowa\u0142o utrat\u0105 cennych sekund, aczkolwiek miejsce na podium by\u0142o bardzo dobrym osi\u0105gni\u0119ciem.<\/p>\n\n\n\n<blockquote class=\"wp-block-quote is-layout-flow wp-block-quote-is-layout-flow\">\n<p class=\"wp-block-paragraph\">Jestem bardzo zadowolony, poniewa\u017c prawdopodobnie nasze tempo by\u0142o lepsze ni\u017c w zesz\u0142ym roku, kiedy wygrali\u015bmy rajd. Gdyby kto\u015b powiedzia\u0142 mi przed wy\u015bcigiem, \u017ce sko\u0144cz\u0119 mi\u0119dzy Haydenem Paddonem a Madsem \u00d8stbergiem, powiedzia\u0142bym, \u017ce na pewno jest idealnie. Rajd wygra\u0142 najlepszy\u201d<\/p>\n<cite>powiedzia\u0142 Marczyk<\/cite><\/blockquote>\n\n\n\n<figure class=\"wp-block-image size-large\"><img decoding=\"async\" width=\"1024\" height=\"683\" src=\"https:\/\/www.worldrally.eu\/wp-content\/uploads\/2023\/05\/79-Rally-Poland-2023-Photo-Adam-Owczarek-PhotoMS.se_-1-1024x683.jpg\" alt=\"\" class=\"wp-image-1389\" srcset=\"https:\/\/www.worldrally.eu\/wp-content\/uploads\/2023\/05\/79-Rally-Poland-2023-Photo-Adam-Owczarek-PhotoMS.se_-1-1024x683.jpg 1024w, https:\/\/www.worldrally.eu\/wp-content\/uploads\/2023\/05\/79-Rally-Poland-2023-Photo-Adam-Owczarek-PhotoMS.se_-1-300x200.jpg 300w, https:\/\/www.worldrally.eu\/wp-content\/uploads\/2023\/05\/79-Rally-Poland-2023-Photo-Adam-Owczarek-PhotoMS.se_-1-768x512.jpg 768w, https:\/\/www.worldrally.eu\/wp-content\/uploads\/2023\/05\/79-Rally-Poland-2023-Photo-Adam-Owczarek-PhotoMS.se_-1-1536x1024.jpg 1536w, https:\/\/www.worldrally.eu\/wp-content\/uploads\/2023\/05\/79-Rally-Poland-2023-Photo-Adam-Owczarek-PhotoMS.se_-1-446x297.jpg 446w, https:\/\/www.worldrally.eu\/wp-content\/uploads\/2023\/05\/79-Rally-Poland-2023-Photo-Adam-Owczarek-PhotoMS.se_-1.jpg 1620w\" sizes=\"(max-width: 1024px) 100vw, 1024px\" \/><figcaption class=\"wp-element-caption\">Foto &#8211; PhotoMS.se<\/figcaption><\/figure>\n\n\n\n<p class=\"wp-block-paragraph\">Mads \u00d8stberg otar\u0142 si\u0119 o podium zajmuj\u0105c czwarte miejsce trac\u0105c do Marczyka 8 sekund i wyprzedzaj\u0105c Mistrza Finlandii Mikko Heikkil\u00e4 o zaledwie 3,8 sekundy.<\/p>\n\n\n\n<blockquote class=\"wp-block-quote is-layout-flow wp-block-quote-is-layout-flow\">\n<p class=\"wp-block-paragraph\">Zwyci\u0119stwo w Power Stage na pewno by\u0142oby mi\u0142e. To by\u0142 dla nas dobry etap i ciesz\u0119 si\u0119, \u017ce na tym zako\u0144czy\u0142em rajd. Nie tego si\u0119 spodziewa\u0142em, kiedy tu przyjecha\u0142em. Du\u017co walczyli\u015bmy, ale walczyli\u015bmy dalej, a zesp\u00f3\u0142 wykona\u0142 \u015bwietn\u0105 robot\u0119. Damy z siebie wszystko w nast\u0119pnej imprezie<\/p>\n<cite>powiedzia Norweg<\/cite><\/blockquote>\n\n\n\n<figure class=\"wp-block-image size-large\"><img decoding=\"async\" width=\"1024\" height=\"683\" src=\"https:\/\/www.worldrally.eu\/wp-content\/uploads\/2023\/05\/79-Rally-Poland-2023-Photo-Adam-Owczarek-PhotoMS.se_-5-1-1024x683.jpg\" alt=\"\" class=\"wp-image-1391\" srcset=\"https:\/\/www.worldrally.eu\/wp-content\/uploads\/2023\/05\/79-Rally-Poland-2023-Photo-Adam-Owczarek-PhotoMS.se_-5-1-1024x683.jpg 1024w, https:\/\/www.worldrally.eu\/wp-content\/uploads\/2023\/05\/79-Rally-Poland-2023-Photo-Adam-Owczarek-PhotoMS.se_-5-1-300x200.jpg 300w, https:\/\/www.worldrally.eu\/wp-content\/uploads\/2023\/05\/79-Rally-Poland-2023-Photo-Adam-Owczarek-PhotoMS.se_-5-1-768x512.jpg 768w, https:\/\/www.worldrally.eu\/wp-content\/uploads\/2023\/05\/79-Rally-Poland-2023-Photo-Adam-Owczarek-PhotoMS.se_-5-1-1536x1024.jpg 1536w, https:\/\/www.worldrally.eu\/wp-content\/uploads\/2023\/05\/79-Rally-Poland-2023-Photo-Adam-Owczarek-PhotoMS.se_-5-1-446x297.jpg 446w, https:\/\/www.worldrally.eu\/wp-content\/uploads\/2023\/05\/79-Rally-Poland-2023-Photo-Adam-Owczarek-PhotoMS.se_-5-1.jpg 1620w\" sizes=\"(max-width: 1024px) 100vw, 1024px\" \/><figcaption class=\"wp-element-caption\">Foto &#8211; PhotoMS.se<\/figcaption><\/figure>\n\n\n\n<p class=\"wp-block-paragraph\">Obecny Mistrz Finlandii nie ukrywa\u0142 rozczarowania po zaj\u0119ciu pi\u0105tego miejsca w klasyfikacji generalnej.<\/p>\n\n\n\n<blockquote class=\"wp-block-quote is-layout-flow wp-block-quote-is-layout-flow\">\n<p class=\"wp-block-paragraph\">Ten by\u0142 naprawd\u0119 szorstki; rajd by\u0142 wczoraj ci\u0119\u017cki, naprawd\u0119 d\u0142ugi dzie\u0144, czuj\u0119 si\u0119 jak idiota, wybieraj\u0105c z\u0142e ustawienia w samochodzie. Nie jeste\u015bmy tutaj, aby walczy\u0107 o 4. miejsce, wi\u0119c oczywi\u015bcie jestem rozczarowany. Jestem jednak naprawd\u0119 wdzi\u0119czny ludziom tutaj, kt\u00f3rzy mnie wspieraj\u0105, a szczeg\u00f3lnie dzi\u0119ki oponom Michelin, nie dosta\u0142em przebicia, co jest \u015bwietne<\/p>\n<cite>powiedzia\u0142 Fin<\/cite><\/blockquote>\n\n\n\n<figure class=\"wp-block-image size-large\"><img loading=\"lazy\" decoding=\"async\" width=\"1024\" height=\"683\" src=\"https:\/\/www.worldrally.eu\/wp-content\/uploads\/2023\/05\/79-Rally-Poland-2023-Photo-Adam-Owczarek-PhotoMS.se-27-1-1024x683.jpg\" alt=\"\" class=\"wp-image-1392\" srcset=\"https:\/\/www.worldrally.eu\/wp-content\/uploads\/2023\/05\/79-Rally-Poland-2023-Photo-Adam-Owczarek-PhotoMS.se-27-1-1024x683.jpg 1024w, https:\/\/www.worldrally.eu\/wp-content\/uploads\/2023\/05\/79-Rally-Poland-2023-Photo-Adam-Owczarek-PhotoMS.se-27-1-300x200.jpg 300w, https:\/\/www.worldrally.eu\/wp-content\/uploads\/2023\/05\/79-Rally-Poland-2023-Photo-Adam-Owczarek-PhotoMS.se-27-1-768x512.jpg 768w, https:\/\/www.worldrally.eu\/wp-content\/uploads\/2023\/05\/79-Rally-Poland-2023-Photo-Adam-Owczarek-PhotoMS.se-27-1-1536x1024.jpg 1536w, https:\/\/www.worldrally.eu\/wp-content\/uploads\/2023\/05\/79-Rally-Poland-2023-Photo-Adam-Owczarek-PhotoMS.se-27-1-446x297.jpg 446w, https:\/\/www.worldrally.eu\/wp-content\/uploads\/2023\/05\/79-Rally-Poland-2023-Photo-Adam-Owczarek-PhotoMS.se-27-1.jpg 1620w\" sizes=\"(max-width: 1024px) 100vw, 1024px\" \/><figcaption class=\"wp-element-caption\">Foto &#8211; PhotoMS.se<\/figcaption><\/figure>\n\n\n\n<figure class=\"wp-block-table\"><table><tbody><tr><td>1.<\/td><td><img decoding=\"async\" src=\"https:\/\/www.ewrc-results.com\/images\/flags2\/latvia.png\" alt=\"flag\"><br>#8<\/td><td><img decoding=\"async\" src=\"https:\/\/www.ewrc-results.com\/images\/icon\/skoda2023b.png\" alt=\"logo\"> <a href=\"https:\/\/www.ewrc-results.com\/entryinfo\/79919-orlen-rajd-polski-rally-poland-2023\/3720686\/\">Sesks M\u0101rti\u0146\u0161 &#8211; Francis R.<\/a><br>\u0160koda Fabia RS Rally2 <img decoding=\"async\" src=\"https:\/\/www.ewrc-results.com\/images\/tyres\/mrf3.png\" alt=\"tyre\"><\/td><td>RC2<br>2<\/td><td>1:34:57.8<br><\/td><td><\/td><td>115.0<\/td><\/tr><tr><td>2.<\/td><td><img decoding=\"async\" src=\"https:\/\/www.ewrc-results.com\/images\/flags2\/newzealand.png\" alt=\"flag\"><br>#1<\/td><td><img decoding=\"async\" src=\"https:\/\/www.ewrc-results.com\/images\/icon\/hyundai2.png\" alt=\"logo\"> <a href=\"https:\/\/www.ewrc-results.com\/entryinfo\/79919-orlen-rajd-polski-rally-poland-2023\/3719413\/\">Paddon Hayden &#8211; Kennard John<\/a><br>Hyundai i20 N Rally2 <img decoding=\"async\" src=\"https:\/\/www.ewrc-results.com\/images\/tyres\/pirelli_red.png\" alt=\"tyre\"><\/td><td>RC2<\/td><td>1:35:37.4<br><\/td><td>+39.6<br>+39.6<\/td><td>114.2<br>0.22<\/td><\/tr><tr><td>3.<\/td><td><img decoding=\"async\" src=\"https:\/\/www.ewrc-results.com\/images\/flags2\/poland.png\" alt=\"flag\"><br>#6<\/td><td><img decoding=\"async\" src=\"https:\/\/www.ewrc-results.com\/images\/icon\/skoda2023b.png\" alt=\"logo\"> <a href=\"https:\/\/www.ewrc-results.com\/entryinfo\/79919-orlen-rajd-polski-rally-poland-2023\/3718980\/\">Marczyk M. &#8211; Gospodarczyk S.<\/a><br>\u0160koda Fabia RS Rally2 <img decoding=\"async\" src=\"https:\/\/www.ewrc-results.com\/images\/tyres\/michelin_red.png\" alt=\"tyre\"><\/td><td>RC2<br>2<\/td><td>1:36:02.7<br><\/td><td>+1:04.9<br>+25.3<\/td><td>113.7<br>0.36<\/td><\/tr><tr><td>4.<\/td><td><img decoding=\"async\" src=\"https:\/\/www.ewrc-results.com\/images\/flags2\/norway.png\" alt=\"flag\"><br>#3<\/td><td><img decoding=\"async\" src=\"https:\/\/www.ewrc-results.com\/images\/icon\/citroen2009.png\" alt=\"logo\"> <a href=\"https:\/\/www.ewrc-results.com\/entryinfo\/79919-orlen-rajd-polski-rally-poland-2023\/3719414\/\">\u00d8stberg Mads &#8211; Barth Patrik<\/a><br>Citro\u00ebn C3 Rally2 <img decoding=\"async\" src=\"https:\/\/www.ewrc-results.com\/images\/tyres\/mrf3.png\" alt=\"tyre\"><\/td><td>RC2<\/td><td>1:36:10.7<br><\/td><td>+1:12.9<br>+8.0<\/td><td>113.6<br>0.40<\/td><\/tr><tr><td>5.<\/td><td><img decoding=\"async\" src=\"https:\/\/www.ewrc-results.com\/images\/flags2\/finland.png\" alt=\"flag\"><br>#10<\/td><td><img decoding=\"async\" src=\"https:\/\/www.ewrc-results.com\/images\/icon\/skoda.png\" alt=\"logo\"> <a href=\"https:\/\/www.ewrc-results.com\/entryinfo\/79919-orlen-rajd-polski-rally-poland-2023\/3719418\/\">Heikkil\u00e4 Mikko &#8211; Vaaleri Samu<\/a><br>\u0160koda Fabia Rally2 evo <img decoding=\"async\" src=\"https:\/\/www.ewrc-results.com\/images\/tyres\/michelin_red.png\" alt=\"tyre\"><\/td><td>RC2<\/td><td>1:36:14.5<br><\/td><td>+1:16.7<br>+3.8<\/td><td>113.5<br>0.42<\/td><\/tr><tr><td>6.<\/td><td><img decoding=\"async\" src=\"https:\/\/www.ewrc-results.com\/images\/flags2\/france.png\" alt=\"flag\"><br>#7<\/td><td><img decoding=\"async\" src=\"https:\/\/www.ewrc-results.com\/images\/icon\/skoda.png\" alt=\"logo\"> <a href=\"https:\/\/www.ewrc-results.com\/entryinfo\/79919-orlen-rajd-polski-rally-poland-2023\/3720685\/\">Franceschi M. &#8211; Escartefigue J.<\/a><br>\u0160koda Fabia Rally2 evo <img decoding=\"async\" src=\"https:\/\/www.ewrc-results.com\/images\/tyres\/michelin_red.png\" alt=\"tyre\"><\/td><td>RC2<\/td><td>1:36:27.4<br><\/td><td>+1:29.6<br>+12.9<\/td><td>113.2<br>0.49<\/td><\/tr><tr><td>7.<\/td><td><img decoding=\"async\" src=\"https:\/\/www.ewrc-results.com\/images\/flags2\/ireland.png\" alt=\"flag\"><br>#21<\/td><td><img decoding=\"async\" src=\"https:\/\/www.ewrc-results.com\/images\/icon\/hyundai2.png\" alt=\"logo\"> <a href=\"https:\/\/www.ewrc-results.com\/entryinfo\/79919-orlen-rajd-polski-rally-poland-2023\/3720695\/\">McErlean Josh &#8211; Rowan John<\/a><br>Hyundai i20 N Rally2 <img decoding=\"async\" src=\"https:\/\/www.ewrc-results.com\/images\/tyres\/pirelli_red.png\" alt=\"tyre\"><\/td><td>RC2<\/td><td>1:36:44.7<br><\/td><td>+1:46.9<br>+17.3<\/td><td>112.9<br>0.59<\/td><\/tr><tr><td>8.<\/td><td><img decoding=\"async\" src=\"https:\/\/www.ewrc-results.com\/images\/flags2\/romania.png\" alt=\"flag\"><br>#12<\/td><td><img decoding=\"async\" src=\"https:\/\/www.ewrc-results.com\/images\/icon\/skoda.png\" alt=\"logo\"> <a href=\"https:\/\/www.ewrc-results.com\/entryinfo\/79919-orlen-rajd-polski-rally-poland-2023\/3720689\/\">Tempestini Simone &#8211; Itu Sergiu<\/a><br>\u0160koda Fabia Rally2 evo <img decoding=\"async\" src=\"https:\/\/www.ewrc-results.com\/images\/tyres\/pirelli_red.png\" alt=\"tyre\"><\/td><td>RC2<\/td><td>1:37:07.0<br><\/td><td>+2:09.2<br>+22.3<\/td><td>112.5<br>0.71<\/td><\/tr><tr><td>9.<\/td><td><img decoding=\"async\" src=\"https:\/\/www.ewrc-results.com\/images\/flags2\/czech.png\" alt=\"flag\"><br>#22<\/td><td><img decoding=\"async\" src=\"https:\/\/www.ewrc-results.com\/images\/icon\/skoda2023b.png\" alt=\"logo\"> <a href=\"https:\/\/www.ewrc-results.com\/entryinfo\/79919-orlen-rajd-polski-rally-poland-2023\/3720696\/\">Cais Erik &#8211; Bacig\u00e1l Igor<\/a><br>\u0160koda Fabia RS Rally2 <img decoding=\"async\" src=\"https:\/\/www.ewrc-results.com\/images\/tyres\/michelin_red.png\" alt=\"tyre\"><\/td><td>RC2<\/td><td>1:37:31.4<br><\/td><td>+2:33.6<br>+24.4<\/td><td>112.0<br>0.84<\/td><\/tr><tr><td>10.<\/td><td><img decoding=\"async\" src=\"https:\/\/www.ewrc-results.com\/images\/flags2\/spain.png\" alt=\"flag\"><br>#2<\/td><td><img decoding=\"async\" src=\"https:\/\/www.ewrc-results.com\/images\/icon\/skoda2023b.png\" alt=\"logo\"> <a href=\"https:\/\/www.ewrc-results.com\/entryinfo\/79919-orlen-rajd-polski-rally-poland-2023\/3719416\/\">Llarena Efr\u00e9n &#8211; Fern\u00e1ndez Sara<\/a><br>\u0160koda Fabia RS Rally2 <img decoding=\"async\" src=\"https:\/\/www.ewrc-results.com\/images\/tyres\/mrf3.png\" alt=\"tyre\"><\/td><td>RC2<\/td><td>1:37:55.1<br><\/td><td>+2:57.3<br>+23.7<\/td><td>111.6<br>0.97<\/td><\/tr><tr><td>11.<\/td><td><img decoding=\"async\" src=\"https:\/\/www.ewrc-results.com\/images\/flags2\/czech.png\" alt=\"flag\"><br>#14<\/td><td><img decoding=\"async\" src=\"https:\/\/www.ewrc-results.com\/images\/icon\/skoda.png\" alt=\"logo\"> <a href=\"https:\/\/www.ewrc-results.com\/entryinfo\/79919-orlen-rajd-polski-rally-poland-2023\/3720690\/\">Mare\u0161 Filip &#8211; Bucha Radovan<\/a><br>\u0160koda Fabia Rally2 evo <img decoding=\"async\" src=\"https:\/\/www.ewrc-results.com\/images\/tyres\/pirelli_red.png\" alt=\"tyre\"><\/td><td>RC2<\/td><td>1:38:18.9<br><\/td><td>+3:21.1<br>+23.8<\/td><td>111.1<br>1.10<\/td><\/tr><tr><td>12.<\/td><td><img decoding=\"async\" src=\"https:\/\/www.ewrc-results.com\/images\/flags2\/sweden.png\" alt=\"flag\"><br>#25<\/td><td><img decoding=\"async\" src=\"https:\/\/www.ewrc-results.com\/images\/icon\/ford.png\" alt=\"logo\"> <a href=\"https:\/\/www.ewrc-results.com\/entryinfo\/79919-orlen-rajd-polski-rally-poland-2023\/3720698\/\">R\u00e5dstr\u00f6m Dennis &#8211; Johansson J.<\/a><br>Ford Fiesta Rally2 <img decoding=\"async\" src=\"https:\/\/www.ewrc-results.com\/images\/tyres\/mrf3.png\" alt=\"tyre\"><\/td><td>RC2<\/td><td>1:38:41.9<br><\/td><td>+3:44.1<br>+23.0<\/td><td>110.7<br>1.23<\/td><\/tr><tr><td>13.<\/td><td><img decoding=\"async\" src=\"https:\/\/www.ewrc-results.com\/images\/flags2\/sweden.png\" alt=\"flag\"><br>#15<\/td><td><img decoding=\"async\" src=\"https:\/\/www.ewrc-results.com\/images\/icon\/ford.png\" alt=\"logo\"> <a href=\"https:\/\/www.ewrc-results.com\/entryinfo\/79919-orlen-rajd-polski-rally-poland-2023\/3719417\/\">Tidemand Pontus &#8211; Thulin Julia<\/a><br>Ford Fiesta Rally2 <img decoding=\"async\" src=\"https:\/\/www.ewrc-results.com\/images\/tyres\/mrf3.png\" alt=\"tyre\"><\/td><td>RC2<\/td><td>1:38:59.7<br><\/td><td>+4:01.9<br>+17.8<\/td><td>110.3<br>1.33<\/td><\/tr><tr><td>14.<\/td><td><img decoding=\"async\" src=\"https:\/\/www.ewrc-results.com\/images\/flags2\/poland.png\" alt=\"flag\"><br>#11<\/td><td><img decoding=\"async\" src=\"https:\/\/www.ewrc-results.com\/images\/icon\/skoda.png\" alt=\"logo\"> <a href=\"https:\/\/www.ewrc-results.com\/entryinfo\/79919-orlen-rajd-polski-rally-poland-2023\/3720688\/\">Grzyb Grzegorz &#8211; Bini\u0119da Adam<\/a><br>\u0160koda Fabia Rally2 evo <img decoding=\"async\" src=\"https:\/\/www.ewrc-results.com\/images\/tyres\/pirelli_red.png\" alt=\"tyre\"><\/td><td>RC2<br>2<\/td><td>1:39:11.8<br><\/td><td>+4:14.0<br>+12.1<\/td><td>110.1<br>1.40<\/td><\/tr><tr><td>15.<\/td><td><img decoding=\"async\" src=\"https:\/\/www.ewrc-results.com\/images\/flags2\/italy.png\" alt=\"flag\"><br>#24<\/td><td><img decoding=\"async\" src=\"https:\/\/www.ewrc-results.com\/images\/icon\/skoda.png\" alt=\"logo\"> <a href=\"https:\/\/www.ewrc-results.com\/entryinfo\/79919-orlen-rajd-polski-rally-poland-2023\/3720697\/\">Campedelli Simone &#8211; Canton Tania<\/a><br>\u0160koda Fabia Rally2 evo <img decoding=\"async\" src=\"https:\/\/www.ewrc-results.com\/images\/tyres\/mrf3.png\" alt=\"tyre\"><\/td><td>RC2<\/td><td>1:39:18.1<br><\/td><td>+4:20.3<br>+6.3<\/td><td>110.0<br>1.43<\/td><\/tr><tr><td>16.<\/td><td><img decoding=\"async\" src=\"https:\/\/www.ewrc-results.com\/images\/flags2\/uk.png\" alt=\"flag\"><br>#23<\/td><td><img decoding=\"async\" src=\"https:\/\/www.ewrc-results.com\/images\/icon\/skoda.png\" alt=\"logo\"> <a href=\"https:\/\/www.ewrc-results.com\/entryinfo\/79919-orlen-rajd-polski-rally-poland-2023\/3719419\/\">Pryce Osian &#8211; Pr\u00e9vot St\u00e9phane<\/a><br>\u0160koda Fabia Rally2 evo <img decoding=\"async\" src=\"https:\/\/www.ewrc-results.com\/images\/tyres\/michelin_red.png\" alt=\"tyre\"><\/td><td>RC2<\/td><td>1:39:50.8<br><\/td><td>+4:53.0<br>+32.7<\/td><td>109.4<br>1.61<\/td><\/tr><tr><td>17.<\/td><td><img decoding=\"async\" src=\"https:\/\/www.ewrc-results.com\/images\/flags2\/poland.png\" alt=\"flag\"><br>#19<\/td><td><img decoding=\"async\" src=\"https:\/\/www.ewrc-results.com\/images\/icon\/skoda.png\" alt=\"logo\"> <a href=\"https:\/\/www.ewrc-results.com\/entryinfo\/79919-orlen-rajd-polski-rally-poland-2023\/3719779\/\">By\u015bkiniewicz \u0141. &#8211; Siatkowski D.<\/a><br>\u0160koda Fabia Rally2 evo <img decoding=\"async\" src=\"https:\/\/www.ewrc-results.com\/images\/tyres\/michelin_red.png\" alt=\"tyre\"><\/td><td>RC2<br>2<\/td><td>1:40:31.9<br><\/td><td>+5:34.1<br>+41.1<\/td><td>108.7<br>1.84<\/td><\/tr><tr><td>18.<\/td><td><img decoding=\"async\" src=\"https:\/\/www.ewrc-results.com\/images\/flags2\/poland.png\" alt=\"flag\"><br>#17<\/td><td><img decoding=\"async\" src=\"https:\/\/www.ewrc-results.com\/images\/icon\/skoda.png\" alt=\"logo\"> <a href=\"https:\/\/www.ewrc-results.com\/entryinfo\/79919-orlen-rajd-polski-rally-poland-2023\/3720692\/\">P\u0142achytka Sylwester &#8211; Gerber J.<\/a><br>\u0160koda Fabia Rally2 evo <img decoding=\"async\" src=\"https:\/\/www.ewrc-results.com\/images\/tyres\/michelin_red.png\" alt=\"tyre\"><\/td><td>RC2<br>2<\/td><td>1:41:10.4<br><\/td><td>+6:12.6<br>+38.5<\/td><td>108.0<br>2.05<\/td><\/tr><tr><td>19.<\/td><td><img decoding=\"async\" src=\"https:\/\/www.ewrc-results.com\/images\/flags2\/poland.png\" alt=\"flag\"><br>#26<\/td><td><img decoding=\"async\" src=\"https:\/\/www.ewrc-results.com\/images\/icon\/ford.png\" alt=\"logo\"> <a href=\"https:\/\/www.ewrc-results.com\/entryinfo\/79919-orlen-rajd-polski-rally-poland-2023\/3720699\/\">Ko\u0142tun Jaros\u0142aw &#8211; Pleskot I.<\/a><br>Ford Fiesta Rally2 <img decoding=\"async\" src=\"https:\/\/www.ewrc-results.com\/images\/tyres\/pirelli_red.png\" alt=\"tyre\"><\/td><td>RC2<br>2<\/td><td>1:43:01.6<br><\/td><td>+8:03.8<br>+1:51.2<\/td><td>106.0<br>2.66<\/td><\/tr><tr><td>20.<\/td><td><img decoding=\"async\" src=\"https:\/\/www.ewrc-results.com\/images\/flags2\/uk.png\" alt=\"flag\"><br>#31<\/td><td><img decoding=\"async\" src=\"https:\/\/www.ewrc-results.com\/images\/icon\/ford.png\" alt=\"logo\"> <a href=\"https:\/\/www.ewrc-results.com\/entryinfo\/79919-orlen-rajd-polski-rally-poland-2023\/3720703\/\">Armstrong Jon &#8211; Fair Cameron<\/a><br>Ford Fiesta Rally3 <img decoding=\"async\" src=\"https:\/\/www.ewrc-results.com\/images\/tyres\/pirelli_red.png\" alt=\"tyre\"><\/td><td>RC3<\/td><td>1:43:02.3<br><\/td><td>+8:04.5<br>+0.7<\/td><td>106.0<br>2.66<\/td><\/tr><\/tbody><\/table><\/figure>\n","protected":false},"excerpt":{"rendered":"<p>M\u0101rti\u1e47\u0161 Sesks odni\u00f3s\u0142 swoje drugie zwyci\u0119stwo w Rajdowych Mistrzostwach Europy w tym sezonie i wygra\u0142 ORLEN 79. Rajd Polski wyprzedzaj\u0105c Heydena Paddona i Miko Marczyka. Sesks wskoczy\u0142 na fotel lidera po pierwszym popo\u0142udniowym odcinku specjalnym i nie odda\u0142 prowadzenia do samego ko\u0144ca ostatecznie wyprzedzaj\u0105c drugiego na macie Paddona o 39,6 sekundy. Zwyci\u0119zca ubieg\u0142orocznego rajdu Miko [&hellip;]<\/p>\n","protected":false},"author":4,"featured_media":1387,"comment_status":"closed","ping_status":"closed","sticky":false,"template":"","format":"standard","meta":{"_monsterinsights_skip_tracking":false,"_monsterinsights_sitenote_active":false,"_monsterinsights_sitenote_note":"","_monsterinsights_sitenote_category":0,"footnotes":""},"categories":[4],"tags":[],"class_list":["post-1386","post","type-post","status-publish","format-standard","has-post-thumbnail","hentry","category-erc"],"aioseo_notices":[],"aioseo_head":"\n\t\t<!-- All in One SEO 4.9.9 - aioseo.com -->\n\t<meta name=\"description\" content=\"M\u0101rti\u1e47\u0161 Sesks odni\u00f3s\u0142 swoje drugie zwyci\u0119stwo w Rajdowych Mistrzostwach Europy w tym sezonie i wygra\u0142 ORLEN 79. Rajd Polski wyprzedzaj\u0105c Heydena Paddona i Miko Marczyka. Sesks wskoczy\u0142 na fotel lidera po pierwszym popo\u0142udniowym odcinku specjalnym i nie odda\u0142 prowadzenia do samego ko\u0144ca ostatecznie wyprzedzaj\u0105c drugiego na macie Paddona o 39,6 sekundy. Zwyci\u0119zca ubieg\u0142orocznego rajdu Miko\" \/>\n\t<meta name=\"robots\" content=\"max-image-preview:large\" \/>\n\t<meta name=\"author\" content=\"Slawek\"\/>\n\t<link rel=\"canonical\" href=\"https:\/\/www.worldrally.eu\/index.php\/2023\/05\/24\/sesks-zwycieza-79-rajd-polski\/\" \/>\n\t<meta name=\"generator\" content=\"All in One SEO (AIOSEO) 4.9.9\" \/>\n\t\t<meta property=\"og:locale\" content=\"en_GB\" \/>\n\t\t<meta property=\"og:site_name\" content=\"WorldRally.eu \u00bb\" \/>\n\t\t<meta property=\"og:type\" content=\"article\" \/>\n\t\t<meta property=\"og:title\" content=\"Sesks zwyci\u0119\u017ca 79 Rajd Polski \u00bb WorldRally.eu\" \/>\n\t\t<meta property=\"og:description\" content=\"M\u0101rti\u1e47\u0161 Sesks odni\u00f3s\u0142 swoje drugie zwyci\u0119stwo w Rajdowych Mistrzostwach Europy w tym sezonie i wygra\u0142 ORLEN 79. Rajd Polski wyprzedzaj\u0105c Heydena Paddona i Miko Marczyka. Sesks wskoczy\u0142 na fotel lidera po pierwszym popo\u0142udniowym odcinku specjalnym i nie odda\u0142 prowadzenia do samego ko\u0144ca ostatecznie wyprzedzaj\u0105c drugiego na macie Paddona o 39,6 sekundy. Zwyci\u0119zca ubieg\u0142orocznego rajdu Miko\" \/>\n\t\t<meta property=\"og:url\" content=\"https:\/\/www.worldrally.eu\/index.php\/2023\/05\/24\/sesks-zwycieza-79-rajd-polski\/\" \/>\n\t\t<meta property=\"og:image\" content=\"https:\/\/www.worldrally.eu\/wp-content\/uploads\/2023\/05\/79-Rally-Poland-2023-Photo-Adam-Owczarek-PhotoMS.se_-2-1.jpg\" \/>\n\t\t<meta property=\"og:image:secure_url\" content=\"https:\/\/www.worldrally.eu\/wp-content\/uploads\/2023\/05\/79-Rally-Poland-2023-Photo-Adam-Owczarek-PhotoMS.se_-2-1.jpg\" \/>\n\t\t<meta property=\"og:image:width\" content=\"1620\" \/>\n\t\t<meta property=\"og:image:height\" content=\"1080\" \/>\n\t\t<meta property=\"article:published_time\" content=\"2023-05-24T19:01:07+00:00\" \/>\n\t\t<meta property=\"article:modified_time\" content=\"2023-05-24T19:01:08+00:00\" \/>\n\t\t<meta name=\"twitter:card\" content=\"summary_large_image\" \/>\n\t\t<meta name=\"twitter:title\" content=\"Sesks zwyci\u0119\u017ca 79 Rajd Polski \u00bb WorldRally.eu\" \/>\n\t\t<meta name=\"twitter:description\" content=\"M\u0101rti\u1e47\u0161 Sesks odni\u00f3s\u0142 swoje drugie zwyci\u0119stwo w Rajdowych Mistrzostwach Europy w tym sezonie i wygra\u0142 ORLEN 79. Rajd Polski wyprzedzaj\u0105c Heydena Paddona i Miko Marczyka. Sesks wskoczy\u0142 na fotel lidera po pierwszym popo\u0142udniowym odcinku specjalnym i nie odda\u0142 prowadzenia do samego ko\u0144ca ostatecznie wyprzedzaj\u0105c drugiego na macie Paddona o 39,6 sekundy. Zwyci\u0119zca ubieg\u0142orocznego rajdu Miko\" \/>\n\t\t<meta name=\"twitter:image\" content=\"https:\/\/www.worldrally.eu\/wp-content\/uploads\/2023\/05\/79-Rally-Poland-2023-Photo-Adam-Owczarek-PhotoMS.se_-2-1.jpg\" \/>\n\t\t<script type=\"application\/ld+json\" class=\"aioseo-schema\">\n\t\t\t{\"@context\":\"https:\\\/\\\/schema.org\",\"@graph\":[{\"@type\":\"BlogPosting\",\"@id\":\"https:\\\/\\\/www.worldrally.eu\\\/index.php\\\/2023\\\/05\\\/24\\\/sesks-zwycieza-79-rajd-polski\\\/#blogposting\",\"name\":\"Sesks zwyci\\u0119\\u017ca 79 Rajd Polski \\u00bb WorldRally.eu\",\"headline\":\"Sesks zwyci\\u0119\\u017ca 79 Rajd Polski\",\"author\":{\"@id\":\"https:\\\/\\\/www.worldrally.eu\\\/index.php\\\/author\\\/slawek\\\/#author\"},\"publisher\":{\"@id\":\"https:\\\/\\\/www.worldrally.eu\\\/#organization\"},\"image\":{\"@type\":\"ImageObject\",\"url\":\"https:\\\/\\\/www.worldrally.eu\\\/wp-content\\\/uploads\\\/2023\\\/05\\\/79-Rally-Poland-2023-Photo-Adam-Owczarek-PhotoMS.se_-2-1.jpg\",\"width\":1620,\"height\":1080},\"datePublished\":\"2023-05-24T19:01:07+00:00\",\"dateModified\":\"2023-05-24T19:01:08+00:00\",\"inLanguage\":\"en-GB\",\"mainEntityOfPage\":{\"@id\":\"https:\\\/\\\/www.worldrally.eu\\\/index.php\\\/2023\\\/05\\\/24\\\/sesks-zwycieza-79-rajd-polski\\\/#webpage\"},\"isPartOf\":{\"@id\":\"https:\\\/\\\/www.worldrally.eu\\\/index.php\\\/2023\\\/05\\\/24\\\/sesks-zwycieza-79-rajd-polski\\\/#webpage\"},\"articleSection\":\"ERC\"},{\"@type\":\"BreadcrumbList\",\"@id\":\"https:\\\/\\\/www.worldrally.eu\\\/index.php\\\/2023\\\/05\\\/24\\\/sesks-zwycieza-79-rajd-polski\\\/#breadcrumblist\",\"itemListElement\":[{\"@type\":\"ListItem\",\"@id\":\"https:\\\/\\\/www.worldrally.eu#listItem\",\"position\":1,\"name\":\"Home\",\"item\":\"https:\\\/\\\/www.worldrally.eu\",\"nextItem\":{\"@type\":\"ListItem\",\"@id\":\"https:\\\/\\\/www.worldrally.eu\\\/index.php\\\/category\\\/erc\\\/#listItem\",\"name\":\"ERC\"}},{\"@type\":\"ListItem\",\"@id\":\"https:\\\/\\\/www.worldrally.eu\\\/index.php\\\/category\\\/erc\\\/#listItem\",\"position\":2,\"name\":\"ERC\",\"item\":\"https:\\\/\\\/www.worldrally.eu\\\/index.php\\\/category\\\/erc\\\/\",\"nextItem\":{\"@type\":\"ListItem\",\"@id\":\"https:\\\/\\\/www.worldrally.eu\\\/index.php\\\/2023\\\/05\\\/24\\\/sesks-zwycieza-79-rajd-polski\\\/#listItem\",\"name\":\"Sesks zwyci\\u0119\\u017ca 79 Rajd Polski\"},\"previousItem\":{\"@type\":\"ListItem\",\"@id\":\"https:\\\/\\\/www.worldrally.eu#listItem\",\"name\":\"Home\"}},{\"@type\":\"ListItem\",\"@id\":\"https:\\\/\\\/www.worldrally.eu\\\/index.php\\\/2023\\\/05\\\/24\\\/sesks-zwycieza-79-rajd-polski\\\/#listItem\",\"position\":3,\"name\":\"Sesks zwyci\\u0119\\u017ca 79 Rajd Polski\",\"previousItem\":{\"@type\":\"ListItem\",\"@id\":\"https:\\\/\\\/www.worldrally.eu\\\/index.php\\\/category\\\/erc\\\/#listItem\",\"name\":\"ERC\"}}]},{\"@type\":\"Organization\",\"@id\":\"https:\\\/\\\/www.worldrally.eu\\\/#organization\",\"name\":\"WorldRally.eu\",\"url\":\"https:\\\/\\\/www.worldrally.eu\\\/\",\"logo\":{\"@type\":\"ImageObject\",\"url\":\"https:\\\/\\\/www.worldrally.eu\\\/wp-content\\\/uploads\\\/2026\\\/01\\\/cropped-logo-3.png\",\"@id\":\"https:\\\/\\\/www.worldrally.eu\\\/index.php\\\/2023\\\/05\\\/24\\\/sesks-zwycieza-79-rajd-polski\\\/#organizationLogo\",\"width\":2039,\"height\":756},\"image\":{\"@id\":\"https:\\\/\\\/www.worldrally.eu\\\/index.php\\\/2023\\\/05\\\/24\\\/sesks-zwycieza-79-rajd-polski\\\/#organizationLogo\"}},{\"@type\":\"Person\",\"@id\":\"https:\\\/\\\/www.worldrally.eu\\\/index.php\\\/author\\\/slawek\\\/#author\",\"url\":\"https:\\\/\\\/www.worldrally.eu\\\/index.php\\\/author\\\/slawek\\\/\",\"name\":\"Slawek\",\"image\":{\"@type\":\"ImageObject\",\"@id\":\"https:\\\/\\\/www.worldrally.eu\\\/index.php\\\/2023\\\/05\\\/24\\\/sesks-zwycieza-79-rajd-polski\\\/#authorImage\",\"url\":\"https:\\\/\\\/secure.gravatar.com\\\/avatar\\\/69f360f7dae72083ae4bc4ab808684e60db7862f2a4c55f482a5c339df672fd5?s=96&d=mm&r=g\",\"width\":96,\"height\":96,\"caption\":\"Slawek\"}},{\"@type\":\"WebPage\",\"@id\":\"https:\\\/\\\/www.worldrally.eu\\\/index.php\\\/2023\\\/05\\\/24\\\/sesks-zwycieza-79-rajd-polski\\\/#webpage\",\"url\":\"https:\\\/\\\/www.worldrally.eu\\\/index.php\\\/2023\\\/05\\\/24\\\/sesks-zwycieza-79-rajd-polski\\\/\",\"name\":\"Sesks zwyci\\u0119\\u017ca 79 Rajd Polski \\u00bb WorldRally.eu\",\"description\":\"M\\u0101rti\\u1e47\\u0161 Sesks odni\\u00f3s\\u0142 swoje drugie zwyci\\u0119stwo w Rajdowych Mistrzostwach Europy w tym sezonie i wygra\\u0142 ORLEN 79. Rajd Polski wyprzedzaj\\u0105c Heydena Paddona i Miko Marczyka. Sesks wskoczy\\u0142 na fotel lidera po pierwszym popo\\u0142udniowym odcinku specjalnym i nie odda\\u0142 prowadzenia do samego ko\\u0144ca ostatecznie wyprzedzaj\\u0105c drugiego na macie Paddona o 39,6 sekundy. Zwyci\\u0119zca ubieg\\u0142orocznego rajdu Miko\",\"inLanguage\":\"en-GB\",\"isPartOf\":{\"@id\":\"https:\\\/\\\/www.worldrally.eu\\\/#website\"},\"breadcrumb\":{\"@id\":\"https:\\\/\\\/www.worldrally.eu\\\/index.php\\\/2023\\\/05\\\/24\\\/sesks-zwycieza-79-rajd-polski\\\/#breadcrumblist\"},\"author\":{\"@id\":\"https:\\\/\\\/www.worldrally.eu\\\/index.php\\\/author\\\/slawek\\\/#author\"},\"creator\":{\"@id\":\"https:\\\/\\\/www.worldrally.eu\\\/index.php\\\/author\\\/slawek\\\/#author\"},\"image\":{\"@type\":\"ImageObject\",\"url\":\"https:\\\/\\\/www.worldrally.eu\\\/wp-content\\\/uploads\\\/2023\\\/05\\\/79-Rally-Poland-2023-Photo-Adam-Owczarek-PhotoMS.se_-2-1.jpg\",\"@id\":\"https:\\\/\\\/www.worldrally.eu\\\/index.php\\\/2023\\\/05\\\/24\\\/sesks-zwycieza-79-rajd-polski\\\/#mainImage\",\"width\":1620,\"height\":1080},\"primaryImageOfPage\":{\"@id\":\"https:\\\/\\\/www.worldrally.eu\\\/index.php\\\/2023\\\/05\\\/24\\\/sesks-zwycieza-79-rajd-polski\\\/#mainImage\"},\"datePublished\":\"2023-05-24T19:01:07+00:00\",\"dateModified\":\"2023-05-24T19:01:08+00:00\"},{\"@type\":\"WebSite\",\"@id\":\"https:\\\/\\\/www.worldrally.eu\\\/#website\",\"url\":\"https:\\\/\\\/www.worldrally.eu\\\/\",\"name\":\"WorldRally.eu\",\"inLanguage\":\"en-GB\",\"publisher\":{\"@id\":\"https:\\\/\\\/www.worldrally.eu\\\/#organization\"}}]}\n\t\t<\/script>\n\t\t<!-- All in One SEO -->\n\n","aioseo_head_json":{"title":"Sesks zwyci\u0119\u017ca 79 Rajd Polski \u00bb WorldRally.eu","description":"M\u0101rti\u1e47\u0161 Sesks odni\u00f3s\u0142 swoje drugie zwyci\u0119stwo w Rajdowych Mistrzostwach Europy w tym sezonie i wygra\u0142 ORLEN 79. Rajd Polski wyprzedzaj\u0105c Heydena Paddona i Miko Marczyka. Sesks wskoczy\u0142 na fotel lidera po pierwszym popo\u0142udniowym odcinku specjalnym i nie odda\u0142 prowadzenia do samego ko\u0144ca ostatecznie wyprzedzaj\u0105c drugiego na macie Paddona o 39,6 sekundy. Zwyci\u0119zca ubieg\u0142orocznego rajdu Miko","canonical_url":"https:\/\/www.worldrally.eu\/index.php\/2023\/05\/24\/sesks-zwycieza-79-rajd-polski\/","robots":"max-image-preview:large","keywords":"","webmasterTools":{"miscellaneous":""},"schema":{"@context":"https:\/\/schema.org","@graph":[{"@type":"BlogPosting","@id":"https:\/\/www.worldrally.eu\/index.php\/2023\/05\/24\/sesks-zwycieza-79-rajd-polski\/#blogposting","name":"Sesks zwyci\u0119\u017ca 79 Rajd Polski \u00bb WorldRally.eu","headline":"Sesks zwyci\u0119\u017ca 79 Rajd Polski","author":{"@id":"https:\/\/www.worldrally.eu\/index.php\/author\/slawek\/#author"},"publisher":{"@id":"https:\/\/www.worldrally.eu\/#organization"},"image":{"@type":"ImageObject","url":"https:\/\/www.worldrally.eu\/wp-content\/uploads\/2023\/05\/79-Rally-Poland-2023-Photo-Adam-Owczarek-PhotoMS.se_-2-1.jpg","width":1620,"height":1080},"datePublished":"2023-05-24T19:01:07+00:00","dateModified":"2023-05-24T19:01:08+00:00","inLanguage":"en-GB","mainEntityOfPage":{"@id":"https:\/\/www.worldrally.eu\/index.php\/2023\/05\/24\/sesks-zwycieza-79-rajd-polski\/#webpage"},"isPartOf":{"@id":"https:\/\/www.worldrally.eu\/index.php\/2023\/05\/24\/sesks-zwycieza-79-rajd-polski\/#webpage"},"articleSection":"ERC"},{"@type":"BreadcrumbList","@id":"https:\/\/www.worldrally.eu\/index.php\/2023\/05\/24\/sesks-zwycieza-79-rajd-polski\/#breadcrumblist","itemListElement":[{"@type":"ListItem","@id":"https:\/\/www.worldrally.eu#listItem","position":1,"name":"Home","item":"https:\/\/www.worldrally.eu","nextItem":{"@type":"ListItem","@id":"https:\/\/www.worldrally.eu\/index.php\/category\/erc\/#listItem","name":"ERC"}},{"@type":"ListItem","@id":"https:\/\/www.worldrally.eu\/index.php\/category\/erc\/#listItem","position":2,"name":"ERC","item":"https:\/\/www.worldrally.eu\/index.php\/category\/erc\/","nextItem":{"@type":"ListItem","@id":"https:\/\/www.worldrally.eu\/index.php\/2023\/05\/24\/sesks-zwycieza-79-rajd-polski\/#listItem","name":"Sesks zwyci\u0119\u017ca 79 Rajd Polski"},"previousItem":{"@type":"ListItem","@id":"https:\/\/www.worldrally.eu#listItem","name":"Home"}},{"@type":"ListItem","@id":"https:\/\/www.worldrally.eu\/index.php\/2023\/05\/24\/sesks-zwycieza-79-rajd-polski\/#listItem","position":3,"name":"Sesks zwyci\u0119\u017ca 79 Rajd Polski","previousItem":{"@type":"ListItem","@id":"https:\/\/www.worldrally.eu\/index.php\/category\/erc\/#listItem","name":"ERC"}}]},{"@type":"Organization","@id":"https:\/\/www.worldrally.eu\/#organization","name":"WorldRally.eu","url":"https:\/\/www.worldrally.eu\/","logo":{"@type":"ImageObject","url":"https:\/\/www.worldrally.eu\/wp-content\/uploads\/2026\/01\/cropped-logo-3.png","@id":"https:\/\/www.worldrally.eu\/index.php\/2023\/05\/24\/sesks-zwycieza-79-rajd-polski\/#organizationLogo","width":2039,"height":756},"image":{"@id":"https:\/\/www.worldrally.eu\/index.php\/2023\/05\/24\/sesks-zwycieza-79-rajd-polski\/#organizationLogo"}},{"@type":"Person","@id":"https:\/\/www.worldrally.eu\/index.php\/author\/slawek\/#author","url":"https:\/\/www.worldrally.eu\/index.php\/author\/slawek\/","name":"Slawek","image":{"@type":"ImageObject","@id":"https:\/\/www.worldrally.eu\/index.php\/2023\/05\/24\/sesks-zwycieza-79-rajd-polski\/#authorImage","url":"https:\/\/secure.gravatar.com\/avatar\/69f360f7dae72083ae4bc4ab808684e60db7862f2a4c55f482a5c339df672fd5?s=96&d=mm&r=g","width":96,"height":96,"caption":"Slawek"}},{"@type":"WebPage","@id":"https:\/\/www.worldrally.eu\/index.php\/2023\/05\/24\/sesks-zwycieza-79-rajd-polski\/#webpage","url":"https:\/\/www.worldrally.eu\/index.php\/2023\/05\/24\/sesks-zwycieza-79-rajd-polski\/","name":"Sesks zwyci\u0119\u017ca 79 Rajd Polski \u00bb WorldRally.eu","description":"M\u0101rti\u1e47\u0161 Sesks odni\u00f3s\u0142 swoje drugie zwyci\u0119stwo w Rajdowych Mistrzostwach Europy w tym sezonie i wygra\u0142 ORLEN 79. Rajd Polski wyprzedzaj\u0105c Heydena Paddona i Miko Marczyka. Sesks wskoczy\u0142 na fotel lidera po pierwszym popo\u0142udniowym odcinku specjalnym i nie odda\u0142 prowadzenia do samego ko\u0144ca ostatecznie wyprzedzaj\u0105c drugiego na macie Paddona o 39,6 sekundy. Zwyci\u0119zca ubieg\u0142orocznego rajdu Miko","inLanguage":"en-GB","isPartOf":{"@id":"https:\/\/www.worldrally.eu\/#website"},"breadcrumb":{"@id":"https:\/\/www.worldrally.eu\/index.php\/2023\/05\/24\/sesks-zwycieza-79-rajd-polski\/#breadcrumblist"},"author":{"@id":"https:\/\/www.worldrally.eu\/index.php\/author\/slawek\/#author"},"creator":{"@id":"https:\/\/www.worldrally.eu\/index.php\/author\/slawek\/#author"},"image":{"@type":"ImageObject","url":"https:\/\/www.worldrally.eu\/wp-content\/uploads\/2023\/05\/79-Rally-Poland-2023-Photo-Adam-Owczarek-PhotoMS.se_-2-1.jpg","@id":"https:\/\/www.worldrally.eu\/index.php\/2023\/05\/24\/sesks-zwycieza-79-rajd-polski\/#mainImage","width":1620,"height":1080},"primaryImageOfPage":{"@id":"https:\/\/www.worldrally.eu\/index.php\/2023\/05\/24\/sesks-zwycieza-79-rajd-polski\/#mainImage"},"datePublished":"2023-05-24T19:01:07+00:00","dateModified":"2023-05-24T19:01:08+00:00"},{"@type":"WebSite","@id":"https:\/\/www.worldrally.eu\/#website","url":"https:\/\/www.worldrally.eu\/","name":"WorldRally.eu","inLanguage":"en-GB","publisher":{"@id":"https:\/\/www.worldrally.eu\/#organization"}}]},"og:locale":"en_GB","og:site_name":"WorldRally.eu \u00bb","og:type":"article","og:title":"Sesks zwyci\u0119\u017ca 79 Rajd Polski \u00bb WorldRally.eu","og:description":"M\u0101rti\u1e47\u0161 Sesks odni\u00f3s\u0142 swoje drugie zwyci\u0119stwo w Rajdowych Mistrzostwach Europy w tym sezonie i wygra\u0142 ORLEN 79. Rajd Polski wyprzedzaj\u0105c Heydena Paddona i Miko Marczyka. Sesks wskoczy\u0142 na fotel lidera po pierwszym popo\u0142udniowym odcinku specjalnym i nie odda\u0142 prowadzenia do samego ko\u0144ca ostatecznie wyprzedzaj\u0105c drugiego na macie Paddona o 39,6 sekundy. Zwyci\u0119zca ubieg\u0142orocznego rajdu Miko","og:url":"https:\/\/www.worldrally.eu\/index.php\/2023\/05\/24\/sesks-zwycieza-79-rajd-polski\/","og:image":"https:\/\/www.worldrally.eu\/wp-content\/uploads\/2023\/05\/79-Rally-Poland-2023-Photo-Adam-Owczarek-PhotoMS.se_-2-1.jpg","og:image:secure_url":"https:\/\/www.worldrally.eu\/wp-content\/uploads\/2023\/05\/79-Rally-Poland-2023-Photo-Adam-Owczarek-PhotoMS.se_-2-1.jpg","og:image:width":1620,"og:image:height":1080,"article:published_time":"2023-05-24T19:01:07+00:00","article:modified_time":"2023-05-24T19:01:08+00:00","twitter:card":"summary_large_image","twitter:title":"Sesks zwyci\u0119\u017ca 79 Rajd Polski \u00bb WorldRally.eu","twitter:description":"M\u0101rti\u1e47\u0161 Sesks odni\u00f3s\u0142 swoje drugie zwyci\u0119stwo w Rajdowych Mistrzostwach Europy w tym sezonie i wygra\u0142 ORLEN 79. Rajd Polski wyprzedzaj\u0105c Heydena Paddona i Miko Marczyka. Sesks wskoczy\u0142 na fotel lidera po pierwszym popo\u0142udniowym odcinku specjalnym i nie odda\u0142 prowadzenia do samego ko\u0144ca ostatecznie wyprzedzaj\u0105c drugiego na macie Paddona o 39,6 sekundy. Zwyci\u0119zca ubieg\u0142orocznego rajdu Miko","twitter:image":"https:\/\/www.worldrally.eu\/wp-content\/uploads\/2023\/05\/79-Rally-Poland-2023-Photo-Adam-Owczarek-PhotoMS.se_-2-1.jpg"},"aioseo_meta_data":{"post_id":"1386","title":null,"description":null,"keywords":null,"keyphrases":null,"primary_term":null,"canonical_url":null,"og_title":null,"og_description":null,"og_object_type":"default","og_image_type":"default","og_image_url":null,"og_image_width":null,"og_image_height":null,"og_image_custom_url":null,"og_image_custom_fields":null,"og_video":null,"og_custom_url":null,"og_article_section":null,"og_article_tags":null,"twitter_use_og":false,"twitter_card":"default","twitter_image_type":"default","twitter_image_url":null,"twitter_image_custom_url":null,"twitter_image_custom_fields":null,"twitter_title":null,"twitter_description":null,"schema":{"blockGraphs":[],"customGraphs":[],"default":{"data":{"Article":[],"Course":[],"Dataset":[],"FAQPage":[],"Movie":[],"Person":[],"Product":[],"ProductReview":[],"Car":[],"Recipe":[],"Service":[],"SoftwareApplication":[],"WebPage":[]},"graphName":"","isEnabled":true},"graphs":[]},"schema_type":"default","schema_type_options":null,"pillar_content":false,"robots_default":true,"robots_noindex":false,"robots_noarchive":false,"robots_nosnippet":false,"robots_nofollow":false,"robots_noimageindex":false,"robots_noodp":false,"robots_notranslate":false,"robots_max_snippet":null,"robots_max_videopreview":null,"robots_max_imagepreview":"large","priority":null,"frequency":null,"local_seo":null,"breadcrumb_settings":null,"limit_modified_date":false,"ai":null,"created":"2025-03-22 06:13:13","updated":"2025-10-26 10:33:07","seo_analyzer_scan_date":null},"aioseo_breadcrumb":"<div class=\"aioseo-breadcrumbs\"><span class=\"aioseo-breadcrumb\">\n\t\t\t<a href=\"https:\/\/www.worldrally.eu\" title=\"Home\">Home<\/a>\n\t\t<\/span><span class=\"aioseo-breadcrumb-separator\">&raquo;<\/span><span class=\"aioseo-breadcrumb\">\n\t\t\t<a href=\"https:\/\/www.worldrally.eu\/index.php\/category\/erc\/\" title=\"ERC\">ERC<\/a>\n\t\t<\/span><span class=\"aioseo-breadcrumb-separator\">&raquo;<\/span><span class=\"aioseo-breadcrumb\">\n\t\t\tSesks zwyci\u0119\u017ca 79 Rajd Polski\n\t\t<\/span><\/div>","aioseo_breadcrumb_json":[{"label":"Home","link":"https:\/\/www.worldrally.eu"},{"label":"ERC","link":"https:\/\/www.worldrally.eu\/index.php\/category\/erc\/"},{"label":"Sesks zwyci\u0119\u017ca 79 Rajd Polski","link":"https:\/\/www.worldrally.eu\/index.php\/2023\/05\/24\/sesks-zwycieza-79-rajd-polski\/"}],"cc_featured_image_caption":{"caption_text":"Foto - PhotoMS","source_text":"","source_url":""},"_links":{"self":[{"href":"https:\/\/www.worldrally.eu\/index.php\/wp-json\/wp\/v2\/posts\/1386","targetHints":{"allow":["GET"]}}],"collection":[{"href":"https:\/\/www.worldrally.eu\/index.php\/wp-json\/wp\/v2\/posts"}],"about":[{"href":"https:\/\/www.worldrally.eu\/index.php\/wp-json\/wp\/v2\/types\/post"}],"author":[{"embeddable":true,"href":"https:\/\/www.worldrally.eu\/index.php\/wp-json\/wp\/v2\/users\/4"}],"replies":[{"embeddable":true,"href":"https:\/\/www.worldrally.eu\/index.php\/wp-json\/wp\/v2\/comments?post=1386"}],"version-history":[{"count":1,"href":"https:\/\/www.worldrally.eu\/index.php\/wp-json\/wp\/v2\/posts\/1386\/revisions"}],"predecessor-version":[{"id":1393,"href":"https:\/\/www.worldrally.eu\/index.php\/wp-json\/wp\/v2\/posts\/1386\/revisions\/1393"}],"wp:featuredmedia":[{"embeddable":true,"href":"https:\/\/www.worldrally.eu\/index.php\/wp-json\/wp\/v2\/media\/1387"}],"wp:attachment":[{"href":"https:\/\/www.worldrally.eu\/index.php\/wp-json\/wp\/v2\/media?parent=1386"}],"wp:term":[{"taxonomy":"category","embeddable":true,"href":"https:\/\/www.worldrally.eu\/index.php\/wp-json\/wp\/v2\/categories?post=1386"},{"taxonomy":"post_tag","embeddable":true,"href":"https:\/\/www.worldrally.eu\/index.php\/wp-json\/wp\/v2\/tags?post=1386"}],"curies":[{"name":"wp","href":"https:\/\/api.w.org\/{rel}","templated":true}]}}