{"id":138,"date":"2022-12-09T21:13:00","date_gmt":"2022-12-09T21:13:00","guid":{"rendered":"https:\/\/www.worldrally.eu\/?p=138"},"modified":"2023-02-06T21:21:27","modified_gmt":"2023-02-06T21:21:27","slug":"cais-w-nowym-zespole","status":"publish","type":"post","link":"https:\/\/www.worldrally.eu\/index.php\/2022\/12\/09\/cais-w-nowym-zespole\/","title":{"rendered":"Cais w nowym zespole."},"content":{"rendered":"\n<p>Erik Cais, odnosz\u0105cy sukcesy i utalentowany kierowca wy\u015bcigowy po trzech latach podejmuje radykaln\u0105 decyzj\u0119. Po udanych sezonach za kierownic\u0105 Forda Fiesty R5, wczesnym wieczorem w pi\u0105tek og\u0142osi\u0142 sw\u00f3j transfer do \u0160kody. W najbli\u017cszym sezonie zasi\u0105dzie on w aucie \u0160koda Fabia RS Rally 2 wystartuje w barwach Samohyl Motor.<\/p>\n\n\n\n<p><em>\u201eTo wspania\u0142y samoch\u00f3d, dzi\u0119ki kt\u00f3remu mog\u0119 osi\u0105ga\u0107 jeszcze lepsze wyniki. Naprawd\u0119 nie mog\u0119 si\u0119 doczeka\u0107 pierwszych oficjalnych test\u00f3w, a zw\u0142aszcza pierwszego wy\u015bcigu nadchodz\u0105cego sezonu Monte Carlo\u201d<\/em> \u2013 powiedzia\u0142 Cais<\/p>\n\n\n\n<p><em>\u201ePewne jest, \u017ce czeka nas siedem wy\u015bcig\u00f3w w Mistrzostwach \u015awiata w ramach WRC \u2013 Rajdowych Mistrzostw \u015awiata FIA WRC2 oraz pi\u0119\u0107 wybranych wy\u015bcig\u00f3w Mistrzostw Europy. Oczywi\u015bcie nie zabraknie r\u00f3wnie\u017c emocji w postaci domowego Barum Czech Rally \u201d<\/em> \u2013 doda\u0142<\/p>\n\n\n\n<p class=\"has-medium-font-size\"><\/p>\n\n\n\n<figure class=\"wp-block-image size-large\"><img fetchpriority=\"high\" decoding=\"async\" width=\"1024\" height=\"576\" src=\"https:\/\/www.worldrally.eu\/wp-content\/uploads\/2023\/02\/09-1024x576.jpg\" alt=\"\" class=\"wp-image-139\" srcset=\"https:\/\/www.worldrally.eu\/wp-content\/uploads\/2023\/02\/09-1024x576.jpg 1024w, https:\/\/www.worldrally.eu\/wp-content\/uploads\/2023\/02\/09-300x169.jpg 300w, https:\/\/www.worldrally.eu\/wp-content\/uploads\/2023\/02\/09-768x432.jpg 768w, https:\/\/www.worldrally.eu\/wp-content\/uploads\/2023\/02\/09-1280x720.jpg 1280w, https:\/\/www.worldrally.eu\/wp-content\/uploads\/2023\/02\/09.jpg 1400w\" sizes=\"(max-width: 1024px) 100vw, 1024px\" \/><figcaption class=\"wp-element-caption\">Foto: WRC.com<\/figcaption><\/figure>\n","protected":false},"excerpt":{"rendered":"<p>Erik Cais, odnosz\u0105cy sukcesy i utalentowany kierowca wy\u015bcigowy po trzech latach podejmuje radykaln\u0105 decyzj\u0119. Po udanych sezonach za kierownic\u0105 Forda Fiesty R5, wczesnym wieczorem w pi\u0105tek og\u0142osi\u0142 sw\u00f3j transfer do \u0160kody. W najbli\u017cszym sezonie zasi\u0105dzie on w aucie \u0160koda Fabia RS Rally 2 wystartuje w barwach Samohyl Motor. \u201eTo wspania\u0142y samoch\u00f3d, dzi\u0119ki kt\u00f3remu mog\u0119 osi\u0105ga\u0107 [&hellip;]<\/p>\n","protected":false},"author":2,"featured_media":140,"comment_status":"closed","ping_status":"closed","sticky":false,"template":"","format":"standard","meta":{"footnotes":""},"categories":[4],"tags":[],"class_list":["post-138","post","type-post","status-publish","format-standard","has-post-thumbnail","hentry","category-erc"],"aioseo_notices":[],"cc_featured_image_caption":{"caption_text":"Foto: WRC.com","source_text":"","source_url":""},"_links":{"self":[{"href":"https:\/\/www.worldrally.eu\/index.php\/wp-json\/wp\/v2\/posts\/138","targetHints":{"allow":["GET"]}}],"collection":[{"href":"https:\/\/www.worldrally.eu\/index.php\/wp-json\/wp\/v2\/posts"}],"about":[{"href":"https:\/\/www.worldrally.eu\/index.php\/wp-json\/wp\/v2\/types\/post"}],"author":[{"embeddable":true,"href":"https:\/\/www.worldrally.eu\/index.php\/wp-json\/wp\/v2\/users\/2"}],"replies":[{"embeddable":true,"href":"https:\/\/www.worldrally.eu\/index.php\/wp-json\/wp\/v2\/comments?post=138"}],"version-history":[{"count":1,"href":"https:\/\/www.worldrally.eu\/index.php\/wp-json\/wp\/v2\/posts\/138\/revisions"}],"predecessor-version":[{"id":141,"href":"https:\/\/www.worldrally.eu\/index.php\/wp-json\/wp\/v2\/posts\/138\/revisions\/141"}],"wp:featuredmedia":[{"embeddable":true,"href":"https:\/\/www.worldrally.eu\/index.php\/wp-json\/wp\/v2\/media\/140"}],"wp:attachment":[{"href":"https:\/\/www.worldrally.eu\/index.php\/wp-json\/wp\/v2\/media?parent=138"}],"wp:term":[{"taxonomy":"category","embeddable":true,"href":"https:\/\/www.worldrally.eu\/index.php\/wp-json\/wp\/v2\/categories?post=138"},{"taxonomy":"post_tag","embeddable":true,"href":"https:\/\/www.worldrally.eu\/index.php\/wp-json\/wp\/v2\/tags?post=138"}],"curies":[{"name":"wp","href":"https:\/\/api.w.org\/{rel}","templated":true}]}}