{"id":1365,"date":"2023-05-20T12:48:00","date_gmt":"2023-05-20T12:48:00","guid":{"rendered":"https:\/\/www.worldrally.eu\/?p=1365"},"modified":"2023-05-24T13:25:33","modified_gmt":"2023-05-24T13:25:33","slug":"paddon-liderem-po-porannej-petli","status":"publish","type":"post","link":"https:\/\/www.worldrally.eu\/index.php\/2023\/05\/20\/paddon-liderem-po-porannej-petli\/","title":{"rendered":"Paddon liderem po porannej p\u0119tli"},"content":{"rendered":"\n<p class=\"wp-block-paragraph\">Za\u0142oga Heyden Paddon \/ John Kennard jadca autem Hyundai i20 Rally2 wskoczy\u0142a prowadzenie w 79 Rajdzie Polski zaliczanym do trzeciej rundy Rajdowych Mistrzostw Europy wyprzedzaj\u0105c zaledwie o 1,4 sekundy Martina Sesks i 22,1 sekundy Josh McErlean<\/p>\n\n\n\n<blockquote class=\"wp-block-quote is-layout-flow wp-block-quote-is-layout-flow\">\n<p class=\"wp-block-paragraph\">Mia\u0142em czysty przejazd, czu\u0142em si\u0119 troch\u0119 nieporz\u0105dny w kilku miejscach. Niesamowite etapy do jazdy &#8211; nie ma znaczenia, ile ogl\u0105dasz na pok\u0142adzie, nic nie mo\u017ce ci\u0119 przygotowa\u0107. To wielka sensacja.<\/p>\n<\/blockquote>\n\n\n\n<p class=\"wp-block-paragraph\">powiedzia Paddon<\/p>\n\n\n\n<figure class=\"wp-block-image size-large\"><img fetchpriority=\"high\" decoding=\"async\" width=\"1024\" height=\"683\" src=\"https:\/\/www.worldrally.eu\/wp-content\/uploads\/2023\/05\/79-Rally-Poland-2023-Photo-Adam-Owczarek-PhotoMS.se_-3-1024x683.jpg\" alt=\"\" class=\"wp-image-1367\" srcset=\"https:\/\/www.worldrally.eu\/wp-content\/uploads\/2023\/05\/79-Rally-Poland-2023-Photo-Adam-Owczarek-PhotoMS.se_-3-1024x683.jpg 1024w, https:\/\/www.worldrally.eu\/wp-content\/uploads\/2023\/05\/79-Rally-Poland-2023-Photo-Adam-Owczarek-PhotoMS.se_-3-300x200.jpg 300w, https:\/\/www.worldrally.eu\/wp-content\/uploads\/2023\/05\/79-Rally-Poland-2023-Photo-Adam-Owczarek-PhotoMS.se_-3-768x512.jpg 768w, https:\/\/www.worldrally.eu\/wp-content\/uploads\/2023\/05\/79-Rally-Poland-2023-Photo-Adam-Owczarek-PhotoMS.se_-3-1536x1024.jpg 1536w, https:\/\/www.worldrally.eu\/wp-content\/uploads\/2023\/05\/79-Rally-Poland-2023-Photo-Adam-Owczarek-PhotoMS.se_-3-446x297.jpg 446w, https:\/\/www.worldrally.eu\/wp-content\/uploads\/2023\/05\/79-Rally-Poland-2023-Photo-Adam-Owczarek-PhotoMS.se_-3.jpg 1620w\" sizes=\"(max-width: 1024px) 100vw, 1024px\" \/><figcaption class=\"wp-element-caption\">Foto &#8211; PhotoMS.se<\/figcaption><\/figure>\n\n\n\n<p class=\"wp-block-paragraph\">Sesks bardzo dobrze spisywa\u0142 si\u0119 na porannych sobotnich odcinkach pewnie prowadz\u0105c swoj\u0105 Skod\u0119 Fabia RS Rally 2 regularnie odrabiaj\u0105c straty i awansuj\u0105c a\u017c o dwadzie\u015bcia pozycji od pi\u0105tkowego etapu.<\/p>\n\n\n\n<blockquote class=\"wp-block-quote is-layout-flow wp-block-quote-is-layout-flow\">\n<p class=\"wp-block-paragraph\">Dobr\u0105 rzecz\u0105 jest to, \u017ce wiem, gdzie przegrali\u015bmy i gdzie mo\u017cemy zrobi\u0107 znacznie lepiej. Hayden jest bardziej do\u015bwiadczony ode mnie, ale opu\u015bcimy g\u0142owy i skupimy si\u0119 na nast\u0119pnej p\u0119tli<\/p>\n<cite>powiedzia\u0142 Sesks<\/cite><\/blockquote>\n\n\n\n<p class=\"wp-block-paragraph\">Josh McErlean nie czu\u0142 si\u0119 pewnie na odcinkach, jednak\u017ce z oesu na oes nabiera\u0142 pewno\u015bci siebie co zaowocowa\u0142o trzeci\u0105 pozycja w klasyfikacji generalnej przed zjazdem do serwisu.<\/p>\n\n\n\n<figure class=\"wp-block-image size-large\"><img decoding=\"async\" width=\"1024\" height=\"683\" src=\"https:\/\/www.worldrally.eu\/wp-content\/uploads\/2023\/05\/79-Rally-Poland-2023-Photo-Adam-Owczarek-PhotoMS.se_-2-1024x683.jpg\" alt=\"\" class=\"wp-image-1368\" srcset=\"https:\/\/www.worldrally.eu\/wp-content\/uploads\/2023\/05\/79-Rally-Poland-2023-Photo-Adam-Owczarek-PhotoMS.se_-2-1024x683.jpg 1024w, https:\/\/www.worldrally.eu\/wp-content\/uploads\/2023\/05\/79-Rally-Poland-2023-Photo-Adam-Owczarek-PhotoMS.se_-2-300x200.jpg 300w, https:\/\/www.worldrally.eu\/wp-content\/uploads\/2023\/05\/79-Rally-Poland-2023-Photo-Adam-Owczarek-PhotoMS.se_-2-768x512.jpg 768w, https:\/\/www.worldrally.eu\/wp-content\/uploads\/2023\/05\/79-Rally-Poland-2023-Photo-Adam-Owczarek-PhotoMS.se_-2-1536x1024.jpg 1536w, https:\/\/www.worldrally.eu\/wp-content\/uploads\/2023\/05\/79-Rally-Poland-2023-Photo-Adam-Owczarek-PhotoMS.se_-2-446x297.jpg 446w, https:\/\/www.worldrally.eu\/wp-content\/uploads\/2023\/05\/79-Rally-Poland-2023-Photo-Adam-Owczarek-PhotoMS.se_-2.jpg 1620w\" sizes=\"(max-width: 1024px) 100vw, 1024px\" \/><figcaption class=\"wp-element-caption\">Foto &#8211; PhotoMS.se<\/figcaption><\/figure>\n\n\n\n<blockquote class=\"wp-block-quote is-layout-flow wp-block-quote-is-layout-flow\">\n<p class=\"wp-block-paragraph\">Trudno jest wchodzi\u0107 w te etapy z nowymi notatkami, ale musimy mu zaufa\u0107 w 100%! Nie\u017ale jednak dzi\u015b rano &#8211; za mn\u0105 wci\u0105\u017c s\u0105 szybsze samochody<\/p>\n<cite>powiedzia\u0142 McErlean<\/cite><\/blockquote>\n\n\n\n<p class=\"wp-block-paragraph\">Du\u017cym pechowcem okaza\u0142 si\u0119 obecny Mistrz Polski Tom Kristensson, kt\u00f3ry wpierw na drugim odcinku z\u0142apa\u0142 kapcia w przednim prawym kole i mimo bardzo szybkiej wymiany postanowi\u0142 chwile poczeka\u0107 aby przepu\u015bci\u0107 koleg\u0119 zespo\u0142owego Madsa \u00d8stberga, kt\u00f3ry rywalizuje o tytu\u0142 Rajdowego Mistrza Europy. Niestety to nie by\u0142 koniec problem\u00f3w Szweda, na tym samym odcinku pojawi\u0142 si\u0119 problem ze zmian\u0105 bieg\u00f3w co spowodowa\u0142o i\u017c za\u0142oga spad\u0142a na 68 pozycje w klasyfikacji generalnej.<\/p>\n\n\n\n<figure class=\"wp-block-image size-large\"><img decoding=\"async\" width=\"1024\" height=\"683\" src=\"https:\/\/www.worldrally.eu\/wp-content\/uploads\/2023\/05\/79-Rally-Poland-2023-Photo-Adam-Owczarek-PhotoMS.se-21-1024x683.jpg\" alt=\"\" class=\"wp-image-1369\" srcset=\"https:\/\/www.worldrally.eu\/wp-content\/uploads\/2023\/05\/79-Rally-Poland-2023-Photo-Adam-Owczarek-PhotoMS.se-21-1024x683.jpg 1024w, https:\/\/www.worldrally.eu\/wp-content\/uploads\/2023\/05\/79-Rally-Poland-2023-Photo-Adam-Owczarek-PhotoMS.se-21-300x200.jpg 300w, https:\/\/www.worldrally.eu\/wp-content\/uploads\/2023\/05\/79-Rally-Poland-2023-Photo-Adam-Owczarek-PhotoMS.se-21-768x512.jpg 768w, https:\/\/www.worldrally.eu\/wp-content\/uploads\/2023\/05\/79-Rally-Poland-2023-Photo-Adam-Owczarek-PhotoMS.se-21-1536x1024.jpg 1536w, https:\/\/www.worldrally.eu\/wp-content\/uploads\/2023\/05\/79-Rally-Poland-2023-Photo-Adam-Owczarek-PhotoMS.se-21-446x297.jpg 446w, https:\/\/www.worldrally.eu\/wp-content\/uploads\/2023\/05\/79-Rally-Poland-2023-Photo-Adam-Owczarek-PhotoMS.se-21.jpg 1620w\" sizes=\"(max-width: 1024px) 100vw, 1024px\" \/><figcaption class=\"wp-element-caption\">Foto &#8211; PhotoMS.se<\/figcaption><\/figure>\n\n\n\n<p class=\"wp-block-paragraph\">Trzeci odcinek specjalny okaza\u0142 si\u0119 ostatnim dla Kristenssona po tym jak uszkodzi\u0142 zawieszenie w swoim Citroenie C3 Rally2 uderzaj\u0105c w kamie\u0144. Za\u0142oga postanowi\u0142a si\u0119 z dalszej rywalizacji tym samym ko\u0144cz\u0105c udzia\u0142 w 79 Rajdzie Polski. <\/p>\n","protected":false},"excerpt":{"rendered":"<p>Za\u0142oga Heyden Paddon \/ John Kennard jadca autem Hyundai i20 Rally2 wskoczy\u0142a prowadzenie w 79 Rajdzie Polski zaliczanym do trzeciej rundy Rajdowych Mistrzostw Europy wyprzedzaj\u0105c zaledwie o 1,4 sekundy Martina Sesks i 22,1 sekundy Josh McErlean Mia\u0142em czysty przejazd, czu\u0142em si\u0119 troch\u0119 nieporz\u0105dny w kilku miejscach. Niesamowite etapy do jazdy &#8211; nie ma znaczenia, ile [&hellip;]<\/p>\n","protected":false},"author":2,"featured_media":1366,"comment_status":"closed","ping_status":"closed","sticky":false,"template":"","format":"standard","meta":{"_monsterinsights_skip_tracking":false,"_monsterinsights_sitenote_active":false,"_monsterinsights_sitenote_note":"","_monsterinsights_sitenote_category":0,"footnotes":""},"categories":[4],"tags":[],"class_list":["post-1365","post","type-post","status-publish","format-standard","has-post-thumbnail","hentry","category-erc"],"aioseo_notices":[],"aioseo_head":"\n\t\t<!-- All in One SEO 4.9.9 - aioseo.com -->\n\t<meta name=\"description\" content=\"Za\u0142oga Heyden Paddon \/ John Kennard jadca autem Hyundai i20 Rally2 wskoczy\u0142a prowadzenie w 79 Rajdzie Polski zaliczanym do trzeciej rundy Rajdowych Mistrzostw Europy wyprzedzaj\u0105c zaledwie o 1,4 sekundy Martina Sesks i 22,1 sekundy Josh McErlean Mia\u0142em czysty przejazd, czu\u0142em si\u0119 troch\u0119 nieporz\u0105dny w kilku miejscach. Niesamowite etapy do jazdy - nie ma znaczenia, ile\" \/>\n\t<meta name=\"robots\" content=\"max-image-preview:large\" \/>\n\t<meta name=\"author\" content=\"Magdalena\"\/>\n\t<link rel=\"canonical\" href=\"https:\/\/www.worldrally.eu\/index.php\/2023\/05\/20\/paddon-liderem-po-porannej-petli\/\" \/>\n\t<meta name=\"generator\" content=\"All in One SEO (AIOSEO) 4.9.9\" \/>\n\t\t<meta property=\"og:locale\" content=\"en_GB\" \/>\n\t\t<meta property=\"og:site_name\" content=\"WorldRally.eu \u00bb\" \/>\n\t\t<meta property=\"og:type\" content=\"article\" \/>\n\t\t<meta property=\"og:title\" content=\"Paddon liderem po porannej p\u0119tli \u00bb WorldRally.eu\" \/>\n\t\t<meta property=\"og:description\" content=\"Za\u0142oga Heyden Paddon \/ John Kennard jadca autem Hyundai i20 Rally2 wskoczy\u0142a prowadzenie w 79 Rajdzie Polski zaliczanym do trzeciej rundy Rajdowych Mistrzostw Europy wyprzedzaj\u0105c zaledwie o 1,4 sekundy Martina Sesks i 22,1 sekundy Josh McErlean Mia\u0142em czysty przejazd, czu\u0142em si\u0119 troch\u0119 nieporz\u0105dny w kilku miejscach. Niesamowite etapy do jazdy - nie ma znaczenia, ile\" \/>\n\t\t<meta property=\"og:url\" content=\"https:\/\/www.worldrally.eu\/index.php\/2023\/05\/20\/paddon-liderem-po-porannej-petli\/\" \/>\n\t\t<meta property=\"og:image\" content=\"https:\/\/www.worldrally.eu\/wp-content\/uploads\/2023\/05\/79-Rally-Poland-2023-Photo-Adam-Owczarek-PhotoMS.se-78.jpg\" \/>\n\t\t<meta property=\"og:image:secure_url\" content=\"https:\/\/www.worldrally.eu\/wp-content\/uploads\/2023\/05\/79-Rally-Poland-2023-Photo-Adam-Owczarek-PhotoMS.se-78.jpg\" \/>\n\t\t<meta property=\"og:image:width\" content=\"1596\" \/>\n\t\t<meta property=\"og:image:height\" content=\"1080\" \/>\n\t\t<meta property=\"article:published_time\" content=\"2023-05-20T12:48:00+00:00\" \/>\n\t\t<meta property=\"article:modified_time\" content=\"2023-05-24T13:25:33+00:00\" \/>\n\t\t<meta name=\"twitter:card\" content=\"summary_large_image\" \/>\n\t\t<meta name=\"twitter:title\" content=\"Paddon liderem po porannej p\u0119tli \u00bb WorldRally.eu\" \/>\n\t\t<meta name=\"twitter:description\" content=\"Za\u0142oga Heyden Paddon \/ John Kennard jadca autem Hyundai i20 Rally2 wskoczy\u0142a prowadzenie w 79 Rajdzie Polski zaliczanym do trzeciej rundy Rajdowych Mistrzostw Europy wyprzedzaj\u0105c zaledwie o 1,4 sekundy Martina Sesks i 22,1 sekundy Josh McErlean Mia\u0142em czysty przejazd, czu\u0142em si\u0119 troch\u0119 nieporz\u0105dny w kilku miejscach. Niesamowite etapy do jazdy - nie ma znaczenia, ile\" \/>\n\t\t<meta name=\"twitter:image\" content=\"https:\/\/www.worldrally.eu\/wp-content\/uploads\/2023\/05\/79-Rally-Poland-2023-Photo-Adam-Owczarek-PhotoMS.se-78.jpg\" \/>\n\t\t<script type=\"application\/ld+json\" class=\"aioseo-schema\">\n\t\t\t{\"@context\":\"https:\\\/\\\/schema.org\",\"@graph\":[{\"@type\":\"BlogPosting\",\"@id\":\"https:\\\/\\\/www.worldrally.eu\\\/index.php\\\/2023\\\/05\\\/20\\\/paddon-liderem-po-porannej-petli\\\/#blogposting\",\"name\":\"Paddon liderem po porannej p\\u0119tli \\u00bb WorldRally.eu\",\"headline\":\"Paddon liderem po porannej p\\u0119tli\",\"author\":{\"@id\":\"https:\\\/\\\/www.worldrally.eu\\\/index.php\\\/author\\\/magdalena\\\/#author\"},\"publisher\":{\"@id\":\"https:\\\/\\\/www.worldrally.eu\\\/#organization\"},\"image\":{\"@type\":\"ImageObject\",\"url\":\"https:\\\/\\\/www.worldrally.eu\\\/wp-content\\\/uploads\\\/2023\\\/05\\\/79-Rally-Poland-2023-Photo-Adam-Owczarek-PhotoMS.se-78.jpg\",\"width\":1596,\"height\":1080},\"datePublished\":\"2023-05-20T12:48:00+00:00\",\"dateModified\":\"2023-05-24T13:25:33+00:00\",\"inLanguage\":\"en-GB\",\"mainEntityOfPage\":{\"@id\":\"https:\\\/\\\/www.worldrally.eu\\\/index.php\\\/2023\\\/05\\\/20\\\/paddon-liderem-po-porannej-petli\\\/#webpage\"},\"isPartOf\":{\"@id\":\"https:\\\/\\\/www.worldrally.eu\\\/index.php\\\/2023\\\/05\\\/20\\\/paddon-liderem-po-porannej-petli\\\/#webpage\"},\"articleSection\":\"ERC\"},{\"@type\":\"BreadcrumbList\",\"@id\":\"https:\\\/\\\/www.worldrally.eu\\\/index.php\\\/2023\\\/05\\\/20\\\/paddon-liderem-po-porannej-petli\\\/#breadcrumblist\",\"itemListElement\":[{\"@type\":\"ListItem\",\"@id\":\"https:\\\/\\\/www.worldrally.eu#listItem\",\"position\":1,\"name\":\"Home\",\"item\":\"https:\\\/\\\/www.worldrally.eu\",\"nextItem\":{\"@type\":\"ListItem\",\"@id\":\"https:\\\/\\\/www.worldrally.eu\\\/index.php\\\/category\\\/erc\\\/#listItem\",\"name\":\"ERC\"}},{\"@type\":\"ListItem\",\"@id\":\"https:\\\/\\\/www.worldrally.eu\\\/index.php\\\/category\\\/erc\\\/#listItem\",\"position\":2,\"name\":\"ERC\",\"item\":\"https:\\\/\\\/www.worldrally.eu\\\/index.php\\\/category\\\/erc\\\/\",\"nextItem\":{\"@type\":\"ListItem\",\"@id\":\"https:\\\/\\\/www.worldrally.eu\\\/index.php\\\/2023\\\/05\\\/20\\\/paddon-liderem-po-porannej-petli\\\/#listItem\",\"name\":\"Paddon liderem po porannej p\\u0119tli\"},\"previousItem\":{\"@type\":\"ListItem\",\"@id\":\"https:\\\/\\\/www.worldrally.eu#listItem\",\"name\":\"Home\"}},{\"@type\":\"ListItem\",\"@id\":\"https:\\\/\\\/www.worldrally.eu\\\/index.php\\\/2023\\\/05\\\/20\\\/paddon-liderem-po-porannej-petli\\\/#listItem\",\"position\":3,\"name\":\"Paddon liderem po porannej p\\u0119tli\",\"previousItem\":{\"@type\":\"ListItem\",\"@id\":\"https:\\\/\\\/www.worldrally.eu\\\/index.php\\\/category\\\/erc\\\/#listItem\",\"name\":\"ERC\"}}]},{\"@type\":\"Organization\",\"@id\":\"https:\\\/\\\/www.worldrally.eu\\\/#organization\",\"name\":\"WorldRally.eu\",\"url\":\"https:\\\/\\\/www.worldrally.eu\\\/\",\"logo\":{\"@type\":\"ImageObject\",\"url\":\"https:\\\/\\\/www.worldrally.eu\\\/wp-content\\\/uploads\\\/2026\\\/01\\\/cropped-logo-3.png\",\"@id\":\"https:\\\/\\\/www.worldrally.eu\\\/index.php\\\/2023\\\/05\\\/20\\\/paddon-liderem-po-porannej-petli\\\/#organizationLogo\",\"width\":2039,\"height\":756},\"image\":{\"@id\":\"https:\\\/\\\/www.worldrally.eu\\\/index.php\\\/2023\\\/05\\\/20\\\/paddon-liderem-po-porannej-petli\\\/#organizationLogo\"}},{\"@type\":\"Person\",\"@id\":\"https:\\\/\\\/www.worldrally.eu\\\/index.php\\\/author\\\/magdalena\\\/#author\",\"url\":\"https:\\\/\\\/www.worldrally.eu\\\/index.php\\\/author\\\/magdalena\\\/\",\"name\":\"Magdalena\",\"image\":{\"@type\":\"ImageObject\",\"@id\":\"https:\\\/\\\/www.worldrally.eu\\\/index.php\\\/2023\\\/05\\\/20\\\/paddon-liderem-po-porannej-petli\\\/#authorImage\",\"url\":\"https:\\\/\\\/secure.gravatar.com\\\/avatar\\\/853239b46cec38ba30b48d2b091f5538817cc78bdc0944c9ef7408579307e2ea?s=96&d=mm&r=g\",\"width\":96,\"height\":96,\"caption\":\"Magdalena\"}},{\"@type\":\"WebPage\",\"@id\":\"https:\\\/\\\/www.worldrally.eu\\\/index.php\\\/2023\\\/05\\\/20\\\/paddon-liderem-po-porannej-petli\\\/#webpage\",\"url\":\"https:\\\/\\\/www.worldrally.eu\\\/index.php\\\/2023\\\/05\\\/20\\\/paddon-liderem-po-porannej-petli\\\/\",\"name\":\"Paddon liderem po porannej p\\u0119tli \\u00bb WorldRally.eu\",\"description\":\"Za\\u0142oga Heyden Paddon \\\/ John Kennard jadca autem Hyundai i20 Rally2 wskoczy\\u0142a prowadzenie w 79 Rajdzie Polski zaliczanym do trzeciej rundy Rajdowych Mistrzostw Europy wyprzedzaj\\u0105c zaledwie o 1,4 sekundy Martina Sesks i 22,1 sekundy Josh McErlean Mia\\u0142em czysty przejazd, czu\\u0142em si\\u0119 troch\\u0119 nieporz\\u0105dny w kilku miejscach. Niesamowite etapy do jazdy - nie ma znaczenia, ile\",\"inLanguage\":\"en-GB\",\"isPartOf\":{\"@id\":\"https:\\\/\\\/www.worldrally.eu\\\/#website\"},\"breadcrumb\":{\"@id\":\"https:\\\/\\\/www.worldrally.eu\\\/index.php\\\/2023\\\/05\\\/20\\\/paddon-liderem-po-porannej-petli\\\/#breadcrumblist\"},\"author\":{\"@id\":\"https:\\\/\\\/www.worldrally.eu\\\/index.php\\\/author\\\/magdalena\\\/#author\"},\"creator\":{\"@id\":\"https:\\\/\\\/www.worldrally.eu\\\/index.php\\\/author\\\/magdalena\\\/#author\"},\"image\":{\"@type\":\"ImageObject\",\"url\":\"https:\\\/\\\/www.worldrally.eu\\\/wp-content\\\/uploads\\\/2023\\\/05\\\/79-Rally-Poland-2023-Photo-Adam-Owczarek-PhotoMS.se-78.jpg\",\"@id\":\"https:\\\/\\\/www.worldrally.eu\\\/index.php\\\/2023\\\/05\\\/20\\\/paddon-liderem-po-porannej-petli\\\/#mainImage\",\"width\":1596,\"height\":1080},\"primaryImageOfPage\":{\"@id\":\"https:\\\/\\\/www.worldrally.eu\\\/index.php\\\/2023\\\/05\\\/20\\\/paddon-liderem-po-porannej-petli\\\/#mainImage\"},\"datePublished\":\"2023-05-20T12:48:00+00:00\",\"dateModified\":\"2023-05-24T13:25:33+00:00\"},{\"@type\":\"WebSite\",\"@id\":\"https:\\\/\\\/www.worldrally.eu\\\/#website\",\"url\":\"https:\\\/\\\/www.worldrally.eu\\\/\",\"name\":\"WorldRally.eu\",\"inLanguage\":\"en-GB\",\"publisher\":{\"@id\":\"https:\\\/\\\/www.worldrally.eu\\\/#organization\"}}]}\n\t\t<\/script>\n\t\t<!-- All in One SEO -->\n\n","aioseo_head_json":{"title":"Paddon liderem po porannej p\u0119tli \u00bb WorldRally.eu","description":"Za\u0142oga Heyden Paddon \/ John Kennard jadca autem Hyundai i20 Rally2 wskoczy\u0142a prowadzenie w 79 Rajdzie Polski zaliczanym do trzeciej rundy Rajdowych Mistrzostw Europy wyprzedzaj\u0105c zaledwie o 1,4 sekundy Martina Sesks i 22,1 sekundy Josh McErlean Mia\u0142em czysty przejazd, czu\u0142em si\u0119 troch\u0119 nieporz\u0105dny w kilku miejscach. Niesamowite etapy do jazdy - nie ma znaczenia, ile","canonical_url":"https:\/\/www.worldrally.eu\/index.php\/2023\/05\/20\/paddon-liderem-po-porannej-petli\/","robots":"max-image-preview:large","keywords":"","webmasterTools":{"miscellaneous":""},"schema":{"@context":"https:\/\/schema.org","@graph":[{"@type":"BlogPosting","@id":"https:\/\/www.worldrally.eu\/index.php\/2023\/05\/20\/paddon-liderem-po-porannej-petli\/#blogposting","name":"Paddon liderem po porannej p\u0119tli \u00bb WorldRally.eu","headline":"Paddon liderem po porannej p\u0119tli","author":{"@id":"https:\/\/www.worldrally.eu\/index.php\/author\/magdalena\/#author"},"publisher":{"@id":"https:\/\/www.worldrally.eu\/#organization"},"image":{"@type":"ImageObject","url":"https:\/\/www.worldrally.eu\/wp-content\/uploads\/2023\/05\/79-Rally-Poland-2023-Photo-Adam-Owczarek-PhotoMS.se-78.jpg","width":1596,"height":1080},"datePublished":"2023-05-20T12:48:00+00:00","dateModified":"2023-05-24T13:25:33+00:00","inLanguage":"en-GB","mainEntityOfPage":{"@id":"https:\/\/www.worldrally.eu\/index.php\/2023\/05\/20\/paddon-liderem-po-porannej-petli\/#webpage"},"isPartOf":{"@id":"https:\/\/www.worldrally.eu\/index.php\/2023\/05\/20\/paddon-liderem-po-porannej-petli\/#webpage"},"articleSection":"ERC"},{"@type":"BreadcrumbList","@id":"https:\/\/www.worldrally.eu\/index.php\/2023\/05\/20\/paddon-liderem-po-porannej-petli\/#breadcrumblist","itemListElement":[{"@type":"ListItem","@id":"https:\/\/www.worldrally.eu#listItem","position":1,"name":"Home","item":"https:\/\/www.worldrally.eu","nextItem":{"@type":"ListItem","@id":"https:\/\/www.worldrally.eu\/index.php\/category\/erc\/#listItem","name":"ERC"}},{"@type":"ListItem","@id":"https:\/\/www.worldrally.eu\/index.php\/category\/erc\/#listItem","position":2,"name":"ERC","item":"https:\/\/www.worldrally.eu\/index.php\/category\/erc\/","nextItem":{"@type":"ListItem","@id":"https:\/\/www.worldrally.eu\/index.php\/2023\/05\/20\/paddon-liderem-po-porannej-petli\/#listItem","name":"Paddon liderem po porannej p\u0119tli"},"previousItem":{"@type":"ListItem","@id":"https:\/\/www.worldrally.eu#listItem","name":"Home"}},{"@type":"ListItem","@id":"https:\/\/www.worldrally.eu\/index.php\/2023\/05\/20\/paddon-liderem-po-porannej-petli\/#listItem","position":3,"name":"Paddon liderem po porannej p\u0119tli","previousItem":{"@type":"ListItem","@id":"https:\/\/www.worldrally.eu\/index.php\/category\/erc\/#listItem","name":"ERC"}}]},{"@type":"Organization","@id":"https:\/\/www.worldrally.eu\/#organization","name":"WorldRally.eu","url":"https:\/\/www.worldrally.eu\/","logo":{"@type":"ImageObject","url":"https:\/\/www.worldrally.eu\/wp-content\/uploads\/2026\/01\/cropped-logo-3.png","@id":"https:\/\/www.worldrally.eu\/index.php\/2023\/05\/20\/paddon-liderem-po-porannej-petli\/#organizationLogo","width":2039,"height":756},"image":{"@id":"https:\/\/www.worldrally.eu\/index.php\/2023\/05\/20\/paddon-liderem-po-porannej-petli\/#organizationLogo"}},{"@type":"Person","@id":"https:\/\/www.worldrally.eu\/index.php\/author\/magdalena\/#author","url":"https:\/\/www.worldrally.eu\/index.php\/author\/magdalena\/","name":"Magdalena","image":{"@type":"ImageObject","@id":"https:\/\/www.worldrally.eu\/index.php\/2023\/05\/20\/paddon-liderem-po-porannej-petli\/#authorImage","url":"https:\/\/secure.gravatar.com\/avatar\/853239b46cec38ba30b48d2b091f5538817cc78bdc0944c9ef7408579307e2ea?s=96&d=mm&r=g","width":96,"height":96,"caption":"Magdalena"}},{"@type":"WebPage","@id":"https:\/\/www.worldrally.eu\/index.php\/2023\/05\/20\/paddon-liderem-po-porannej-petli\/#webpage","url":"https:\/\/www.worldrally.eu\/index.php\/2023\/05\/20\/paddon-liderem-po-porannej-petli\/","name":"Paddon liderem po porannej p\u0119tli \u00bb WorldRally.eu","description":"Za\u0142oga Heyden Paddon \/ John Kennard jadca autem Hyundai i20 Rally2 wskoczy\u0142a prowadzenie w 79 Rajdzie Polski zaliczanym do trzeciej rundy Rajdowych Mistrzostw Europy wyprzedzaj\u0105c zaledwie o 1,4 sekundy Martina Sesks i 22,1 sekundy Josh McErlean Mia\u0142em czysty przejazd, czu\u0142em si\u0119 troch\u0119 nieporz\u0105dny w kilku miejscach. Niesamowite etapy do jazdy - nie ma znaczenia, ile","inLanguage":"en-GB","isPartOf":{"@id":"https:\/\/www.worldrally.eu\/#website"},"breadcrumb":{"@id":"https:\/\/www.worldrally.eu\/index.php\/2023\/05\/20\/paddon-liderem-po-porannej-petli\/#breadcrumblist"},"author":{"@id":"https:\/\/www.worldrally.eu\/index.php\/author\/magdalena\/#author"},"creator":{"@id":"https:\/\/www.worldrally.eu\/index.php\/author\/magdalena\/#author"},"image":{"@type":"ImageObject","url":"https:\/\/www.worldrally.eu\/wp-content\/uploads\/2023\/05\/79-Rally-Poland-2023-Photo-Adam-Owczarek-PhotoMS.se-78.jpg","@id":"https:\/\/www.worldrally.eu\/index.php\/2023\/05\/20\/paddon-liderem-po-porannej-petli\/#mainImage","width":1596,"height":1080},"primaryImageOfPage":{"@id":"https:\/\/www.worldrally.eu\/index.php\/2023\/05\/20\/paddon-liderem-po-porannej-petli\/#mainImage"},"datePublished":"2023-05-20T12:48:00+00:00","dateModified":"2023-05-24T13:25:33+00:00"},{"@type":"WebSite","@id":"https:\/\/www.worldrally.eu\/#website","url":"https:\/\/www.worldrally.eu\/","name":"WorldRally.eu","inLanguage":"en-GB","publisher":{"@id":"https:\/\/www.worldrally.eu\/#organization"}}]},"og:locale":"en_GB","og:site_name":"WorldRally.eu \u00bb","og:type":"article","og:title":"Paddon liderem po porannej p\u0119tli \u00bb WorldRally.eu","og:description":"Za\u0142oga Heyden Paddon \/ John Kennard jadca autem Hyundai i20 Rally2 wskoczy\u0142a prowadzenie w 79 Rajdzie Polski zaliczanym do trzeciej rundy Rajdowych Mistrzostw Europy wyprzedzaj\u0105c zaledwie o 1,4 sekundy Martina Sesks i 22,1 sekundy Josh McErlean Mia\u0142em czysty przejazd, czu\u0142em si\u0119 troch\u0119 nieporz\u0105dny w kilku miejscach. Niesamowite etapy do jazdy - nie ma znaczenia, ile","og:url":"https:\/\/www.worldrally.eu\/index.php\/2023\/05\/20\/paddon-liderem-po-porannej-petli\/","og:image":"https:\/\/www.worldrally.eu\/wp-content\/uploads\/2023\/05\/79-Rally-Poland-2023-Photo-Adam-Owczarek-PhotoMS.se-78.jpg","og:image:secure_url":"https:\/\/www.worldrally.eu\/wp-content\/uploads\/2023\/05\/79-Rally-Poland-2023-Photo-Adam-Owczarek-PhotoMS.se-78.jpg","og:image:width":1596,"og:image:height":1080,"article:published_time":"2023-05-20T12:48:00+00:00","article:modified_time":"2023-05-24T13:25:33+00:00","twitter:card":"summary_large_image","twitter:title":"Paddon liderem po porannej p\u0119tli \u00bb WorldRally.eu","twitter:description":"Za\u0142oga Heyden Paddon \/ John Kennard jadca autem Hyundai i20 Rally2 wskoczy\u0142a prowadzenie w 79 Rajdzie Polski zaliczanym do trzeciej rundy Rajdowych Mistrzostw Europy wyprzedzaj\u0105c zaledwie o 1,4 sekundy Martina Sesks i 22,1 sekundy Josh McErlean Mia\u0142em czysty przejazd, czu\u0142em si\u0119 troch\u0119 nieporz\u0105dny w kilku miejscach. Niesamowite etapy do jazdy - nie ma znaczenia, ile","twitter:image":"https:\/\/www.worldrally.eu\/wp-content\/uploads\/2023\/05\/79-Rally-Poland-2023-Photo-Adam-Owczarek-PhotoMS.se-78.jpg"},"aioseo_meta_data":{"post_id":"1365","title":null,"description":null,"keywords":null,"keyphrases":null,"primary_term":null,"canonical_url":null,"og_title":null,"og_description":null,"og_object_type":"default","og_image_type":"default","og_image_url":null,"og_image_width":null,"og_image_height":null,"og_image_custom_url":null,"og_image_custom_fields":null,"og_video":null,"og_custom_url":null,"og_article_section":null,"og_article_tags":null,"twitter_use_og":false,"twitter_card":"default","twitter_image_type":"default","twitter_image_url":null,"twitter_image_custom_url":null,"twitter_image_custom_fields":null,"twitter_title":null,"twitter_description":null,"schema":{"blockGraphs":[],"customGraphs":[],"default":{"data":{"Article":[],"Course":[],"Dataset":[],"FAQPage":[],"Movie":[],"Person":[],"Product":[],"ProductReview":[],"Car":[],"Recipe":[],"Service":[],"SoftwareApplication":[],"WebPage":[]},"graphName":"","isEnabled":true},"graphs":[]},"schema_type":"default","schema_type_options":null,"pillar_content":false,"robots_default":true,"robots_noindex":false,"robots_noarchive":false,"robots_nosnippet":false,"robots_nofollow":false,"robots_noimageindex":false,"robots_noodp":false,"robots_notranslate":false,"robots_max_snippet":null,"robots_max_videopreview":null,"robots_max_imagepreview":"large","priority":null,"frequency":null,"local_seo":null,"breadcrumb_settings":null,"limit_modified_date":false,"ai":null,"created":"2025-03-22 06:12:37","updated":"2025-10-26 10:17:44","seo_analyzer_scan_date":null},"aioseo_breadcrumb":"<div class=\"aioseo-breadcrumbs\"><span class=\"aioseo-breadcrumb\">\n\t\t\t<a href=\"https:\/\/www.worldrally.eu\" title=\"Home\">Home<\/a>\n\t\t<\/span><span class=\"aioseo-breadcrumb-separator\">&raquo;<\/span><span class=\"aioseo-breadcrumb\">\n\t\t\t<a href=\"https:\/\/www.worldrally.eu\/index.php\/category\/erc\/\" title=\"ERC\">ERC<\/a>\n\t\t<\/span><span class=\"aioseo-breadcrumb-separator\">&raquo;<\/span><span class=\"aioseo-breadcrumb\">\n\t\t\tPaddon liderem po porannej p\u0119tli\n\t\t<\/span><\/div>","aioseo_breadcrumb_json":[{"label":"Home","link":"https:\/\/www.worldrally.eu"},{"label":"ERC","link":"https:\/\/www.worldrally.eu\/index.php\/category\/erc\/"},{"label":"Paddon liderem po porannej p\u0119tli","link":"https:\/\/www.worldrally.eu\/index.php\/2023\/05\/20\/paddon-liderem-po-porannej-petli\/"}],"cc_featured_image_caption":{"caption_text":"Foto - PhotoMS.se","source_text":"","source_url":""},"_links":{"self":[{"href":"https:\/\/www.worldrally.eu\/index.php\/wp-json\/wp\/v2\/posts\/1365","targetHints":{"allow":["GET"]}}],"collection":[{"href":"https:\/\/www.worldrally.eu\/index.php\/wp-json\/wp\/v2\/posts"}],"about":[{"href":"https:\/\/www.worldrally.eu\/index.php\/wp-json\/wp\/v2\/types\/post"}],"author":[{"embeddable":true,"href":"https:\/\/www.worldrally.eu\/index.php\/wp-json\/wp\/v2\/users\/2"}],"replies":[{"embeddable":true,"href":"https:\/\/www.worldrally.eu\/index.php\/wp-json\/wp\/v2\/comments?post=1365"}],"version-history":[{"count":1,"href":"https:\/\/www.worldrally.eu\/index.php\/wp-json\/wp\/v2\/posts\/1365\/revisions"}],"predecessor-version":[{"id":1370,"href":"https:\/\/www.worldrally.eu\/index.php\/wp-json\/wp\/v2\/posts\/1365\/revisions\/1370"}],"wp:featuredmedia":[{"embeddable":true,"href":"https:\/\/www.worldrally.eu\/index.php\/wp-json\/wp\/v2\/media\/1366"}],"wp:attachment":[{"href":"https:\/\/www.worldrally.eu\/index.php\/wp-json\/wp\/v2\/media?parent=1365"}],"wp:term":[{"taxonomy":"category","embeddable":true,"href":"https:\/\/www.worldrally.eu\/index.php\/wp-json\/wp\/v2\/categories?post=1365"},{"taxonomy":"post_tag","embeddable":true,"href":"https:\/\/www.worldrally.eu\/index.php\/wp-json\/wp\/v2\/tags?post=1365"}],"curies":[{"name":"wp","href":"https:\/\/api.w.org\/{rel}","templated":true}]}}