{"id":1360,"date":"2023-05-19T11:43:00","date_gmt":"2023-05-19T11:43:00","guid":{"rendered":"https:\/\/www.worldrally.eu\/?p=1360"},"modified":"2023-05-24T12:05:08","modified_gmt":"2023-05-24T12:05:08","slug":"marczyk-najlepszy-na-arena-mikolajki","status":"publish","type":"post","link":"https:\/\/www.worldrally.eu\/index.php\/2023\/05\/19\/marczyk-najlepszy-na-arena-mikolajki\/","title":{"rendered":"Marczyk najlepszy na Arena Miko\u0142ajki"},"content":{"rendered":"\n<p class=\"wp-block-paragraph\">Miejscowy bohater Miko Marczyk  wraz z pilotem Szymonem Gospodarczyk okazali si\u0119 najlepszym duetem na torze Arena Miko\u0142ajki o \u0142\u0105cznej d\u0142ugo\u015bci 2,5 km uzyskuj\u0105c rekordowy czas 1.47,7 sekundy. Drugi czas uzyska\u0142 obecny lider klasyfikacji Rajdowych Mistrzostw Europy Heyden Paddon i John Kennard trac\u0105 tylko 0,9 sekundy. Trzecim najlepszym kierowca tego dnia okaza\u0142 si\u0119 Czech Erik Cais.<\/p>\n\n\n\n<figure class=\"wp-block-image size-large\"><img fetchpriority=\"high\" decoding=\"async\" width=\"1024\" height=\"683\" src=\"https:\/\/www.worldrally.eu\/wp-content\/uploads\/2023\/05\/79-Rally-Poland-2023-Photo-Adam-Owczarek-PhotoMS.se_-1024x683.jpg\" alt=\"\" class=\"wp-image-1362\" srcset=\"https:\/\/www.worldrally.eu\/wp-content\/uploads\/2023\/05\/79-Rally-Poland-2023-Photo-Adam-Owczarek-PhotoMS.se_-1024x683.jpg 1024w, https:\/\/www.worldrally.eu\/wp-content\/uploads\/2023\/05\/79-Rally-Poland-2023-Photo-Adam-Owczarek-PhotoMS.se_-300x200.jpg 300w, https:\/\/www.worldrally.eu\/wp-content\/uploads\/2023\/05\/79-Rally-Poland-2023-Photo-Adam-Owczarek-PhotoMS.se_-768x512.jpg 768w, https:\/\/www.worldrally.eu\/wp-content\/uploads\/2023\/05\/79-Rally-Poland-2023-Photo-Adam-Owczarek-PhotoMS.se_-1536x1024.jpg 1536w, https:\/\/www.worldrally.eu\/wp-content\/uploads\/2023\/05\/79-Rally-Poland-2023-Photo-Adam-Owczarek-PhotoMS.se_-446x297.jpg 446w, https:\/\/www.worldrally.eu\/wp-content\/uploads\/2023\/05\/79-Rally-Poland-2023-Photo-Adam-Owczarek-PhotoMS.se_.jpg 1620w\" sizes=\"(max-width: 1024px) 100vw, 1024px\" \/><figcaption class=\"wp-element-caption\">Foto &#8211; PhotoMS.se<\/figcaption><\/figure>\n\n\n\n<blockquote class=\"wp-block-quote is-layout-flow wp-block-quote-is-layout-flow\">\n<p class=\"wp-block-paragraph\">Jest tylko jedno miejsce na podium, kt\u00f3rego potrzebujemy, aby go uko\u0144czy\u0107 tutaj, zastosujemy to samo podej\u015bcie, kt\u00f3re przyj\u0119li\u015bmy w ka\u017cdym rajdzie tutaj i postaramy si\u0119 by\u0107 szybsi<\/p>\n<cite>powiedzia\u0142 Paddon<\/cite><\/blockquote>\n\n\n\n<p class=\"wp-block-paragraph\">Czech osi\u0105gn\u0105\u0142 trzeci najlepszy czas trac\u0105c 1,1 sekundy do Marczyka a obecny Mistrz Europy Efr\u00e9nem Llaren\u0105 czwartym. Pierwsz\u0105 pi\u0105tk\u0119 uzupe\u0142ni\u0142 dwukrotny mistrz Polski Grzegorz Grzyb, wyprzedzaj\u0105c o jedno miejsce Toma Kristenssona obecnego Mistrza Polski<\/p>\n\n\n\n<figure class=\"wp-block-image size-large\"><img decoding=\"async\" width=\"1024\" height=\"683\" src=\"https:\/\/www.worldrally.eu\/wp-content\/uploads\/2023\/05\/79-Rally-Poland-2023-Photo-Adam-Owczarek-PhotoMS.se-7-1024x683.jpg\" alt=\"\" class=\"wp-image-1363\" srcset=\"https:\/\/www.worldrally.eu\/wp-content\/uploads\/2023\/05\/79-Rally-Poland-2023-Photo-Adam-Owczarek-PhotoMS.se-7-1024x683.jpg 1024w, https:\/\/www.worldrally.eu\/wp-content\/uploads\/2023\/05\/79-Rally-Poland-2023-Photo-Adam-Owczarek-PhotoMS.se-7-300x200.jpg 300w, https:\/\/www.worldrally.eu\/wp-content\/uploads\/2023\/05\/79-Rally-Poland-2023-Photo-Adam-Owczarek-PhotoMS.se-7-768x512.jpg 768w, https:\/\/www.worldrally.eu\/wp-content\/uploads\/2023\/05\/79-Rally-Poland-2023-Photo-Adam-Owczarek-PhotoMS.se-7-1536x1024.jpg 1536w, https:\/\/www.worldrally.eu\/wp-content\/uploads\/2023\/05\/79-Rally-Poland-2023-Photo-Adam-Owczarek-PhotoMS.se-7-446x297.jpg 446w, https:\/\/www.worldrally.eu\/wp-content\/uploads\/2023\/05\/79-Rally-Poland-2023-Photo-Adam-Owczarek-PhotoMS.se-7.jpg 1620w\" sizes=\"(max-width: 1024px) 100vw, 1024px\" \/><figcaption class=\"wp-element-caption\">Foto &#8211; PhotoMs.se<\/figcaption><\/figure>\n\n\n\n<blockquote class=\"wp-block-quote is-layout-flow wp-block-quote-is-layout-flow\">\n<p class=\"wp-block-paragraph\">To by\u0142a \u015bwietna zabawa, ten etap. W\u0142a\u015bciwe etapy s\u0105 jutro. Jako starter do rajdu jest to naprawd\u0119 dobre<\/p>\n<cite>powiedzia\u0142 na mecie pierwszego odcinka Cais<\/cite><\/blockquote>\n\n\n\n<figure class=\"wp-block-table\"><table><tbody><tr><td>1.<\/td><td><img decoding=\"async\" src=\"https:\/\/www.ewrc-results.com\/images\/flags2\/poland.png\" alt=\"flag\"><br>#6<\/td><td><img decoding=\"async\" src=\"https:\/\/www.ewrc-results.com\/images\/icon\/skoda2023b.png\" alt=\"logo\"> <a href=\"https:\/\/www.ewrc-results.com\/entryinfo\/79919-orlen-rajd-polski-rally-poland-2023\/3718980\/\">Marczyk M. &#8211; Gospodarczyk S.<\/a><br>\u0160koda Fabia RS Rally2 <img decoding=\"async\" src=\"https:\/\/www.ewrc-results.com\/images\/tyres\/michelin_red.png\" alt=\"tyre\"><\/td><td>RC2<br>2<\/td><td>1:47.7<br><\/td><td><\/td><td>83.6<\/td><\/tr><tr><td>2.<\/td><td><img decoding=\"async\" src=\"https:\/\/www.ewrc-results.com\/images\/flags2\/newzealand.png\" alt=\"flag\"><br>#1<\/td><td><img decoding=\"async\" src=\"https:\/\/www.ewrc-results.com\/images\/icon\/hyundai2.png\" alt=\"logo\"> <a href=\"https:\/\/www.ewrc-results.com\/entryinfo\/79919-orlen-rajd-polski-rally-poland-2023\/3719413\/\">Paddon Hayden &#8211; Kennard John<\/a><br>Hyundai i20 N Rally2 <img decoding=\"async\" src=\"https:\/\/www.ewrc-results.com\/images\/tyres\/pirelli_red.png\" alt=\"tyre\"><\/td><td>RC2<\/td><td>1:48.6<br><\/td><td>+0.9<br>+0.9<\/td><td>82.9<br>0.36<\/td><\/tr><tr><td>3.<\/td><td><img decoding=\"async\" src=\"https:\/\/www.ewrc-results.com\/images\/flags2\/czech.png\" alt=\"flag\"><br>#22<\/td><td><img decoding=\"async\" src=\"https:\/\/www.ewrc-results.com\/images\/icon\/skoda2023b.png\" alt=\"logo\"> <a href=\"https:\/\/www.ewrc-results.com\/entryinfo\/79919-orlen-rajd-polski-rally-poland-2023\/3720696\/\">Cais Erik &#8211; Bacig\u00e1l Igor<\/a><br>\u0160koda Fabia RS Rally2 <img decoding=\"async\" src=\"https:\/\/www.ewrc-results.com\/images\/tyres\/michelin_red.png\" alt=\"tyre\"><\/td><td>RC2<\/td><td>1:48.8<br><\/td><td>+1.1<br>+0.2<\/td><td>82.7<br>0.44<\/td><\/tr><tr><td>4.<\/td><td><img decoding=\"async\" src=\"https:\/\/www.ewrc-results.com\/images\/flags2\/spain.png\" alt=\"flag\"><br>#2<\/td><td><img decoding=\"async\" src=\"https:\/\/www.ewrc-results.com\/images\/icon\/skoda2023b.png\" alt=\"logo\"> <a href=\"https:\/\/www.ewrc-results.com\/entryinfo\/79919-orlen-rajd-polski-rally-poland-2023\/3719416\/\">Llarena Efr\u00e9n &#8211; Fern\u00e1ndez Sara<\/a><br>\u0160koda Fabia RS Rally2 <img decoding=\"async\" src=\"https:\/\/www.ewrc-results.com\/images\/tyres\/mrf3.png\" alt=\"tyre\"><\/td><td>RC2<\/td><td>1:49.0<br><\/td><td>+1.3<br>+0.2<\/td><td>82.6<br>0.52<\/td><\/tr><tr><td>5.<\/td><td><img decoding=\"async\" src=\"https:\/\/www.ewrc-results.com\/images\/flags2\/poland.png\" alt=\"flag\"><br>#11<\/td><td><img decoding=\"async\" src=\"https:\/\/www.ewrc-results.com\/images\/icon\/skoda.png\" alt=\"logo\"> <a href=\"https:\/\/www.ewrc-results.com\/entryinfo\/79919-orlen-rajd-polski-rally-poland-2023\/3720688\/\">Grzyb Grzegorz &#8211; Bini\u0119da Adam<\/a><br>\u0160koda Fabia Rally2 evo <img decoding=\"async\" src=\"https:\/\/www.ewrc-results.com\/images\/tyres\/pirelli_red.png\" alt=\"tyre\"><\/td><td>RC2<br>2<\/td><td>1:49.7<br><\/td><td>+2.0<br>+0.7<\/td><td>82.0<br>0.80<\/td><\/tr><tr><td>6.<\/td><td><img decoding=\"async\" src=\"https:\/\/www.ewrc-results.com\/images\/flags2\/sweden.png\" alt=\"flag\"><br>#4<\/td><td><img decoding=\"async\" src=\"https:\/\/www.ewrc-results.com\/images\/icon\/citroen2009.png\" alt=\"logo\"> <a href=\"https:\/\/www.ewrc-results.com\/entryinfo\/79919-orlen-rajd-polski-rally-poland-2023\/3719415\/\">Kristensson Tom &#8211; Johansson A.<\/a><br>Citro\u00ebn C3 Rally2 <img decoding=\"async\" src=\"https:\/\/www.ewrc-results.com\/images\/tyres\/pirelli_red.png\" alt=\"tyre\"><\/td><td>RC2<\/td><td>1:49.8<br><\/td><td>+2.1<br>+0.1<\/td><td>82.0<br>0.84<\/td><\/tr><tr><td>7.<\/td><td><img decoding=\"async\" src=\"https:\/\/www.ewrc-results.com\/images\/flags2\/italy.png\" alt=\"flag\"><br>#5<\/td><td><img decoding=\"async\" src=\"https:\/\/www.ewrc-results.com\/images\/icon\/skoda.png\" alt=\"logo\"> <a href=\"https:\/\/www.ewrc-results.com\/entryinfo\/79919-orlen-rajd-polski-rally-poland-2023\/3720684\/\">Mabellini Andrea &#8211; Lenzi Virginia<\/a><br>\u0160koda Fabia Rally2 evo <img decoding=\"async\" src=\"https:\/\/www.ewrc-results.com\/images\/tyres\/mrf3.png\" alt=\"tyre\"><\/td><td>RC2<\/td><td>1:49.9<br><\/td><td>+2.2<br>+0.1<\/td><td>81.9<br>0.88<\/td><\/tr><tr><td>=<\/td><td><img decoding=\"async\" src=\"https:\/\/www.ewrc-results.com\/images\/flags2\/romania.png\" alt=\"flag\"><br>#12<\/td><td><img decoding=\"async\" src=\"https:\/\/www.ewrc-results.com\/images\/icon\/skoda.png\" alt=\"logo\"> <a href=\"https:\/\/www.ewrc-results.com\/entryinfo\/79919-orlen-rajd-polski-rally-poland-2023\/3720689\/\">Tempestini Simone &#8211; Itu Sergiu<\/a><br>\u0160koda Fabia Rally2 evo <img decoding=\"async\" src=\"https:\/\/www.ewrc-results.com\/images\/tyres\/pirelli_red.png\" alt=\"tyre\"><\/td><td>RC2<\/td><td>1:49.9<br><\/td><td>+2.2<br>+0.0<\/td><td>81.9<br>0.88<\/td><\/tr><tr><td>9.<\/td><td><img decoding=\"async\" src=\"https:\/\/www.ewrc-results.com\/images\/flags2\/france.png\" alt=\"flag\"><br>#7<\/td><td><img decoding=\"async\" src=\"https:\/\/www.ewrc-results.com\/images\/icon\/skoda.png\" alt=\"logo\"> <a href=\"https:\/\/www.ewrc-results.com\/entryinfo\/79919-orlen-rajd-polski-rally-poland-2023\/3720685\/\">Franceschi M. &#8211; Escartefigue J.<\/a><br>\u0160koda Fabia Rally2 evo <img decoding=\"async\" src=\"https:\/\/www.ewrc-results.com\/images\/tyres\/michelin_red.png\" alt=\"tyre\"><\/td><td>RC2<\/td><td>1:50.0<br><\/td><td>+2.3<br>+0.1<\/td><td>81.8<br>0.92<\/td><\/tr><tr><td>10.<\/td><td><img decoding=\"async\" src=\"https:\/\/www.ewrc-results.com\/images\/flags2\/italy.png\" alt=\"flag\"><br>#9<\/td><td><img decoding=\"async\" src=\"https:\/\/www.ewrc-results.com\/images\/icon\/hyundai2.png\" alt=\"logo\"> <a href=\"https:\/\/www.ewrc-results.com\/entryinfo\/79919-orlen-rajd-polski-rally-poland-2023\/3720687\/\">Nucita Andrea &#8211; Fenoli Manuel<\/a><br>Hyundai i20 N Rally2 <img decoding=\"async\" src=\"https:\/\/www.ewrc-results.com\/images\/tyres\/mrf3.png\" alt=\"tyre\"><\/td><td>RC2<\/td><td>1:50.1<br><\/td><td>+2.4<br>+0.1<\/td><td>81.7<br>0.96<\/td><\/tr><\/tbody><\/table><\/figure>\n","protected":false},"excerpt":{"rendered":"<p>Miejscowy bohater Miko Marczyk wraz z pilotem Szymonem Gospodarczyk okazali si\u0119 najlepszym duetem na torze Arena Miko\u0142ajki o \u0142\u0105cznej d\u0142ugo\u015bci 2,5 km uzyskuj\u0105c rekordowy czas 1.47,7 sekundy. Drugi czas uzyska\u0142 obecny lider klasyfikacji Rajdowych Mistrzostw Europy Heyden Paddon i John Kennard trac\u0105 tylko 0,9 sekundy. Trzecim najlepszym kierowca tego dnia okaza\u0142 si\u0119 Czech Erik Cais. [&hellip;]<\/p>\n","protected":false},"author":4,"featured_media":1361,"comment_status":"closed","ping_status":"closed","sticky":false,"template":"","format":"standard","meta":{"_monsterinsights_skip_tracking":false,"_monsterinsights_sitenote_active":false,"_monsterinsights_sitenote_note":"","_monsterinsights_sitenote_category":0,"footnotes":""},"categories":[4],"tags":[],"class_list":["post-1360","post","type-post","status-publish","format-standard","has-post-thumbnail","hentry","category-erc"],"aioseo_notices":[],"aioseo_head":"\n\t\t<!-- All in One SEO 4.9.9 - aioseo.com -->\n\t<meta name=\"description\" content=\"Miejscowy bohater Miko Marczyk wraz z pilotem Szymonem Gospodarczyk okazali si\u0119 najlepszym duetem na torze Arena Miko\u0142ajki o \u0142\u0105cznej d\u0142ugo\u015bci 2,5 km uzyskuj\u0105c rekordowy czas 1.47,7 sekundy. Drugi czas uzyska\u0142 obecny lider klasyfikacji Rajdowych Mistrzostw Europy Heyden Paddon i John Kennard trac\u0105 tylko 0,9 sekundy. Trzecim najlepszym kierowca tego dnia okaza\u0142 si\u0119 Czech Erik Cais.\" \/>\n\t<meta name=\"robots\" content=\"max-image-preview:large\" \/>\n\t<meta name=\"author\" content=\"Slawek\"\/>\n\t<link rel=\"canonical\" href=\"https:\/\/www.worldrally.eu\/index.php\/2023\/05\/19\/marczyk-najlepszy-na-arena-mikolajki\/\" \/>\n\t<meta name=\"generator\" content=\"All in One SEO (AIOSEO) 4.9.9\" \/>\n\t\t<meta property=\"og:locale\" content=\"en_GB\" \/>\n\t\t<meta property=\"og:site_name\" content=\"WorldRally.eu \u00bb\" \/>\n\t\t<meta property=\"og:type\" content=\"article\" \/>\n\t\t<meta property=\"og:title\" content=\"Marczyk najlepszy na Arena Miko\u0142ajki \u00bb WorldRally.eu\" \/>\n\t\t<meta property=\"og:description\" content=\"Miejscowy bohater Miko Marczyk wraz z pilotem Szymonem Gospodarczyk okazali si\u0119 najlepszym duetem na torze Arena Miko\u0142ajki o \u0142\u0105cznej d\u0142ugo\u015bci 2,5 km uzyskuj\u0105c rekordowy czas 1.47,7 sekundy. Drugi czas uzyska\u0142 obecny lider klasyfikacji Rajdowych Mistrzostw Europy Heyden Paddon i John Kennard trac\u0105 tylko 0,9 sekundy. Trzecim najlepszym kierowca tego dnia okaza\u0142 si\u0119 Czech Erik Cais.\" \/>\n\t\t<meta property=\"og:url\" content=\"https:\/\/www.worldrally.eu\/index.php\/2023\/05\/19\/marczyk-najlepszy-na-arena-mikolajki\/\" \/>\n\t\t<meta property=\"og:image\" content=\"https:\/\/www.worldrally.eu\/wp-content\/uploads\/2023\/05\/79-Rally-Poland-2023-Photo-Adam-Owczarek-PhotoMS.se-86.jpg\" \/>\n\t\t<meta property=\"og:image:secure_url\" content=\"https:\/\/www.worldrally.eu\/wp-content\/uploads\/2023\/05\/79-Rally-Poland-2023-Photo-Adam-Owczarek-PhotoMS.se-86.jpg\" \/>\n\t\t<meta property=\"og:image:width\" content=\"1620\" \/>\n\t\t<meta property=\"og:image:height\" content=\"1080\" \/>\n\t\t<meta property=\"article:published_time\" content=\"2023-05-19T11:43:00+00:00\" \/>\n\t\t<meta property=\"article:modified_time\" content=\"2023-05-24T12:05:08+00:00\" \/>\n\t\t<meta name=\"twitter:card\" content=\"summary_large_image\" \/>\n\t\t<meta name=\"twitter:title\" content=\"Marczyk najlepszy na Arena Miko\u0142ajki \u00bb WorldRally.eu\" \/>\n\t\t<meta name=\"twitter:description\" content=\"Miejscowy bohater Miko Marczyk wraz z pilotem Szymonem Gospodarczyk okazali si\u0119 najlepszym duetem na torze Arena Miko\u0142ajki o \u0142\u0105cznej d\u0142ugo\u015bci 2,5 km uzyskuj\u0105c rekordowy czas 1.47,7 sekundy. Drugi czas uzyska\u0142 obecny lider klasyfikacji Rajdowych Mistrzostw Europy Heyden Paddon i John Kennard trac\u0105 tylko 0,9 sekundy. Trzecim najlepszym kierowca tego dnia okaza\u0142 si\u0119 Czech Erik Cais.\" \/>\n\t\t<meta name=\"twitter:image\" content=\"https:\/\/www.worldrally.eu\/wp-content\/uploads\/2023\/05\/79-Rally-Poland-2023-Photo-Adam-Owczarek-PhotoMS.se-86.jpg\" \/>\n\t\t<script type=\"application\/ld+json\" class=\"aioseo-schema\">\n\t\t\t{\"@context\":\"https:\\\/\\\/schema.org\",\"@graph\":[{\"@type\":\"BlogPosting\",\"@id\":\"https:\\\/\\\/www.worldrally.eu\\\/index.php\\\/2023\\\/05\\\/19\\\/marczyk-najlepszy-na-arena-mikolajki\\\/#blogposting\",\"name\":\"Marczyk najlepszy na Arena Miko\\u0142ajki \\u00bb WorldRally.eu\",\"headline\":\"Marczyk najlepszy na Arena Miko\\u0142ajki\",\"author\":{\"@id\":\"https:\\\/\\\/www.worldrally.eu\\\/index.php\\\/author\\\/slawek\\\/#author\"},\"publisher\":{\"@id\":\"https:\\\/\\\/www.worldrally.eu\\\/#organization\"},\"image\":{\"@type\":\"ImageObject\",\"url\":\"https:\\\/\\\/www.worldrally.eu\\\/wp-content\\\/uploads\\\/2023\\\/05\\\/79-Rally-Poland-2023-Photo-Adam-Owczarek-PhotoMS.se-86.jpg\",\"width\":1620,\"height\":1080},\"datePublished\":\"2023-05-19T11:43:00+00:00\",\"dateModified\":\"2023-05-24T12:05:08+00:00\",\"inLanguage\":\"en-GB\",\"mainEntityOfPage\":{\"@id\":\"https:\\\/\\\/www.worldrally.eu\\\/index.php\\\/2023\\\/05\\\/19\\\/marczyk-najlepszy-na-arena-mikolajki\\\/#webpage\"},\"isPartOf\":{\"@id\":\"https:\\\/\\\/www.worldrally.eu\\\/index.php\\\/2023\\\/05\\\/19\\\/marczyk-najlepszy-na-arena-mikolajki\\\/#webpage\"},\"articleSection\":\"ERC\"},{\"@type\":\"BreadcrumbList\",\"@id\":\"https:\\\/\\\/www.worldrally.eu\\\/index.php\\\/2023\\\/05\\\/19\\\/marczyk-najlepszy-na-arena-mikolajki\\\/#breadcrumblist\",\"itemListElement\":[{\"@type\":\"ListItem\",\"@id\":\"https:\\\/\\\/www.worldrally.eu#listItem\",\"position\":1,\"name\":\"Home\",\"item\":\"https:\\\/\\\/www.worldrally.eu\",\"nextItem\":{\"@type\":\"ListItem\",\"@id\":\"https:\\\/\\\/www.worldrally.eu\\\/index.php\\\/category\\\/erc\\\/#listItem\",\"name\":\"ERC\"}},{\"@type\":\"ListItem\",\"@id\":\"https:\\\/\\\/www.worldrally.eu\\\/index.php\\\/category\\\/erc\\\/#listItem\",\"position\":2,\"name\":\"ERC\",\"item\":\"https:\\\/\\\/www.worldrally.eu\\\/index.php\\\/category\\\/erc\\\/\",\"nextItem\":{\"@type\":\"ListItem\",\"@id\":\"https:\\\/\\\/www.worldrally.eu\\\/index.php\\\/2023\\\/05\\\/19\\\/marczyk-najlepszy-na-arena-mikolajki\\\/#listItem\",\"name\":\"Marczyk najlepszy na Arena Miko\\u0142ajki\"},\"previousItem\":{\"@type\":\"ListItem\",\"@id\":\"https:\\\/\\\/www.worldrally.eu#listItem\",\"name\":\"Home\"}},{\"@type\":\"ListItem\",\"@id\":\"https:\\\/\\\/www.worldrally.eu\\\/index.php\\\/2023\\\/05\\\/19\\\/marczyk-najlepszy-na-arena-mikolajki\\\/#listItem\",\"position\":3,\"name\":\"Marczyk najlepszy na Arena Miko\\u0142ajki\",\"previousItem\":{\"@type\":\"ListItem\",\"@id\":\"https:\\\/\\\/www.worldrally.eu\\\/index.php\\\/category\\\/erc\\\/#listItem\",\"name\":\"ERC\"}}]},{\"@type\":\"Organization\",\"@id\":\"https:\\\/\\\/www.worldrally.eu\\\/#organization\",\"name\":\"WorldRally.eu\",\"url\":\"https:\\\/\\\/www.worldrally.eu\\\/\",\"logo\":{\"@type\":\"ImageObject\",\"url\":\"https:\\\/\\\/www.worldrally.eu\\\/wp-content\\\/uploads\\\/2026\\\/01\\\/cropped-logo-3.png\",\"@id\":\"https:\\\/\\\/www.worldrally.eu\\\/index.php\\\/2023\\\/05\\\/19\\\/marczyk-najlepszy-na-arena-mikolajki\\\/#organizationLogo\",\"width\":2039,\"height\":756},\"image\":{\"@id\":\"https:\\\/\\\/www.worldrally.eu\\\/index.php\\\/2023\\\/05\\\/19\\\/marczyk-najlepszy-na-arena-mikolajki\\\/#organizationLogo\"}},{\"@type\":\"Person\",\"@id\":\"https:\\\/\\\/www.worldrally.eu\\\/index.php\\\/author\\\/slawek\\\/#author\",\"url\":\"https:\\\/\\\/www.worldrally.eu\\\/index.php\\\/author\\\/slawek\\\/\",\"name\":\"Slawek\",\"image\":{\"@type\":\"ImageObject\",\"@id\":\"https:\\\/\\\/www.worldrally.eu\\\/index.php\\\/2023\\\/05\\\/19\\\/marczyk-najlepszy-na-arena-mikolajki\\\/#authorImage\",\"url\":\"https:\\\/\\\/secure.gravatar.com\\\/avatar\\\/69f360f7dae72083ae4bc4ab808684e60db7862f2a4c55f482a5c339df672fd5?s=96&d=mm&r=g\",\"width\":96,\"height\":96,\"caption\":\"Slawek\"}},{\"@type\":\"WebPage\",\"@id\":\"https:\\\/\\\/www.worldrally.eu\\\/index.php\\\/2023\\\/05\\\/19\\\/marczyk-najlepszy-na-arena-mikolajki\\\/#webpage\",\"url\":\"https:\\\/\\\/www.worldrally.eu\\\/index.php\\\/2023\\\/05\\\/19\\\/marczyk-najlepszy-na-arena-mikolajki\\\/\",\"name\":\"Marczyk najlepszy na Arena Miko\\u0142ajki \\u00bb WorldRally.eu\",\"description\":\"Miejscowy bohater Miko Marczyk wraz z pilotem Szymonem Gospodarczyk okazali si\\u0119 najlepszym duetem na torze Arena Miko\\u0142ajki o \\u0142\\u0105cznej d\\u0142ugo\\u015bci 2,5 km uzyskuj\\u0105c rekordowy czas 1.47,7 sekundy. Drugi czas uzyska\\u0142 obecny lider klasyfikacji Rajdowych Mistrzostw Europy Heyden Paddon i John Kennard trac\\u0105 tylko 0,9 sekundy. Trzecim najlepszym kierowca tego dnia okaza\\u0142 si\\u0119 Czech Erik Cais.\",\"inLanguage\":\"en-GB\",\"isPartOf\":{\"@id\":\"https:\\\/\\\/www.worldrally.eu\\\/#website\"},\"breadcrumb\":{\"@id\":\"https:\\\/\\\/www.worldrally.eu\\\/index.php\\\/2023\\\/05\\\/19\\\/marczyk-najlepszy-na-arena-mikolajki\\\/#breadcrumblist\"},\"author\":{\"@id\":\"https:\\\/\\\/www.worldrally.eu\\\/index.php\\\/author\\\/slawek\\\/#author\"},\"creator\":{\"@id\":\"https:\\\/\\\/www.worldrally.eu\\\/index.php\\\/author\\\/slawek\\\/#author\"},\"image\":{\"@type\":\"ImageObject\",\"url\":\"https:\\\/\\\/www.worldrally.eu\\\/wp-content\\\/uploads\\\/2023\\\/05\\\/79-Rally-Poland-2023-Photo-Adam-Owczarek-PhotoMS.se-86.jpg\",\"@id\":\"https:\\\/\\\/www.worldrally.eu\\\/index.php\\\/2023\\\/05\\\/19\\\/marczyk-najlepszy-na-arena-mikolajki\\\/#mainImage\",\"width\":1620,\"height\":1080},\"primaryImageOfPage\":{\"@id\":\"https:\\\/\\\/www.worldrally.eu\\\/index.php\\\/2023\\\/05\\\/19\\\/marczyk-najlepszy-na-arena-mikolajki\\\/#mainImage\"},\"datePublished\":\"2023-05-19T11:43:00+00:00\",\"dateModified\":\"2023-05-24T12:05:08+00:00\"},{\"@type\":\"WebSite\",\"@id\":\"https:\\\/\\\/www.worldrally.eu\\\/#website\",\"url\":\"https:\\\/\\\/www.worldrally.eu\\\/\",\"name\":\"WorldRally.eu\",\"inLanguage\":\"en-GB\",\"publisher\":{\"@id\":\"https:\\\/\\\/www.worldrally.eu\\\/#organization\"}}]}\n\t\t<\/script>\n\t\t<!-- All in One SEO -->\n\n","aioseo_head_json":{"title":"Marczyk najlepszy na Arena Miko\u0142ajki \u00bb WorldRally.eu","description":"Miejscowy bohater Miko Marczyk wraz z pilotem Szymonem Gospodarczyk okazali si\u0119 najlepszym duetem na torze Arena Miko\u0142ajki o \u0142\u0105cznej d\u0142ugo\u015bci 2,5 km uzyskuj\u0105c rekordowy czas 1.47,7 sekundy. Drugi czas uzyska\u0142 obecny lider klasyfikacji Rajdowych Mistrzostw Europy Heyden Paddon i John Kennard trac\u0105 tylko 0,9 sekundy. Trzecim najlepszym kierowca tego dnia okaza\u0142 si\u0119 Czech Erik Cais.","canonical_url":"https:\/\/www.worldrally.eu\/index.php\/2023\/05\/19\/marczyk-najlepszy-na-arena-mikolajki\/","robots":"max-image-preview:large","keywords":"","webmasterTools":{"miscellaneous":""},"schema":{"@context":"https:\/\/schema.org","@graph":[{"@type":"BlogPosting","@id":"https:\/\/www.worldrally.eu\/index.php\/2023\/05\/19\/marczyk-najlepszy-na-arena-mikolajki\/#blogposting","name":"Marczyk najlepszy na Arena Miko\u0142ajki \u00bb WorldRally.eu","headline":"Marczyk najlepszy na Arena Miko\u0142ajki","author":{"@id":"https:\/\/www.worldrally.eu\/index.php\/author\/slawek\/#author"},"publisher":{"@id":"https:\/\/www.worldrally.eu\/#organization"},"image":{"@type":"ImageObject","url":"https:\/\/www.worldrally.eu\/wp-content\/uploads\/2023\/05\/79-Rally-Poland-2023-Photo-Adam-Owczarek-PhotoMS.se-86.jpg","width":1620,"height":1080},"datePublished":"2023-05-19T11:43:00+00:00","dateModified":"2023-05-24T12:05:08+00:00","inLanguage":"en-GB","mainEntityOfPage":{"@id":"https:\/\/www.worldrally.eu\/index.php\/2023\/05\/19\/marczyk-najlepszy-na-arena-mikolajki\/#webpage"},"isPartOf":{"@id":"https:\/\/www.worldrally.eu\/index.php\/2023\/05\/19\/marczyk-najlepszy-na-arena-mikolajki\/#webpage"},"articleSection":"ERC"},{"@type":"BreadcrumbList","@id":"https:\/\/www.worldrally.eu\/index.php\/2023\/05\/19\/marczyk-najlepszy-na-arena-mikolajki\/#breadcrumblist","itemListElement":[{"@type":"ListItem","@id":"https:\/\/www.worldrally.eu#listItem","position":1,"name":"Home","item":"https:\/\/www.worldrally.eu","nextItem":{"@type":"ListItem","@id":"https:\/\/www.worldrally.eu\/index.php\/category\/erc\/#listItem","name":"ERC"}},{"@type":"ListItem","@id":"https:\/\/www.worldrally.eu\/index.php\/category\/erc\/#listItem","position":2,"name":"ERC","item":"https:\/\/www.worldrally.eu\/index.php\/category\/erc\/","nextItem":{"@type":"ListItem","@id":"https:\/\/www.worldrally.eu\/index.php\/2023\/05\/19\/marczyk-najlepszy-na-arena-mikolajki\/#listItem","name":"Marczyk najlepszy na Arena Miko\u0142ajki"},"previousItem":{"@type":"ListItem","@id":"https:\/\/www.worldrally.eu#listItem","name":"Home"}},{"@type":"ListItem","@id":"https:\/\/www.worldrally.eu\/index.php\/2023\/05\/19\/marczyk-najlepszy-na-arena-mikolajki\/#listItem","position":3,"name":"Marczyk najlepszy na Arena Miko\u0142ajki","previousItem":{"@type":"ListItem","@id":"https:\/\/www.worldrally.eu\/index.php\/category\/erc\/#listItem","name":"ERC"}}]},{"@type":"Organization","@id":"https:\/\/www.worldrally.eu\/#organization","name":"WorldRally.eu","url":"https:\/\/www.worldrally.eu\/","logo":{"@type":"ImageObject","url":"https:\/\/www.worldrally.eu\/wp-content\/uploads\/2026\/01\/cropped-logo-3.png","@id":"https:\/\/www.worldrally.eu\/index.php\/2023\/05\/19\/marczyk-najlepszy-na-arena-mikolajki\/#organizationLogo","width":2039,"height":756},"image":{"@id":"https:\/\/www.worldrally.eu\/index.php\/2023\/05\/19\/marczyk-najlepszy-na-arena-mikolajki\/#organizationLogo"}},{"@type":"Person","@id":"https:\/\/www.worldrally.eu\/index.php\/author\/slawek\/#author","url":"https:\/\/www.worldrally.eu\/index.php\/author\/slawek\/","name":"Slawek","image":{"@type":"ImageObject","@id":"https:\/\/www.worldrally.eu\/index.php\/2023\/05\/19\/marczyk-najlepszy-na-arena-mikolajki\/#authorImage","url":"https:\/\/secure.gravatar.com\/avatar\/69f360f7dae72083ae4bc4ab808684e60db7862f2a4c55f482a5c339df672fd5?s=96&d=mm&r=g","width":96,"height":96,"caption":"Slawek"}},{"@type":"WebPage","@id":"https:\/\/www.worldrally.eu\/index.php\/2023\/05\/19\/marczyk-najlepszy-na-arena-mikolajki\/#webpage","url":"https:\/\/www.worldrally.eu\/index.php\/2023\/05\/19\/marczyk-najlepszy-na-arena-mikolajki\/","name":"Marczyk najlepszy na Arena Miko\u0142ajki \u00bb WorldRally.eu","description":"Miejscowy bohater Miko Marczyk wraz z pilotem Szymonem Gospodarczyk okazali si\u0119 najlepszym duetem na torze Arena Miko\u0142ajki o \u0142\u0105cznej d\u0142ugo\u015bci 2,5 km uzyskuj\u0105c rekordowy czas 1.47,7 sekundy. Drugi czas uzyska\u0142 obecny lider klasyfikacji Rajdowych Mistrzostw Europy Heyden Paddon i John Kennard trac\u0105 tylko 0,9 sekundy. Trzecim najlepszym kierowca tego dnia okaza\u0142 si\u0119 Czech Erik Cais.","inLanguage":"en-GB","isPartOf":{"@id":"https:\/\/www.worldrally.eu\/#website"},"breadcrumb":{"@id":"https:\/\/www.worldrally.eu\/index.php\/2023\/05\/19\/marczyk-najlepszy-na-arena-mikolajki\/#breadcrumblist"},"author":{"@id":"https:\/\/www.worldrally.eu\/index.php\/author\/slawek\/#author"},"creator":{"@id":"https:\/\/www.worldrally.eu\/index.php\/author\/slawek\/#author"},"image":{"@type":"ImageObject","url":"https:\/\/www.worldrally.eu\/wp-content\/uploads\/2023\/05\/79-Rally-Poland-2023-Photo-Adam-Owczarek-PhotoMS.se-86.jpg","@id":"https:\/\/www.worldrally.eu\/index.php\/2023\/05\/19\/marczyk-najlepszy-na-arena-mikolajki\/#mainImage","width":1620,"height":1080},"primaryImageOfPage":{"@id":"https:\/\/www.worldrally.eu\/index.php\/2023\/05\/19\/marczyk-najlepszy-na-arena-mikolajki\/#mainImage"},"datePublished":"2023-05-19T11:43:00+00:00","dateModified":"2023-05-24T12:05:08+00:00"},{"@type":"WebSite","@id":"https:\/\/www.worldrally.eu\/#website","url":"https:\/\/www.worldrally.eu\/","name":"WorldRally.eu","inLanguage":"en-GB","publisher":{"@id":"https:\/\/www.worldrally.eu\/#organization"}}]},"og:locale":"en_GB","og:site_name":"WorldRally.eu \u00bb","og:type":"article","og:title":"Marczyk najlepszy na Arena Miko\u0142ajki \u00bb WorldRally.eu","og:description":"Miejscowy bohater Miko Marczyk wraz z pilotem Szymonem Gospodarczyk okazali si\u0119 najlepszym duetem na torze Arena Miko\u0142ajki o \u0142\u0105cznej d\u0142ugo\u015bci 2,5 km uzyskuj\u0105c rekordowy czas 1.47,7 sekundy. Drugi czas uzyska\u0142 obecny lider klasyfikacji Rajdowych Mistrzostw Europy Heyden Paddon i John Kennard trac\u0105 tylko 0,9 sekundy. Trzecim najlepszym kierowca tego dnia okaza\u0142 si\u0119 Czech Erik Cais.","og:url":"https:\/\/www.worldrally.eu\/index.php\/2023\/05\/19\/marczyk-najlepszy-na-arena-mikolajki\/","og:image":"https:\/\/www.worldrally.eu\/wp-content\/uploads\/2023\/05\/79-Rally-Poland-2023-Photo-Adam-Owczarek-PhotoMS.se-86.jpg","og:image:secure_url":"https:\/\/www.worldrally.eu\/wp-content\/uploads\/2023\/05\/79-Rally-Poland-2023-Photo-Adam-Owczarek-PhotoMS.se-86.jpg","og:image:width":1620,"og:image:height":1080,"article:published_time":"2023-05-19T11:43:00+00:00","article:modified_time":"2023-05-24T12:05:08+00:00","twitter:card":"summary_large_image","twitter:title":"Marczyk najlepszy na Arena Miko\u0142ajki \u00bb WorldRally.eu","twitter:description":"Miejscowy bohater Miko Marczyk wraz z pilotem Szymonem Gospodarczyk okazali si\u0119 najlepszym duetem na torze Arena Miko\u0142ajki o \u0142\u0105cznej d\u0142ugo\u015bci 2,5 km uzyskuj\u0105c rekordowy czas 1.47,7 sekundy. Drugi czas uzyska\u0142 obecny lider klasyfikacji Rajdowych Mistrzostw Europy Heyden Paddon i John Kennard trac\u0105 tylko 0,9 sekundy. Trzecim najlepszym kierowca tego dnia okaza\u0142 si\u0119 Czech Erik Cais.","twitter:image":"https:\/\/www.worldrally.eu\/wp-content\/uploads\/2023\/05\/79-Rally-Poland-2023-Photo-Adam-Owczarek-PhotoMS.se-86.jpg"},"aioseo_meta_data":{"post_id":"1360","title":null,"description":null,"keywords":null,"keyphrases":null,"primary_term":null,"canonical_url":null,"og_title":null,"og_description":null,"og_object_type":"default","og_image_type":"default","og_image_url":null,"og_image_width":null,"og_image_height":null,"og_image_custom_url":null,"og_image_custom_fields":null,"og_video":null,"og_custom_url":null,"og_article_section":null,"og_article_tags":null,"twitter_use_og":false,"twitter_card":"default","twitter_image_type":"default","twitter_image_url":null,"twitter_image_custom_url":null,"twitter_image_custom_fields":null,"twitter_title":null,"twitter_description":null,"schema":{"blockGraphs":[],"customGraphs":[],"default":{"data":{"Article":[],"Course":[],"Dataset":[],"FAQPage":[],"Movie":[],"Person":[],"Product":[],"ProductReview":[],"Car":[],"Recipe":[],"Service":[],"SoftwareApplication":[],"WebPage":[]},"graphName":"","isEnabled":true},"graphs":[]},"schema_type":"default","schema_type_options":null,"pillar_content":false,"robots_default":true,"robots_noindex":false,"robots_noarchive":false,"robots_nosnippet":false,"robots_nofollow":false,"robots_noimageindex":false,"robots_noodp":false,"robots_notranslate":false,"robots_max_snippet":null,"robots_max_videopreview":null,"robots_max_imagepreview":"large","priority":null,"frequency":null,"local_seo":null,"breadcrumb_settings":null,"limit_modified_date":false,"ai":null,"created":"2025-03-22 06:12:37","updated":"2025-10-26 10:17:44","seo_analyzer_scan_date":null},"aioseo_breadcrumb":"<div class=\"aioseo-breadcrumbs\"><span class=\"aioseo-breadcrumb\">\n\t\t\t<a href=\"https:\/\/www.worldrally.eu\" title=\"Home\">Home<\/a>\n\t\t<\/span><span class=\"aioseo-breadcrumb-separator\">&raquo;<\/span><span class=\"aioseo-breadcrumb\">\n\t\t\t<a href=\"https:\/\/www.worldrally.eu\/index.php\/category\/erc\/\" title=\"ERC\">ERC<\/a>\n\t\t<\/span><span class=\"aioseo-breadcrumb-separator\">&raquo;<\/span><span class=\"aioseo-breadcrumb\">\n\t\t\tMarczyk najlepszy na Arena Miko\u0142ajki\n\t\t<\/span><\/div>","aioseo_breadcrumb_json":[{"label":"Home","link":"https:\/\/www.worldrally.eu"},{"label":"ERC","link":"https:\/\/www.worldrally.eu\/index.php\/category\/erc\/"},{"label":"Marczyk najlepszy na Arena Miko\u0142ajki","link":"https:\/\/www.worldrally.eu\/index.php\/2023\/05\/19\/marczyk-najlepszy-na-arena-mikolajki\/"}],"cc_featured_image_caption":{"caption_text":"Foto - PhotoMS.se","source_text":"","source_url":""},"_links":{"self":[{"href":"https:\/\/www.worldrally.eu\/index.php\/wp-json\/wp\/v2\/posts\/1360","targetHints":{"allow":["GET"]}}],"collection":[{"href":"https:\/\/www.worldrally.eu\/index.php\/wp-json\/wp\/v2\/posts"}],"about":[{"href":"https:\/\/www.worldrally.eu\/index.php\/wp-json\/wp\/v2\/types\/post"}],"author":[{"embeddable":true,"href":"https:\/\/www.worldrally.eu\/index.php\/wp-json\/wp\/v2\/users\/4"}],"replies":[{"embeddable":true,"href":"https:\/\/www.worldrally.eu\/index.php\/wp-json\/wp\/v2\/comments?post=1360"}],"version-history":[{"count":1,"href":"https:\/\/www.worldrally.eu\/index.php\/wp-json\/wp\/v2\/posts\/1360\/revisions"}],"predecessor-version":[{"id":1364,"href":"https:\/\/www.worldrally.eu\/index.php\/wp-json\/wp\/v2\/posts\/1360\/revisions\/1364"}],"wp:featuredmedia":[{"embeddable":true,"href":"https:\/\/www.worldrally.eu\/index.php\/wp-json\/wp\/v2\/media\/1361"}],"wp:attachment":[{"href":"https:\/\/www.worldrally.eu\/index.php\/wp-json\/wp\/v2\/media?parent=1360"}],"wp:term":[{"taxonomy":"category","embeddable":true,"href":"https:\/\/www.worldrally.eu\/index.php\/wp-json\/wp\/v2\/categories?post=1360"},{"taxonomy":"post_tag","embeddable":true,"href":"https:\/\/www.worldrally.eu\/index.php\/wp-json\/wp\/v2\/tags?post=1360"}],"curies":[{"name":"wp","href":"https:\/\/api.w.org\/{rel}","templated":true}]}}