{"id":1348,"date":"2023-05-17T17:57:18","date_gmt":"2023-05-17T17:57:18","guid":{"rendered":"https:\/\/www.worldrally.eu\/?p=1348"},"modified":"2023-05-17T17:57:46","modified_gmt":"2023-05-17T17:57:46","slug":"greensmith-solberg-szacunek-i-przyjazn","status":"publish","type":"post","link":"https:\/\/www.worldrally.eu\/index.php\/2023\/05\/17\/greensmith-solberg-szacunek-i-przyjazn\/","title":{"rendered":"Greensmith &#038; Solberg szacunek i przyja\u017a\u0144."},"content":{"rendered":"\n<p class=\"wp-block-paragraph\">To by\u0142a wspania\u0142a rywalizacja pomi\u0119dzy tymi dwoma kierowcami i nikt do nikogo nie mia\u0142 pretensji gdy\u017c obaj kierowcy darz\u0105 si\u0119 wzajemnym szacunkiem i cenna przyja\u017ani\u0105, mimo tego, ze Solberg straci\u0142 zwyci\u0119stwo w Rajdzie Portugalii.<\/p>\n\n\n\n<p class=\"wp-block-paragraph\">M\u0142ody Szwed dominowa\u0142 w rajdzie i mia\u0142 pewne zwyci\u0119stwo do chwili gdy zosta\u0142 ukarany dodatkow\u0105 minut\u0105 do czasu po tym jak w niedziele rano zrobi\u0142 pokaz dla publiczno\u015bci co nie spodoba\u0142o si\u0119 dyrekcji FIA.<\/p>\n\n\n\n<figure class=\"wp-block-image size-large\"><img fetchpriority=\"high\" decoding=\"async\" width=\"1024\" height=\"576\" src=\"https:\/\/www.worldrally.eu\/wp-content\/uploads\/2023\/05\/160523_SKODA_GS2_b37e9_frz_1400x788-1024x576.jpg\" alt=\"\" class=\"wp-image-1350\" srcset=\"https:\/\/www.worldrally.eu\/wp-content\/uploads\/2023\/05\/160523_SKODA_GS2_b37e9_frz_1400x788-1024x576.jpg 1024w, https:\/\/www.worldrally.eu\/wp-content\/uploads\/2023\/05\/160523_SKODA_GS2_b37e9_frz_1400x788-300x169.jpg 300w, https:\/\/www.worldrally.eu\/wp-content\/uploads\/2023\/05\/160523_SKODA_GS2_b37e9_frz_1400x788-768x432.jpg 768w, https:\/\/www.worldrally.eu\/wp-content\/uploads\/2023\/05\/160523_SKODA_GS2_b37e9_frz_1400x788-1280x720.jpg 1280w, https:\/\/www.worldrally.eu\/wp-content\/uploads\/2023\/05\/160523_SKODA_GS2_b37e9_frz_1400x788.jpg 1400w\" sizes=\"(max-width: 1024px) 100vw, 1024px\" \/><figcaption class=\"wp-element-caption\">Foto &#8211; WRCcom<\/figcaption><\/figure>\n\n\n\n<blockquote class=\"wp-block-quote is-layout-flow wp-block-quote-is-layout-flow\">\n<p class=\"wp-block-paragraph\">Radowanie sprawia mi du\u017co wi\u0119cej rado\u015bci w tym roku ni\u017c w poprzednich latach. Po prostu ciesz\u0119 si\u0119 \u017cyciem w og\u00f3le i sposobem, w jaki radzimy sobie z rajdami. Relacje mi\u0119dzy mn\u0105 a Oliverem oraz relacje mi\u0119dzy moim tat\u0105 i Petterem (Solberg) te\u017c s\u0105 po prostu cudowne. Pod koniec Chorwacji wszyscy siedzieli\u015bmy przy kilku piwach i poszli\u015bmy na obiad. To mi\u0142e, ale oczywi\u015bcie chcemy te\u017c pokona\u0107 siebie nawzajem, a podczas jazdy ci\u015bniemy bardziej ni\u017c cokolwiek innego<\/p>\n<cite> powiedzia\u0142 Greensmith dla WRC.com<\/cite><\/blockquote>\n\n\n\n<p class=\"wp-block-paragraph\">Solberg, kt\u00f3ry na obecna chwile jest liderem klasyfikacji WRC2 jest podobnego zdania co Brytyjczyk.<\/p>\n\n\n\n<blockquote class=\"wp-block-quote is-layout-flow wp-block-quote-is-layout-flow\">\n<p class=\"wp-block-paragraph\">Mieli\u015bmy ju\u017c kilka bitew w tym roku i na pewno jeste\u015bmy dobrymi przyjaci\u00f3\u0142mi. Bardzo si\u0119 szanujemy i my\u015bl\u0119, \u017ce to bardzo wa\u017cne. Jest tak wielu innych kierowc\u00f3w, z kt\u00f3rymi walczymy [w WRC2], wi\u0119c nie mo\u017cna powiedzie\u0107, \u017ce jeden facet wyci\u0105ga z ciebie to, co najlepsze. Ale musisz ca\u0142y czas dawa\u0107 z siebie wszystko, a w ten weekend tak by\u0142o z Gusem<\/p>\n<cite>powiedzia\u0142 Solberg<\/cite><\/blockquote>\n\n\n\n<figure class=\"wp-block-image size-large\"><img decoding=\"async\" width=\"1024\" height=\"576\" src=\"https:\/\/www.worldrally.eu\/wp-content\/uploads\/2023\/05\/160523_SKODA_Solberg_7a5ce_frz_1400x788-1-1024x576.jpg\" alt=\"\" class=\"wp-image-1351\" srcset=\"https:\/\/www.worldrally.eu\/wp-content\/uploads\/2023\/05\/160523_SKODA_Solberg_7a5ce_frz_1400x788-1-1024x576.jpg 1024w, https:\/\/www.worldrally.eu\/wp-content\/uploads\/2023\/05\/160523_SKODA_Solberg_7a5ce_frz_1400x788-1-300x169.jpg 300w, https:\/\/www.worldrally.eu\/wp-content\/uploads\/2023\/05\/160523_SKODA_Solberg_7a5ce_frz_1400x788-1-768x432.jpg 768w, https:\/\/www.worldrally.eu\/wp-content\/uploads\/2023\/05\/160523_SKODA_Solberg_7a5ce_frz_1400x788-1-1280x720.jpg 1280w, https:\/\/www.worldrally.eu\/wp-content\/uploads\/2023\/05\/160523_SKODA_Solberg_7a5ce_frz_1400x788-1.jpg 1400w\" sizes=\"(max-width: 1024px) 100vw, 1024px\" \/><figcaption class=\"wp-element-caption\">Foto &#8211; WRCcom<\/figcaption><\/figure>\n","protected":false},"excerpt":{"rendered":"<p>To by\u0142a wspania\u0142a rywalizacja pomi\u0119dzy tymi dwoma kierowcami i nikt do nikogo nie mia\u0142 pretensji gdy\u017c obaj kierowcy darz\u0105 si\u0119 wzajemnym szacunkiem i cenna przyja\u017ani\u0105, mimo tego, ze Solberg straci\u0142 zwyci\u0119stwo w Rajdzie Portugalii. M\u0142ody Szwed dominowa\u0142 w rajdzie i mia\u0142 pewne zwyci\u0119stwo do chwili gdy zosta\u0142 ukarany dodatkow\u0105 minut\u0105 do czasu po tym jak [&hellip;]<\/p>\n","protected":false},"author":2,"featured_media":1353,"comment_status":"closed","ping_status":"closed","sticky":false,"template":"","format":"standard","meta":{"_monsterinsights_skip_tracking":false,"_monsterinsights_sitenote_active":false,"_monsterinsights_sitenote_note":"","_monsterinsights_sitenote_category":0,"footnotes":""},"categories":[3],"tags":[],"class_list":["post-1348","post","type-post","status-publish","format-standard","has-post-thumbnail","hentry","category-wrc"],"aioseo_notices":[],"aioseo_head":"\n\t\t<!-- All in One SEO 4.9.9 - aioseo.com -->\n\t<meta name=\"description\" content=\"To by\u0142a wspania\u0142a rywalizacja pomi\u0119dzy tymi dwoma kierowcami i nikt do nikogo nie mia\u0142 pretensji gdy\u017c obaj kierowcy darz\u0105 si\u0119 wzajemnym szacunkiem i cenna przyja\u017ani\u0105, mimo tego, ze Solberg straci\u0142 zwyci\u0119stwo w Rajdzie Portugalii. M\u0142ody Szwed dominowa\u0142 w rajdzie i mia\u0142 pewne zwyci\u0119stwo do chwili gdy zosta\u0142 ukarany dodatkow\u0105 minut\u0105 do czasu po tym jak\" \/>\n\t<meta name=\"robots\" content=\"max-image-preview:large\" \/>\n\t<meta name=\"author\" content=\"Magdalena\"\/>\n\t<link rel=\"canonical\" href=\"https:\/\/www.worldrally.eu\/index.php\/2023\/05\/17\/greensmith-solberg-szacunek-i-przyjazn\/\" \/>\n\t<meta name=\"generator\" content=\"All in One SEO (AIOSEO) 4.9.9\" \/>\n\t\t<meta property=\"og:locale\" content=\"en_GB\" \/>\n\t\t<meta property=\"og:site_name\" content=\"WorldRally.eu \u00bb\" \/>\n\t\t<meta property=\"og:type\" content=\"article\" \/>\n\t\t<meta property=\"og:title\" content=\"Greensmith &amp; Solberg szacunek i przyja\u017a\u0144. \u00bb WorldRally.eu\" \/>\n\t\t<meta property=\"og:description\" content=\"To by\u0142a wspania\u0142a rywalizacja pomi\u0119dzy tymi dwoma kierowcami i nikt do nikogo nie mia\u0142 pretensji gdy\u017c obaj kierowcy darz\u0105 si\u0119 wzajemnym szacunkiem i cenna przyja\u017ani\u0105, mimo tego, ze Solberg straci\u0142 zwyci\u0119stwo w Rajdzie Portugalii. M\u0142ody Szwed dominowa\u0142 w rajdzie i mia\u0142 pewne zwyci\u0119stwo do chwili gdy zosta\u0142 ukarany dodatkow\u0105 minut\u0105 do czasu po tym jak\" \/>\n\t\t<meta property=\"og:url\" content=\"https:\/\/www.worldrally.eu\/index.php\/2023\/05\/17\/greensmith-solberg-szacunek-i-przyjazn\/\" \/>\n\t\t<meta property=\"og:image\" content=\"https:\/\/www.worldrally.eu\/wp-content\/uploads\/2023\/05\/160523_AS_GS_OS_d8683_f_1400x788.jpg\" \/>\n\t\t<meta property=\"og:image:secure_url\" content=\"https:\/\/www.worldrally.eu\/wp-content\/uploads\/2023\/05\/160523_AS_GS_OS_d8683_f_1400x788.jpg\" \/>\n\t\t<meta property=\"og:image:width\" content=\"1400\" \/>\n\t\t<meta property=\"og:image:height\" content=\"788\" \/>\n\t\t<meta property=\"article:published_time\" content=\"2023-05-17T17:57:18+00:00\" \/>\n\t\t<meta property=\"article:modified_time\" content=\"2023-05-17T17:57:46+00:00\" \/>\n\t\t<meta name=\"twitter:card\" content=\"summary_large_image\" \/>\n\t\t<meta name=\"twitter:title\" content=\"Greensmith &amp; Solberg szacunek i przyja\u017a\u0144. \u00bb WorldRally.eu\" \/>\n\t\t<meta name=\"twitter:description\" content=\"To by\u0142a wspania\u0142a rywalizacja pomi\u0119dzy tymi dwoma kierowcami i nikt do nikogo nie mia\u0142 pretensji gdy\u017c obaj kierowcy darz\u0105 si\u0119 wzajemnym szacunkiem i cenna przyja\u017ani\u0105, mimo tego, ze Solberg straci\u0142 zwyci\u0119stwo w Rajdzie Portugalii. M\u0142ody Szwed dominowa\u0142 w rajdzie i mia\u0142 pewne zwyci\u0119stwo do chwili gdy zosta\u0142 ukarany dodatkow\u0105 minut\u0105 do czasu po tym jak\" \/>\n\t\t<meta name=\"twitter:image\" content=\"https:\/\/www.worldrally.eu\/wp-content\/uploads\/2023\/05\/160523_AS_GS_OS_d8683_f_1400x788.jpg\" \/>\n\t\t<script type=\"application\/ld+json\" class=\"aioseo-schema\">\n\t\t\t{\"@context\":\"https:\\\/\\\/schema.org\",\"@graph\":[{\"@type\":\"BlogPosting\",\"@id\":\"https:\\\/\\\/www.worldrally.eu\\\/index.php\\\/2023\\\/05\\\/17\\\/greensmith-solberg-szacunek-i-przyjazn\\\/#blogposting\",\"name\":\"Greensmith & Solberg szacunek i przyja\\u017a\\u0144. \\u00bb WorldRally.eu\",\"headline\":\"Greensmith &#038; Solberg szacunek i przyja\\u017a\\u0144.\",\"author\":{\"@id\":\"https:\\\/\\\/www.worldrally.eu\\\/index.php\\\/author\\\/magdalena\\\/#author\"},\"publisher\":{\"@id\":\"https:\\\/\\\/www.worldrally.eu\\\/#organization\"},\"image\":{\"@type\":\"ImageObject\",\"url\":\"https:\\\/\\\/www.worldrally.eu\\\/wp-content\\\/uploads\\\/2023\\\/05\\\/160523_AS_GS_OS_d8683_f_1400x788.jpg\",\"width\":1400,\"height\":788},\"datePublished\":\"2023-05-17T17:57:18+00:00\",\"dateModified\":\"2023-05-17T17:57:46+00:00\",\"inLanguage\":\"en-GB\",\"mainEntityOfPage\":{\"@id\":\"https:\\\/\\\/www.worldrally.eu\\\/index.php\\\/2023\\\/05\\\/17\\\/greensmith-solberg-szacunek-i-przyjazn\\\/#webpage\"},\"isPartOf\":{\"@id\":\"https:\\\/\\\/www.worldrally.eu\\\/index.php\\\/2023\\\/05\\\/17\\\/greensmith-solberg-szacunek-i-przyjazn\\\/#webpage\"},\"articleSection\":\"WRC\"},{\"@type\":\"BreadcrumbList\",\"@id\":\"https:\\\/\\\/www.worldrally.eu\\\/index.php\\\/2023\\\/05\\\/17\\\/greensmith-solberg-szacunek-i-przyjazn\\\/#breadcrumblist\",\"itemListElement\":[{\"@type\":\"ListItem\",\"@id\":\"https:\\\/\\\/www.worldrally.eu#listItem\",\"position\":1,\"name\":\"Home\",\"item\":\"https:\\\/\\\/www.worldrally.eu\",\"nextItem\":{\"@type\":\"ListItem\",\"@id\":\"https:\\\/\\\/www.worldrally.eu\\\/index.php\\\/category\\\/wrc\\\/#listItem\",\"name\":\"WRC\"}},{\"@type\":\"ListItem\",\"@id\":\"https:\\\/\\\/www.worldrally.eu\\\/index.php\\\/category\\\/wrc\\\/#listItem\",\"position\":2,\"name\":\"WRC\",\"item\":\"https:\\\/\\\/www.worldrally.eu\\\/index.php\\\/category\\\/wrc\\\/\",\"nextItem\":{\"@type\":\"ListItem\",\"@id\":\"https:\\\/\\\/www.worldrally.eu\\\/index.php\\\/2023\\\/05\\\/17\\\/greensmith-solberg-szacunek-i-przyjazn\\\/#listItem\",\"name\":\"Greensmith &#038; Solberg szacunek i przyja\\u017a\\u0144.\"},\"previousItem\":{\"@type\":\"ListItem\",\"@id\":\"https:\\\/\\\/www.worldrally.eu#listItem\",\"name\":\"Home\"}},{\"@type\":\"ListItem\",\"@id\":\"https:\\\/\\\/www.worldrally.eu\\\/index.php\\\/2023\\\/05\\\/17\\\/greensmith-solberg-szacunek-i-przyjazn\\\/#listItem\",\"position\":3,\"name\":\"Greensmith &#038; Solberg szacunek i przyja\\u017a\\u0144.\",\"previousItem\":{\"@type\":\"ListItem\",\"@id\":\"https:\\\/\\\/www.worldrally.eu\\\/index.php\\\/category\\\/wrc\\\/#listItem\",\"name\":\"WRC\"}}]},{\"@type\":\"Organization\",\"@id\":\"https:\\\/\\\/www.worldrally.eu\\\/#organization\",\"name\":\"WorldRally.eu\",\"url\":\"https:\\\/\\\/www.worldrally.eu\\\/\",\"logo\":{\"@type\":\"ImageObject\",\"url\":\"https:\\\/\\\/www.worldrally.eu\\\/wp-content\\\/uploads\\\/2026\\\/01\\\/cropped-logo-3.png\",\"@id\":\"https:\\\/\\\/www.worldrally.eu\\\/index.php\\\/2023\\\/05\\\/17\\\/greensmith-solberg-szacunek-i-przyjazn\\\/#organizationLogo\",\"width\":2039,\"height\":756},\"image\":{\"@id\":\"https:\\\/\\\/www.worldrally.eu\\\/index.php\\\/2023\\\/05\\\/17\\\/greensmith-solberg-szacunek-i-przyjazn\\\/#organizationLogo\"}},{\"@type\":\"Person\",\"@id\":\"https:\\\/\\\/www.worldrally.eu\\\/index.php\\\/author\\\/magdalena\\\/#author\",\"url\":\"https:\\\/\\\/www.worldrally.eu\\\/index.php\\\/author\\\/magdalena\\\/\",\"name\":\"Magdalena\",\"image\":{\"@type\":\"ImageObject\",\"@id\":\"https:\\\/\\\/www.worldrally.eu\\\/index.php\\\/2023\\\/05\\\/17\\\/greensmith-solberg-szacunek-i-przyjazn\\\/#authorImage\",\"url\":\"https:\\\/\\\/secure.gravatar.com\\\/avatar\\\/853239b46cec38ba30b48d2b091f5538817cc78bdc0944c9ef7408579307e2ea?s=96&d=mm&r=g\",\"width\":96,\"height\":96,\"caption\":\"Magdalena\"}},{\"@type\":\"WebPage\",\"@id\":\"https:\\\/\\\/www.worldrally.eu\\\/index.php\\\/2023\\\/05\\\/17\\\/greensmith-solberg-szacunek-i-przyjazn\\\/#webpage\",\"url\":\"https:\\\/\\\/www.worldrally.eu\\\/index.php\\\/2023\\\/05\\\/17\\\/greensmith-solberg-szacunek-i-przyjazn\\\/\",\"name\":\"Greensmith & Solberg szacunek i przyja\\u017a\\u0144. \\u00bb WorldRally.eu\",\"description\":\"To by\\u0142a wspania\\u0142a rywalizacja pomi\\u0119dzy tymi dwoma kierowcami i nikt do nikogo nie mia\\u0142 pretensji gdy\\u017c obaj kierowcy darz\\u0105 si\\u0119 wzajemnym szacunkiem i cenna przyja\\u017ani\\u0105, mimo tego, ze Solberg straci\\u0142 zwyci\\u0119stwo w Rajdzie Portugalii. M\\u0142ody Szwed dominowa\\u0142 w rajdzie i mia\\u0142 pewne zwyci\\u0119stwo do chwili gdy zosta\\u0142 ukarany dodatkow\\u0105 minut\\u0105 do czasu po tym jak\",\"inLanguage\":\"en-GB\",\"isPartOf\":{\"@id\":\"https:\\\/\\\/www.worldrally.eu\\\/#website\"},\"breadcrumb\":{\"@id\":\"https:\\\/\\\/www.worldrally.eu\\\/index.php\\\/2023\\\/05\\\/17\\\/greensmith-solberg-szacunek-i-przyjazn\\\/#breadcrumblist\"},\"author\":{\"@id\":\"https:\\\/\\\/www.worldrally.eu\\\/index.php\\\/author\\\/magdalena\\\/#author\"},\"creator\":{\"@id\":\"https:\\\/\\\/www.worldrally.eu\\\/index.php\\\/author\\\/magdalena\\\/#author\"},\"image\":{\"@type\":\"ImageObject\",\"url\":\"https:\\\/\\\/www.worldrally.eu\\\/wp-content\\\/uploads\\\/2023\\\/05\\\/160523_AS_GS_OS_d8683_f_1400x788.jpg\",\"@id\":\"https:\\\/\\\/www.worldrally.eu\\\/index.php\\\/2023\\\/05\\\/17\\\/greensmith-solberg-szacunek-i-przyjazn\\\/#mainImage\",\"width\":1400,\"height\":788},\"primaryImageOfPage\":{\"@id\":\"https:\\\/\\\/www.worldrally.eu\\\/index.php\\\/2023\\\/05\\\/17\\\/greensmith-solberg-szacunek-i-przyjazn\\\/#mainImage\"},\"datePublished\":\"2023-05-17T17:57:18+00:00\",\"dateModified\":\"2023-05-17T17:57:46+00:00\"},{\"@type\":\"WebSite\",\"@id\":\"https:\\\/\\\/www.worldrally.eu\\\/#website\",\"url\":\"https:\\\/\\\/www.worldrally.eu\\\/\",\"name\":\"WorldRally.eu\",\"inLanguage\":\"en-GB\",\"publisher\":{\"@id\":\"https:\\\/\\\/www.worldrally.eu\\\/#organization\"}}]}\n\t\t<\/script>\n\t\t<!-- All in One SEO -->\n\n","aioseo_head_json":{"title":"Greensmith & Solberg szacunek i przyja\u017a\u0144. \u00bb WorldRally.eu","description":"To by\u0142a wspania\u0142a rywalizacja pomi\u0119dzy tymi dwoma kierowcami i nikt do nikogo nie mia\u0142 pretensji gdy\u017c obaj kierowcy darz\u0105 si\u0119 wzajemnym szacunkiem i cenna przyja\u017ani\u0105, mimo tego, ze Solberg straci\u0142 zwyci\u0119stwo w Rajdzie Portugalii. M\u0142ody Szwed dominowa\u0142 w rajdzie i mia\u0142 pewne zwyci\u0119stwo do chwili gdy zosta\u0142 ukarany dodatkow\u0105 minut\u0105 do czasu po tym jak","canonical_url":"https:\/\/www.worldrally.eu\/index.php\/2023\/05\/17\/greensmith-solberg-szacunek-i-przyjazn\/","robots":"max-image-preview:large","keywords":"","webmasterTools":{"miscellaneous":""},"schema":{"@context":"https:\/\/schema.org","@graph":[{"@type":"BlogPosting","@id":"https:\/\/www.worldrally.eu\/index.php\/2023\/05\/17\/greensmith-solberg-szacunek-i-przyjazn\/#blogposting","name":"Greensmith & Solberg szacunek i przyja\u017a\u0144. \u00bb WorldRally.eu","headline":"Greensmith &#038; Solberg szacunek i przyja\u017a\u0144.","author":{"@id":"https:\/\/www.worldrally.eu\/index.php\/author\/magdalena\/#author"},"publisher":{"@id":"https:\/\/www.worldrally.eu\/#organization"},"image":{"@type":"ImageObject","url":"https:\/\/www.worldrally.eu\/wp-content\/uploads\/2023\/05\/160523_AS_GS_OS_d8683_f_1400x788.jpg","width":1400,"height":788},"datePublished":"2023-05-17T17:57:18+00:00","dateModified":"2023-05-17T17:57:46+00:00","inLanguage":"en-GB","mainEntityOfPage":{"@id":"https:\/\/www.worldrally.eu\/index.php\/2023\/05\/17\/greensmith-solberg-szacunek-i-przyjazn\/#webpage"},"isPartOf":{"@id":"https:\/\/www.worldrally.eu\/index.php\/2023\/05\/17\/greensmith-solberg-szacunek-i-przyjazn\/#webpage"},"articleSection":"WRC"},{"@type":"BreadcrumbList","@id":"https:\/\/www.worldrally.eu\/index.php\/2023\/05\/17\/greensmith-solberg-szacunek-i-przyjazn\/#breadcrumblist","itemListElement":[{"@type":"ListItem","@id":"https:\/\/www.worldrally.eu#listItem","position":1,"name":"Home","item":"https:\/\/www.worldrally.eu","nextItem":{"@type":"ListItem","@id":"https:\/\/www.worldrally.eu\/index.php\/category\/wrc\/#listItem","name":"WRC"}},{"@type":"ListItem","@id":"https:\/\/www.worldrally.eu\/index.php\/category\/wrc\/#listItem","position":2,"name":"WRC","item":"https:\/\/www.worldrally.eu\/index.php\/category\/wrc\/","nextItem":{"@type":"ListItem","@id":"https:\/\/www.worldrally.eu\/index.php\/2023\/05\/17\/greensmith-solberg-szacunek-i-przyjazn\/#listItem","name":"Greensmith &#038; Solberg szacunek i przyja\u017a\u0144."},"previousItem":{"@type":"ListItem","@id":"https:\/\/www.worldrally.eu#listItem","name":"Home"}},{"@type":"ListItem","@id":"https:\/\/www.worldrally.eu\/index.php\/2023\/05\/17\/greensmith-solberg-szacunek-i-przyjazn\/#listItem","position":3,"name":"Greensmith &#038; Solberg szacunek i przyja\u017a\u0144.","previousItem":{"@type":"ListItem","@id":"https:\/\/www.worldrally.eu\/index.php\/category\/wrc\/#listItem","name":"WRC"}}]},{"@type":"Organization","@id":"https:\/\/www.worldrally.eu\/#organization","name":"WorldRally.eu","url":"https:\/\/www.worldrally.eu\/","logo":{"@type":"ImageObject","url":"https:\/\/www.worldrally.eu\/wp-content\/uploads\/2026\/01\/cropped-logo-3.png","@id":"https:\/\/www.worldrally.eu\/index.php\/2023\/05\/17\/greensmith-solberg-szacunek-i-przyjazn\/#organizationLogo","width":2039,"height":756},"image":{"@id":"https:\/\/www.worldrally.eu\/index.php\/2023\/05\/17\/greensmith-solberg-szacunek-i-przyjazn\/#organizationLogo"}},{"@type":"Person","@id":"https:\/\/www.worldrally.eu\/index.php\/author\/magdalena\/#author","url":"https:\/\/www.worldrally.eu\/index.php\/author\/magdalena\/","name":"Magdalena","image":{"@type":"ImageObject","@id":"https:\/\/www.worldrally.eu\/index.php\/2023\/05\/17\/greensmith-solberg-szacunek-i-przyjazn\/#authorImage","url":"https:\/\/secure.gravatar.com\/avatar\/853239b46cec38ba30b48d2b091f5538817cc78bdc0944c9ef7408579307e2ea?s=96&d=mm&r=g","width":96,"height":96,"caption":"Magdalena"}},{"@type":"WebPage","@id":"https:\/\/www.worldrally.eu\/index.php\/2023\/05\/17\/greensmith-solberg-szacunek-i-przyjazn\/#webpage","url":"https:\/\/www.worldrally.eu\/index.php\/2023\/05\/17\/greensmith-solberg-szacunek-i-przyjazn\/","name":"Greensmith & Solberg szacunek i przyja\u017a\u0144. \u00bb WorldRally.eu","description":"To by\u0142a wspania\u0142a rywalizacja pomi\u0119dzy tymi dwoma kierowcami i nikt do nikogo nie mia\u0142 pretensji gdy\u017c obaj kierowcy darz\u0105 si\u0119 wzajemnym szacunkiem i cenna przyja\u017ani\u0105, mimo tego, ze Solberg straci\u0142 zwyci\u0119stwo w Rajdzie Portugalii. M\u0142ody Szwed dominowa\u0142 w rajdzie i mia\u0142 pewne zwyci\u0119stwo do chwili gdy zosta\u0142 ukarany dodatkow\u0105 minut\u0105 do czasu po tym jak","inLanguage":"en-GB","isPartOf":{"@id":"https:\/\/www.worldrally.eu\/#website"},"breadcrumb":{"@id":"https:\/\/www.worldrally.eu\/index.php\/2023\/05\/17\/greensmith-solberg-szacunek-i-przyjazn\/#breadcrumblist"},"author":{"@id":"https:\/\/www.worldrally.eu\/index.php\/author\/magdalena\/#author"},"creator":{"@id":"https:\/\/www.worldrally.eu\/index.php\/author\/magdalena\/#author"},"image":{"@type":"ImageObject","url":"https:\/\/www.worldrally.eu\/wp-content\/uploads\/2023\/05\/160523_AS_GS_OS_d8683_f_1400x788.jpg","@id":"https:\/\/www.worldrally.eu\/index.php\/2023\/05\/17\/greensmith-solberg-szacunek-i-przyjazn\/#mainImage","width":1400,"height":788},"primaryImageOfPage":{"@id":"https:\/\/www.worldrally.eu\/index.php\/2023\/05\/17\/greensmith-solberg-szacunek-i-przyjazn\/#mainImage"},"datePublished":"2023-05-17T17:57:18+00:00","dateModified":"2023-05-17T17:57:46+00:00"},{"@type":"WebSite","@id":"https:\/\/www.worldrally.eu\/#website","url":"https:\/\/www.worldrally.eu\/","name":"WorldRally.eu","inLanguage":"en-GB","publisher":{"@id":"https:\/\/www.worldrally.eu\/#organization"}}]},"og:locale":"en_GB","og:site_name":"WorldRally.eu \u00bb","og:type":"article","og:title":"Greensmith &amp; Solberg szacunek i przyja\u017a\u0144. \u00bb WorldRally.eu","og:description":"To by\u0142a wspania\u0142a rywalizacja pomi\u0119dzy tymi dwoma kierowcami i nikt do nikogo nie mia\u0142 pretensji gdy\u017c obaj kierowcy darz\u0105 si\u0119 wzajemnym szacunkiem i cenna przyja\u017ani\u0105, mimo tego, ze Solberg straci\u0142 zwyci\u0119stwo w Rajdzie Portugalii. M\u0142ody Szwed dominowa\u0142 w rajdzie i mia\u0142 pewne zwyci\u0119stwo do chwili gdy zosta\u0142 ukarany dodatkow\u0105 minut\u0105 do czasu po tym jak","og:url":"https:\/\/www.worldrally.eu\/index.php\/2023\/05\/17\/greensmith-solberg-szacunek-i-przyjazn\/","og:image":"https:\/\/www.worldrally.eu\/wp-content\/uploads\/2023\/05\/160523_AS_GS_OS_d8683_f_1400x788.jpg","og:image:secure_url":"https:\/\/www.worldrally.eu\/wp-content\/uploads\/2023\/05\/160523_AS_GS_OS_d8683_f_1400x788.jpg","og:image:width":1400,"og:image:height":788,"article:published_time":"2023-05-17T17:57:18+00:00","article:modified_time":"2023-05-17T17:57:46+00:00","twitter:card":"summary_large_image","twitter:title":"Greensmith &amp; Solberg szacunek i przyja\u017a\u0144. \u00bb WorldRally.eu","twitter:description":"To by\u0142a wspania\u0142a rywalizacja pomi\u0119dzy tymi dwoma kierowcami i nikt do nikogo nie mia\u0142 pretensji gdy\u017c obaj kierowcy darz\u0105 si\u0119 wzajemnym szacunkiem i cenna przyja\u017ani\u0105, mimo tego, ze Solberg straci\u0142 zwyci\u0119stwo w Rajdzie Portugalii. M\u0142ody Szwed dominowa\u0142 w rajdzie i mia\u0142 pewne zwyci\u0119stwo do chwili gdy zosta\u0142 ukarany dodatkow\u0105 minut\u0105 do czasu po tym jak","twitter:image":"https:\/\/www.worldrally.eu\/wp-content\/uploads\/2023\/05\/160523_AS_GS_OS_d8683_f_1400x788.jpg"},"aioseo_meta_data":{"post_id":"1348","title":null,"description":null,"keywords":null,"keyphrases":null,"primary_term":null,"canonical_url":null,"og_title":null,"og_description":null,"og_object_type":"default","og_image_type":"default","og_image_url":null,"og_image_width":null,"og_image_height":null,"og_image_custom_url":null,"og_image_custom_fields":null,"og_video":null,"og_custom_url":null,"og_article_section":null,"og_article_tags":null,"twitter_use_og":false,"twitter_card":"default","twitter_image_type":"default","twitter_image_url":null,"twitter_image_custom_url":null,"twitter_image_custom_fields":null,"twitter_title":null,"twitter_description":null,"schema":{"blockGraphs":[],"customGraphs":[],"default":{"data":{"Article":[],"Course":[],"Dataset":[],"FAQPage":[],"Movie":[],"Person":[],"Product":[],"ProductReview":[],"Car":[],"Recipe":[],"Service":[],"SoftwareApplication":[],"WebPage":[]},"graphName":"","isEnabled":true},"graphs":[]},"schema_type":"default","schema_type_options":null,"pillar_content":false,"robots_default":true,"robots_noindex":false,"robots_noarchive":false,"robots_nosnippet":false,"robots_nofollow":false,"robots_noimageindex":false,"robots_noodp":false,"robots_notranslate":false,"robots_max_snippet":null,"robots_max_videopreview":null,"robots_max_imagepreview":"large","priority":null,"frequency":null,"local_seo":null,"breadcrumb_settings":null,"limit_modified_date":false,"ai":null,"created":"2025-03-22 06:12:37","updated":"2025-10-26 10:17:44","seo_analyzer_scan_date":null},"aioseo_breadcrumb":"<div class=\"aioseo-breadcrumbs\"><span class=\"aioseo-breadcrumb\">\n\t\t\t<a href=\"https:\/\/www.worldrally.eu\" title=\"Home\">Home<\/a>\n\t\t<\/span><span class=\"aioseo-breadcrumb-separator\">&raquo;<\/span><span class=\"aioseo-breadcrumb\">\n\t\t\t<a href=\"https:\/\/www.worldrally.eu\/index.php\/category\/wrc\/\" title=\"WRC\">WRC<\/a>\n\t\t<\/span><span class=\"aioseo-breadcrumb-separator\">&raquo;<\/span><span class=\"aioseo-breadcrumb\">\n\t\t\tGreensmith &amp; Solberg szacunek i przyja\u017a\u0144.\n\t\t<\/span><\/div>","aioseo_breadcrumb_json":[{"label":"Home","link":"https:\/\/www.worldrally.eu"},{"label":"WRC","link":"https:\/\/www.worldrally.eu\/index.php\/category\/wrc\/"},{"label":"Greensmith &#038; Solberg szacunek i przyja\u017a\u0144.","link":"https:\/\/www.worldrally.eu\/index.php\/2023\/05\/17\/greensmith-solberg-szacunek-i-przyjazn\/"}],"cc_featured_image_caption":{"caption_text":"Foto - WRCcom","source_text":"","source_url":""},"_links":{"self":[{"href":"https:\/\/www.worldrally.eu\/index.php\/wp-json\/wp\/v2\/posts\/1348","targetHints":{"allow":["GET"]}}],"collection":[{"href":"https:\/\/www.worldrally.eu\/index.php\/wp-json\/wp\/v2\/posts"}],"about":[{"href":"https:\/\/www.worldrally.eu\/index.php\/wp-json\/wp\/v2\/types\/post"}],"author":[{"embeddable":true,"href":"https:\/\/www.worldrally.eu\/index.php\/wp-json\/wp\/v2\/users\/2"}],"replies":[{"embeddable":true,"href":"https:\/\/www.worldrally.eu\/index.php\/wp-json\/wp\/v2\/comments?post=1348"}],"version-history":[{"count":1,"href":"https:\/\/www.worldrally.eu\/index.php\/wp-json\/wp\/v2\/posts\/1348\/revisions"}],"predecessor-version":[{"id":1352,"href":"https:\/\/www.worldrally.eu\/index.php\/wp-json\/wp\/v2\/posts\/1348\/revisions\/1352"}],"wp:featuredmedia":[{"embeddable":true,"href":"https:\/\/www.worldrally.eu\/index.php\/wp-json\/wp\/v2\/media\/1353"}],"wp:attachment":[{"href":"https:\/\/www.worldrally.eu\/index.php\/wp-json\/wp\/v2\/media?parent=1348"}],"wp:term":[{"taxonomy":"category","embeddable":true,"href":"https:\/\/www.worldrally.eu\/index.php\/wp-json\/wp\/v2\/categories?post=1348"},{"taxonomy":"post_tag","embeddable":true,"href":"https:\/\/www.worldrally.eu\/index.php\/wp-json\/wp\/v2\/tags?post=1348"}],"curies":[{"name":"wp","href":"https:\/\/api.w.org\/{rel}","templated":true}]}}