{"id":1331,"date":"2023-05-14T18:27:18","date_gmt":"2023-05-14T18:27:18","guid":{"rendered":"https:\/\/www.worldrally.eu\/?p=1331"},"modified":"2023-05-14T18:27:19","modified_gmt":"2023-05-14T18:27:19","slug":"rovanpera-zwycieza-rajd-portugalii","status":"publish","type":"post","link":"https:\/\/www.worldrally.eu\/index.php\/2023\/05\/14\/rovanpera-zwycieza-rajd-portugalii\/","title":{"rendered":"Rovanper\u00e4 zwyci\u0119\u017ca Rajd Portugalii"},"content":{"rendered":"\n<p class=\"wp-block-paragraph\">Kalle Rovanper\u00e4 odnosi swoje pierwsze zwyci\u0119stwo w Rajdowych Mistrzostwach \u015awiata w tym sezonie wyprzedzaj\u0105c Dani Sordo z Hyundai Motorsport oraz jego koleg\u0119 zespo\u0142owego Esapekka Lappi.<\/p>\n\n\n\n<blockquote class=\"wp-block-quote is-layout-flow wp-block-quote-is-layout-flow\">\n<p class=\"wp-block-paragraph\">Zbyt d\u0142ugo to trwa\u0142o, ale w ko\u0144cu wr\u00f3cili\u015bmy. Musz\u0119 bardzo podzi\u0119kowa\u0107 Jonne&#8217;owi (Halttunen, pilot) i zespo\u0142owi. Ca\u0142y czas naciskali i szli do przodu<\/p>\n<cite>powiedzia\u0142 Rovanper\u00e4<\/cite><\/blockquote>\n\n\n\n<p class=\"wp-block-paragraph\">Dani Sordo na mecie pe\u0142ny wzruszenia powiedzia\u0142.<\/p>\n\n\n\n<blockquote class=\"wp-block-quote is-layout-flow wp-block-quote-is-layout-flow\">\n<p class=\"wp-block-paragraph\">Chc\u0119 podzi\u0119kowa\u0107 Craigowi, poniewa\u017c by\u0142 ze mn\u0105 przez ca\u0142y rajd i doprowadza\u0142 mnie do granic mo\u017cliwo\u015bci.<\/p>\n<\/blockquote>\n\n\n\n<figure class=\"wp-block-image size-large\"><img fetchpriority=\"high\" decoding=\"async\" width=\"1024\" height=\"683\" src=\"https:\/\/www.worldrally.eu\/wp-content\/uploads\/2023\/05\/Sordo-1024x683.jpg\" alt=\"\" class=\"wp-image-1333\" srcset=\"https:\/\/www.worldrally.eu\/wp-content\/uploads\/2023\/05\/Sordo-1024x683.jpg 1024w, https:\/\/www.worldrally.eu\/wp-content\/uploads\/2023\/05\/Sordo-300x200.jpg 300w, https:\/\/www.worldrally.eu\/wp-content\/uploads\/2023\/05\/Sordo-768x512.jpg 768w, https:\/\/www.worldrally.eu\/wp-content\/uploads\/2023\/05\/Sordo-446x297.jpg 446w, https:\/\/www.worldrally.eu\/wp-content\/uploads\/2023\/05\/Sordo.jpg 1080w\" sizes=\"(max-width: 1024px) 100vw, 1024px\" \/><figcaption class=\"wp-element-caption\">Foto &#8211; Sordo FB<\/figcaption><\/figure>\n\n\n\n<p class=\"wp-block-paragraph\">Polska za\u0142oga Mikko Marczyk \/ Szymon Gospodarczyk ostatecznie uplasowa\u0142a si\u0119 na czternastym miejscu w klasyfikacji generalnej jad\u0105c autem Skoda Fabia RS Rally2<\/p>\n\n\n\n<figure class=\"wp-block-image size-large\"><img decoding=\"async\" width=\"1024\" height=\"683\" src=\"https:\/\/www.worldrally.eu\/wp-content\/uploads\/2023\/05\/347272959_3425189354464369_4843774782681993260_n-1024x683.jpg\" alt=\"\" class=\"wp-image-1334\" srcset=\"https:\/\/www.worldrally.eu\/wp-content\/uploads\/2023\/05\/347272959_3425189354464369_4843774782681993260_n-1024x683.jpg 1024w, https:\/\/www.worldrally.eu\/wp-content\/uploads\/2023\/05\/347272959_3425189354464369_4843774782681993260_n-300x200.jpg 300w, https:\/\/www.worldrally.eu\/wp-content\/uploads\/2023\/05\/347272959_3425189354464369_4843774782681993260_n-768x512.jpg 768w, https:\/\/www.worldrally.eu\/wp-content\/uploads\/2023\/05\/347272959_3425189354464369_4843774782681993260_n-1536x1025.jpg 1536w, https:\/\/www.worldrally.eu\/wp-content\/uploads\/2023\/05\/347272959_3425189354464369_4843774782681993260_n-446x297.jpg 446w, https:\/\/www.worldrally.eu\/wp-content\/uploads\/2023\/05\/347272959_3425189354464369_4843774782681993260_n.jpg 2048w\" sizes=\"(max-width: 1024px) 100vw, 1024px\" \/><\/figure>\n\n\n\n<figure class=\"wp-block-table\"><table><tbody><tr><td>1.<\/td><td><img decoding=\"async\" src=\"https:\/\/www.ewrc-results.com\/images\/flags2\/finland.png\" alt=\"flag\"><br>#69<\/td><td><img decoding=\"async\" src=\"https:\/\/www.ewrc-results.com\/images\/icon\/toyota2019.png\" alt=\"logo\"> <a href=\"https:\/\/www.ewrc-results.com\/entryinfo\/76758-vodafone-rally-de-portugal-2023\/3688406\/\">Rovanper\u00e4 Kalle &#8211; Halttunen J.<\/a><br>Toyota GR Yaris Rally1 <img decoding=\"async\" src=\"https:\/\/www.ewrc-results.com\/images\/tyres\/pirelli_red.png\" alt=\"tyre\"><\/td><td>RC1<br>M<\/td><td>3:35:11.7<br><\/td><td><\/td><td>90.7<\/td><\/tr><tr><td>2.<\/td><td><img decoding=\"async\" src=\"https:\/\/www.ewrc-results.com\/images\/flags2\/spain.png\" alt=\"flag\"><br>#6<\/td><td><img decoding=\"async\" src=\"https:\/\/www.ewrc-results.com\/images\/icon\/hyundai2.png\" alt=\"logo\"> <a href=\"https:\/\/www.ewrc-results.com\/entryinfo\/76758-vodafone-rally-de-portugal-2023\/3688393\/\">Sordo Dani &#8211; Carrera C\u00e1ndido<\/a><br>Hyundai i20 N Rally1 <img decoding=\"async\" src=\"https:\/\/www.ewrc-results.com\/images\/tyres\/pirelli_red.png\" alt=\"tyre\"><\/td><td>RC1<br>M<\/td><td>3:36:06.4<br><\/td><td>+54.7<br>+54.7<\/td><td>90.3<br>0.17<\/td><\/tr><tr><td>3.<\/td><td><img decoding=\"async\" src=\"https:\/\/www.ewrc-results.com\/images\/flags2\/finland.png\" alt=\"flag\"><br>#4<\/td><td><img decoding=\"async\" src=\"https:\/\/www.ewrc-results.com\/images\/icon\/hyundai2.png\" alt=\"logo\"> <a href=\"https:\/\/www.ewrc-results.com\/entryinfo\/76758-vodafone-rally-de-portugal-2023\/3688412\/\">Lappi Esapekka &#8211; Ferm Janne<\/a><br>Hyundai i20 N Rally1 <img decoding=\"async\" src=\"https:\/\/www.ewrc-results.com\/images\/tyres\/pirelli_red.png\" alt=\"tyre\"><\/td><td>RC1<br>M<\/td><td>3:36:32.0<br><\/td><td>+1:20.3<br>+25.6<\/td><td>90.2<br>0.25<\/td><\/tr><tr><td>4.<\/td><td><img decoding=\"async\" src=\"https:\/\/www.ewrc-results.com\/images\/flags2\/estonia.png\" alt=\"flag\"><br>#8<\/td><td><img decoding=\"async\" src=\"https:\/\/www.ewrc-results.com\/images\/icon\/ford.png\" alt=\"logo\"> <a href=\"https:\/\/www.ewrc-results.com\/entryinfo\/76758-vodafone-rally-de-portugal-2023\/3688409\/\">T\u00e4nak Ott &#8211; J\u00e4rveoja Martin<\/a><br>Ford Puma Rally1 <img decoding=\"async\" src=\"https:\/\/www.ewrc-results.com\/images\/tyres\/pirelli_red.png\" alt=\"tyre\"><\/td><td>RC1<br>M<\/td><td>3:37:15.8<br><\/td><td>+2:04.1<br>+43.8<\/td><td>89.8<br>0.38<\/td><\/tr><tr><td>5.<\/td><td><img decoding=\"async\" src=\"https:\/\/www.ewrc-results.com\/images\/flags2\/belgium.png\" alt=\"flag\"><br>#11<\/td><td><img decoding=\"async\" src=\"https:\/\/www.ewrc-results.com\/images\/icon\/hyundai2.png\" alt=\"logo\"> <a href=\"https:\/\/www.ewrc-results.com\/entryinfo\/76758-vodafone-rally-de-portugal-2023\/3688399\/\">Neuville Thierry &#8211; Wydaeghe M.<\/a><br>Hyundai i20 N Rally1 <img decoding=\"async\" src=\"https:\/\/www.ewrc-results.com\/images\/tyres\/pirelli_red.png\" alt=\"tyre\"><\/td><td>RC1<br>M<\/td><td>3:43:34.2<br><\/td><td>+8:22.5<br>+6:18.4<\/td><td>87.3<br>1.54<\/td><\/tr><tr><td>6.<\/td><td><img decoding=\"async\" src=\"https:\/\/www.ewrc-results.com\/images\/flags2\/uk.png\" alt=\"flag\"><br>#20<\/td><td><img decoding=\"async\" src=\"https:\/\/www.ewrc-results.com\/images\/icon\/skoda2023b.png\" alt=\"logo\"> <a href=\"https:\/\/www.ewrc-results.com\/entryinfo\/76758-vodafone-rally-de-portugal-2023\/3701143\/\">Greensmith Gus &#8211; Andersson Jonas<\/a><br>\u0160koda Fabia RS Rally2 <img decoding=\"async\" src=\"https:\/\/www.ewrc-results.com\/images\/tyres\/pirelli_red.png\" alt=\"tyre\"><\/td><td>RC2<\/td><td>3:44:55.1<br><\/td><td>+9:43.4<br>+1:20.9<\/td><td>86.8<br>1.79<\/td><\/tr><tr><td>7.<\/td><td><img decoding=\"async\" src=\"https:\/\/www.ewrc-results.com\/images\/flags2\/sweden.png\" alt=\"flag\"><br>#21<\/td><td><img decoding=\"async\" src=\"https:\/\/www.ewrc-results.com\/images\/icon\/skoda2023b.png\" alt=\"logo\"> <a href=\"https:\/\/www.ewrc-results.com\/entryinfo\/76758-vodafone-rally-de-portugal-2023\/3701144\/\">Solberg Oliver &#8211; Edmondson E.<\/a><br>\u0160koda Fabia RS Rally2 <img decoding=\"async\" src=\"https:\/\/www.ewrc-results.com\/images\/tyres\/pirelli_red.png\" alt=\"tyre\"><\/td><td>RC2<\/td><td>3:44:56.3<br>1:00<\/td><td>+9:44.6<br>+1.2<\/td><td>87.2<br>1.80<\/td><\/tr><tr><td>8.<\/td><td><img decoding=\"async\" src=\"https:\/\/www.ewrc-results.com\/images\/flags2\/norway.png\" alt=\"flag\"><br>#24<\/td><td><img decoding=\"async\" src=\"https:\/\/www.ewrc-results.com\/images\/icon\/skoda2023b.png\" alt=\"logo\"> <a href=\"https:\/\/www.ewrc-results.com\/entryinfo\/76758-vodafone-rally-de-portugal-2023\/3701147\/\">Mikkelsen Andreas &#8211; Eriksen T.<\/a><br>\u0160koda Fabia RS Rally2 <img decoding=\"async\" src=\"https:\/\/www.ewrc-results.com\/images\/tyres\/pirelli_red.png\" alt=\"tyre\"><\/td><td>RC2<\/td><td>3:45:38.1<br><\/td><td>+10:26.4<br>+41.8<\/td><td>86.5<br>1.93<\/td><\/tr><tr><td>9.<\/td><td><img decoding=\"async\" src=\"https:\/\/www.ewrc-results.com\/images\/flags2\/france.png\" alt=\"flag\"><br>#26<\/td><td><img decoding=\"async\" src=\"https:\/\/www.ewrc-results.com\/images\/icon\/citroen2009.png\" alt=\"logo\"> <a href=\"https:\/\/www.ewrc-results.com\/entryinfo\/76758-vodafone-rally-de-portugal-2023\/3701149\/\">Rossel Yohan &#8211; Dunand Arnaud<\/a><br>Citro\u00ebn C3 Rally2 <img decoding=\"async\" src=\"https:\/\/www.ewrc-results.com\/images\/tyres\/pirelli_red.png\" alt=\"tyre\"><\/td><td>RC2<\/td><td>3:46:44.9<br>0:40<\/td><td>+11:33.2<br>+1:06.8<\/td><td>86.3<br>2.13<\/td><\/tr><tr><td>10.<\/td><td><img decoding=\"async\" src=\"https:\/\/www.ewrc-results.com\/images\/flags2\/finland.png\" alt=\"flag\"><br>#23<\/td><td><img decoding=\"async\" src=\"https:\/\/www.ewrc-results.com\/images\/icon\/hyundai2.png\" alt=\"logo\"> <a href=\"https:\/\/www.ewrc-results.com\/entryinfo\/76758-vodafone-rally-de-portugal-2023\/3701146\/\">Suninen Teemu &#8211; Markkula Mikko<\/a><br>Hyundai i20 N Rally2 <img decoding=\"async\" src=\"https:\/\/www.ewrc-results.com\/images\/tyres\/pirelli_red.png\" alt=\"tyre\"><\/td><td>RC2<\/td><td>3:47:28.0<br><\/td><td>+12:16.3<br>+43.1<\/td><td>85.8<br>2.26<\/td><\/tr><tr><td>11.<\/td><td><img decoding=\"async\" src=\"https:\/\/www.ewrc-results.com\/images\/flags2\/bolivia.png\" alt=\"flag\"><br>#35<\/td><td><img decoding=\"async\" src=\"https:\/\/www.ewrc-results.com\/images\/icon\/skoda2023b.png\" alt=\"logo\"> <a href=\"https:\/\/www.ewrc-results.com\/entryinfo\/76758-vodafone-rally-de-portugal-2023\/3701159\/\">Bulacia Marco &#8211; Vallejo Diego<\/a><br>\u0160koda Fabia RS Rally2 <img decoding=\"async\" src=\"https:\/\/www.ewrc-results.com\/images\/tyres\/pirelli_red.png\" alt=\"tyre\"><\/td><td>RC2<\/td><td>3:48:02.4<br><\/td><td>+12:50.7<br>+34.4<\/td><td>85.6<br>2.37<\/td><\/tr><tr><td>12.<\/td><td><img decoding=\"async\" src=\"https:\/\/www.ewrc-results.com\/images\/flags2\/ireland.png\" alt=\"flag\"><br>#37<\/td><td><img decoding=\"async\" src=\"https:\/\/www.ewrc-results.com\/images\/icon\/hyundai2.png\" alt=\"logo\"> <a href=\"https:\/\/www.ewrc-results.com\/entryinfo\/76758-vodafone-rally-de-portugal-2023\/3701162\/\">McErlean Josh &#8211; Rowan John<\/a><br>Hyundai i20 N Rally2 <img decoding=\"async\" src=\"https:\/\/www.ewrc-results.com\/images\/tyres\/pirelli_red.png\" alt=\"tyre\"><\/td><td>RC2<\/td><td>3:50:03.4<br><\/td><td>+14:51.7<br>+2:01.0<\/td><td>84.9<br>2.74<\/td><\/tr><tr><td>13.<\/td><td><img decoding=\"async\" src=\"https:\/\/www.ewrc-results.com\/images\/flags2\/chile.png\" alt=\"flag\"><br>#40<\/td><td><img decoding=\"async\" src=\"https:\/\/www.ewrc-results.com\/images\/icon\/skoda.png\" alt=\"logo\"> <a href=\"https:\/\/www.ewrc-results.com\/entryinfo\/76758-vodafone-rally-de-portugal-2023\/3701169\/\">Fern\u00e1ndez Emilio &#8211; Rozada Borja<\/a><br>\u0160koda Fabia Rally2 evo <img decoding=\"async\" src=\"https:\/\/www.ewrc-results.com\/images\/tyres\/pirelli_red.png\" alt=\"tyre\"><\/td><td>RC2<\/td><td>3:50:12.9<br><\/td><td>+15:01.2<br>+9.5<\/td><td>84.8<br>2.77<\/td><\/tr><tr><td>14.<\/td><td><img decoding=\"async\" src=\"https:\/\/www.ewrc-results.com\/images\/flags2\/poland.png\" alt=\"flag\"><br>#47<\/td><td><img decoding=\"async\" src=\"https:\/\/www.ewrc-results.com\/images\/icon\/skoda2023b.png\" alt=\"logo\"> <a href=\"https:\/\/www.ewrc-results.com\/entryinfo\/76758-vodafone-rally-de-portugal-2023\/3701174\/\">Marczyk M. &#8211; Gospodarczyk S.<\/a><br>\u0160koda Fabia RS Rally2 <img decoding=\"async\" src=\"https:\/\/www.ewrc-results.com\/images\/tyres\/pirelli_red.png\" alt=\"tyre\"><\/td><td>RC2<\/td><td>3:50:27.1<br><\/td><td>+15:15.4<br>+14.2<\/td><td>84.7<br>2.81<\/td><\/tr><tr><td>15.<\/td><td><img decoding=\"async\" src=\"https:\/\/www.ewrc-results.com\/images\/flags2\/france.png\" alt=\"flag\"><br>#25<\/td><td><img decoding=\"async\" src=\"https:\/\/www.ewrc-results.com\/images\/icon\/ford.png\" alt=\"logo\"> <a href=\"https:\/\/www.ewrc-results.com\/entryinfo\/76758-vodafone-rally-de-portugal-2023\/3701148\/\">Fourmaux Adrien &#8211; Coria Alexandre<\/a><br>Ford Fiesta Rally2 <img decoding=\"async\" src=\"https:\/\/www.ewrc-results.com\/images\/tyres\/pirelli_red.png\" alt=\"tyre\"><\/td><td>RC2<\/td><td>3:51:38.2<br><\/td><td>+16:26.5<br>+1:11.1<\/td><td>84.3<br>3.03<\/td><\/tr><tr><td>16.<\/td><td><img decoding=\"async\" src=\"https:\/\/www.ewrc-results.com\/images\/flags2\/finland.png\" alt=\"flag\"><br>#32<\/td><td><img decoding=\"async\" src=\"https:\/\/www.ewrc-results.com\/images\/icon\/skoda.png\" alt=\"logo\"> <a href=\"https:\/\/www.ewrc-results.com\/entryinfo\/76758-vodafone-rally-de-portugal-2023\/3701157\/\">Joona Lauri &#8211; Shemeikka Tuukka<\/a><br>\u0160koda Fabia Rally2 evo <img decoding=\"async\" src=\"https:\/\/www.ewrc-results.com\/images\/tyres\/pirelli_red.png\" alt=\"tyre\"><\/td><td>RC2<\/td><td>3:51:46.4<br><\/td><td>+16:34.7<br>+8.2<\/td><td>84.2<br>3.06<\/td><\/tr><tr><td>17.<\/td><td><img decoding=\"async\" src=\"https:\/\/www.ewrc-results.com\/images\/flags2\/portugal.png\" alt=\"flag\"><br>#36<\/td><td><img decoding=\"async\" src=\"https:\/\/www.ewrc-results.com\/images\/icon\/skoda.png\" alt=\"logo\"> <a href=\"https:\/\/www.ewrc-results.com\/entryinfo\/76758-vodafone-rally-de-portugal-2023\/3688374\/\">Ara\u00fajo Armindo &#8211; Ramalho Lu\u00eds<\/a><br>\u0160koda Fabia Rally2 evo <img decoding=\"async\" src=\"https:\/\/www.ewrc-results.com\/images\/tyres\/pirelli_red.png\" alt=\"tyre\"><\/td><td>RC2<\/td><td>3:55:44.8<br><\/td><td>+20:33.1<br>+3:58.4<\/td><td>82.8<br>3.79<\/td><\/tr><tr><td>18.<\/td><td><img decoding=\"async\" src=\"https:\/\/www.ewrc-results.com\/images\/flags2\/spain.png\" alt=\"flag\"><br>#34<\/td><td><img decoding=\"async\" src=\"https:\/\/www.ewrc-results.com\/images\/icon\/citroen2009.png\" alt=\"logo\"> <a href=\"https:\/\/www.ewrc-results.com\/entryinfo\/76758-vodafone-rally-de-portugal-2023\/3701158\/\">Cach\u00f3n Alejandro &#8211; Jandr\u00edn<\/a><br>Citro\u00ebn C3 Rally2 <img decoding=\"async\" src=\"https:\/\/www.ewrc-results.com\/images\/tyres\/pirelli_red.png\" alt=\"tyre\"><\/td><td>RC2<\/td><td>3:57:13.5<br>0:20<\/td><td>+22:01.8<br>+1:28.7<\/td><td>82.4<br>4.06<\/td><\/tr><tr><td>19.<\/td><td><img decoding=\"async\" src=\"https:\/\/www.ewrc-results.com\/images\/flags2\/spain.png\" alt=\"flag\"><br>#52<\/td><td><img decoding=\"async\" src=\"https:\/\/www.ewrc-results.com\/images\/icon\/skoda2023b.png\" alt=\"logo\"> <a href=\"https:\/\/www.ewrc-results.com\/entryinfo\/76758-vodafone-rally-de-portugal-2023\/3701182\/\">Villanueva A. &#8211; Murado Gonz\u00e1lez J.<\/a><br>\u0160koda Fabia RS Rally2 <img decoding=\"async\" src=\"https:\/\/www.ewrc-results.com\/images\/tyres\/pirelli_red.png\" alt=\"tyre\"><\/td><td>RC2<\/td><td>3:59:30.0<br>0:10<\/td><td>+24:18.3<br>+2:16.5<\/td><td>81.6<br>4.48<\/td><\/tr><tr><td>20.<\/td><td><img decoding=\"async\" src=\"https:\/\/www.ewrc-results.com\/images\/flags2\/italy.png\" alt=\"flag\"><br>#50<\/td><td><img decoding=\"async\" src=\"https:\/\/www.ewrc-results.com\/images\/icon\/skoda.png\" alt=\"logo\"> <a href=\"https:\/\/www.ewrc-results.com\/entryinfo\/76758-vodafone-rally-de-portugal-2023\/3701177\/\">Oldrati Enrico &#8211; De Guio Elia<\/a><br>\u0160koda Fabia Rally2 evo <img decoding=\"async\" src=\"https:\/\/www.ewrc-results.com\/images\/tyres\/pirelli_red.png\" alt=\"tyre\"><\/td><td>RC2<\/td><td>4:04:28.0<br><\/td><td>+29:16.3<br>+4:58.0<\/td><td>79.9<br>5.40<\/td><\/tr><\/tbody><\/table><\/figure>\n","protected":false},"excerpt":{"rendered":"<p>Kalle Rovanper\u00e4 odnosi swoje pierwsze zwyci\u0119stwo w Rajdowych Mistrzostwach \u015awiata w tym sezonie wyprzedzaj\u0105c Dani Sordo z Hyundai Motorsport oraz jego koleg\u0119 zespo\u0142owego Esapekka Lappi. Zbyt d\u0142ugo to trwa\u0142o, ale w ko\u0144cu wr\u00f3cili\u015bmy. Musz\u0119 bardzo podzi\u0119kowa\u0107 Jonne&#8217;owi (Halttunen, pilot) i zespo\u0142owi. Ca\u0142y czas naciskali i szli do przodu powiedzia\u0142 Rovanper\u00e4 Dani Sordo na mecie pe\u0142ny [&hellip;]<\/p>\n","protected":false},"author":2,"featured_media":1332,"comment_status":"closed","ping_status":"closed","sticky":false,"template":"","format":"standard","meta":{"_monsterinsights_skip_tracking":false,"_monsterinsights_sitenote_active":false,"_monsterinsights_sitenote_note":"","_monsterinsights_sitenote_category":0,"footnotes":""},"categories":[3],"tags":[],"class_list":["post-1331","post","type-post","status-publish","format-standard","has-post-thumbnail","hentry","category-wrc"],"aioseo_notices":[],"aioseo_head":"\n\t\t<!-- All in One SEO 4.9.9 - aioseo.com -->\n\t<meta name=\"description\" content=\"Kalle Rovanper\u00e4 odnosi swoje pierwsze zwyci\u0119stwo w Rajdowych Mistrzostwach \u015awiata w tym sezonie wyprzedzaj\u0105c Dani Sordo z Hyundai Motorsport oraz jego koleg\u0119 zespo\u0142owego Esapekka Lappi. Zbyt d\u0142ugo to trwa\u0142o, ale w ko\u0144cu wr\u00f3cili\u015bmy. Musz\u0119 bardzo podzi\u0119kowa\u0107 Jonne&#039;owi (Halttunen, pilot) i zespo\u0142owi. Ca\u0142y czas naciskali i szli do przodu powiedzia\u0142 Rovanper\u00e4 Dani Sordo na mecie pe\u0142ny\" \/>\n\t<meta name=\"robots\" content=\"max-image-preview:large\" \/>\n\t<meta name=\"author\" content=\"Magdalena\"\/>\n\t<link rel=\"canonical\" href=\"https:\/\/www.worldrally.eu\/index.php\/2023\/05\/14\/rovanpera-zwycieza-rajd-portugalii\/\" \/>\n\t<meta name=\"generator\" content=\"All in One SEO (AIOSEO) 4.9.9\" \/>\n\t\t<meta property=\"og:locale\" content=\"en_GB\" \/>\n\t\t<meta property=\"og:site_name\" content=\"WorldRally.eu \u00bb\" \/>\n\t\t<meta property=\"og:type\" content=\"article\" \/>\n\t\t<meta property=\"og:title\" content=\"Rovanper\u00e4 zwyci\u0119\u017ca Rajd Portugalii \u00bb WorldRally.eu\" \/>\n\t\t<meta property=\"og:description\" content=\"Kalle Rovanper\u00e4 odnosi swoje pierwsze zwyci\u0119stwo w Rajdowych Mistrzostwach \u015awiata w tym sezonie wyprzedzaj\u0105c Dani Sordo z Hyundai Motorsport oraz jego koleg\u0119 zespo\u0142owego Esapekka Lappi. Zbyt d\u0142ugo to trwa\u0142o, ale w ko\u0144cu wr\u00f3cili\u015bmy. Musz\u0119 bardzo podzi\u0119kowa\u0107 Jonne&#039;owi (Halttunen, pilot) i zespo\u0142owi. Ca\u0142y czas naciskali i szli do przodu powiedzia\u0142 Rovanper\u00e4 Dani Sordo na mecie pe\u0142ny\" \/>\n\t\t<meta property=\"og:url\" content=\"https:\/\/www.worldrally.eu\/index.php\/2023\/05\/14\/rovanpera-zwycieza-rajd-portugalii\/\" \/>\n\t\t<meta property=\"og:image\" content=\"https:\/\/www.worldrally.eu\/wp-content\/uploads\/2023\/05\/140523_AT_Kalle_WIN_d7332_f_1400x788.jpg\" \/>\n\t\t<meta property=\"og:image:secure_url\" content=\"https:\/\/www.worldrally.eu\/wp-content\/uploads\/2023\/05\/140523_AT_Kalle_WIN_d7332_f_1400x788.jpg\" \/>\n\t\t<meta property=\"og:image:width\" content=\"1400\" \/>\n\t\t<meta property=\"og:image:height\" content=\"788\" \/>\n\t\t<meta property=\"article:published_time\" content=\"2023-05-14T18:27:18+00:00\" \/>\n\t\t<meta property=\"article:modified_time\" content=\"2023-05-14T18:27:19+00:00\" \/>\n\t\t<meta name=\"twitter:card\" content=\"summary_large_image\" \/>\n\t\t<meta name=\"twitter:title\" content=\"Rovanper\u00e4 zwyci\u0119\u017ca Rajd Portugalii \u00bb WorldRally.eu\" \/>\n\t\t<meta name=\"twitter:description\" content=\"Kalle Rovanper\u00e4 odnosi swoje pierwsze zwyci\u0119stwo w Rajdowych Mistrzostwach \u015awiata w tym sezonie wyprzedzaj\u0105c Dani Sordo z Hyundai Motorsport oraz jego koleg\u0119 zespo\u0142owego Esapekka Lappi. Zbyt d\u0142ugo to trwa\u0142o, ale w ko\u0144cu wr\u00f3cili\u015bmy. Musz\u0119 bardzo podzi\u0119kowa\u0107 Jonne&#039;owi (Halttunen, pilot) i zespo\u0142owi. Ca\u0142y czas naciskali i szli do przodu powiedzia\u0142 Rovanper\u00e4 Dani Sordo na mecie pe\u0142ny\" \/>\n\t\t<meta name=\"twitter:image\" content=\"https:\/\/www.worldrally.eu\/wp-content\/uploads\/2023\/05\/140523_AT_Kalle_WIN_d7332_f_1400x788.jpg\" \/>\n\t\t<script type=\"application\/ld+json\" class=\"aioseo-schema\">\n\t\t\t{\"@context\":\"https:\\\/\\\/schema.org\",\"@graph\":[{\"@type\":\"BlogPosting\",\"@id\":\"https:\\\/\\\/www.worldrally.eu\\\/index.php\\\/2023\\\/05\\\/14\\\/rovanpera-zwycieza-rajd-portugalii\\\/#blogposting\",\"name\":\"Rovanper\\u00e4 zwyci\\u0119\\u017ca Rajd Portugalii \\u00bb WorldRally.eu\",\"headline\":\"Rovanper\\u00e4 zwyci\\u0119\\u017ca Rajd Portugalii\",\"author\":{\"@id\":\"https:\\\/\\\/www.worldrally.eu\\\/index.php\\\/author\\\/magdalena\\\/#author\"},\"publisher\":{\"@id\":\"https:\\\/\\\/www.worldrally.eu\\\/#organization\"},\"image\":{\"@type\":\"ImageObject\",\"url\":\"https:\\\/\\\/www.worldrally.eu\\\/wp-content\\\/uploads\\\/2023\\\/05\\\/140523_AT_Kalle_WIN_d7332_f_1400x788.jpg\",\"width\":1400,\"height\":788},\"datePublished\":\"2023-05-14T18:27:18+00:00\",\"dateModified\":\"2023-05-14T18:27:19+00:00\",\"inLanguage\":\"en-GB\",\"mainEntityOfPage\":{\"@id\":\"https:\\\/\\\/www.worldrally.eu\\\/index.php\\\/2023\\\/05\\\/14\\\/rovanpera-zwycieza-rajd-portugalii\\\/#webpage\"},\"isPartOf\":{\"@id\":\"https:\\\/\\\/www.worldrally.eu\\\/index.php\\\/2023\\\/05\\\/14\\\/rovanpera-zwycieza-rajd-portugalii\\\/#webpage\"},\"articleSection\":\"WRC\"},{\"@type\":\"BreadcrumbList\",\"@id\":\"https:\\\/\\\/www.worldrally.eu\\\/index.php\\\/2023\\\/05\\\/14\\\/rovanpera-zwycieza-rajd-portugalii\\\/#breadcrumblist\",\"itemListElement\":[{\"@type\":\"ListItem\",\"@id\":\"https:\\\/\\\/www.worldrally.eu#listItem\",\"position\":1,\"name\":\"Home\",\"item\":\"https:\\\/\\\/www.worldrally.eu\",\"nextItem\":{\"@type\":\"ListItem\",\"@id\":\"https:\\\/\\\/www.worldrally.eu\\\/index.php\\\/category\\\/wrc\\\/#listItem\",\"name\":\"WRC\"}},{\"@type\":\"ListItem\",\"@id\":\"https:\\\/\\\/www.worldrally.eu\\\/index.php\\\/category\\\/wrc\\\/#listItem\",\"position\":2,\"name\":\"WRC\",\"item\":\"https:\\\/\\\/www.worldrally.eu\\\/index.php\\\/category\\\/wrc\\\/\",\"nextItem\":{\"@type\":\"ListItem\",\"@id\":\"https:\\\/\\\/www.worldrally.eu\\\/index.php\\\/2023\\\/05\\\/14\\\/rovanpera-zwycieza-rajd-portugalii\\\/#listItem\",\"name\":\"Rovanper\\u00e4 zwyci\\u0119\\u017ca Rajd Portugalii\"},\"previousItem\":{\"@type\":\"ListItem\",\"@id\":\"https:\\\/\\\/www.worldrally.eu#listItem\",\"name\":\"Home\"}},{\"@type\":\"ListItem\",\"@id\":\"https:\\\/\\\/www.worldrally.eu\\\/index.php\\\/2023\\\/05\\\/14\\\/rovanpera-zwycieza-rajd-portugalii\\\/#listItem\",\"position\":3,\"name\":\"Rovanper\\u00e4 zwyci\\u0119\\u017ca Rajd Portugalii\",\"previousItem\":{\"@type\":\"ListItem\",\"@id\":\"https:\\\/\\\/www.worldrally.eu\\\/index.php\\\/category\\\/wrc\\\/#listItem\",\"name\":\"WRC\"}}]},{\"@type\":\"Organization\",\"@id\":\"https:\\\/\\\/www.worldrally.eu\\\/#organization\",\"name\":\"WorldRally.eu\",\"url\":\"https:\\\/\\\/www.worldrally.eu\\\/\",\"logo\":{\"@type\":\"ImageObject\",\"url\":\"https:\\\/\\\/www.worldrally.eu\\\/wp-content\\\/uploads\\\/2026\\\/01\\\/cropped-logo-3.png\",\"@id\":\"https:\\\/\\\/www.worldrally.eu\\\/index.php\\\/2023\\\/05\\\/14\\\/rovanpera-zwycieza-rajd-portugalii\\\/#organizationLogo\",\"width\":2039,\"height\":756},\"image\":{\"@id\":\"https:\\\/\\\/www.worldrally.eu\\\/index.php\\\/2023\\\/05\\\/14\\\/rovanpera-zwycieza-rajd-portugalii\\\/#organizationLogo\"}},{\"@type\":\"Person\",\"@id\":\"https:\\\/\\\/www.worldrally.eu\\\/index.php\\\/author\\\/magdalena\\\/#author\",\"url\":\"https:\\\/\\\/www.worldrally.eu\\\/index.php\\\/author\\\/magdalena\\\/\",\"name\":\"Magdalena\",\"image\":{\"@type\":\"ImageObject\",\"@id\":\"https:\\\/\\\/www.worldrally.eu\\\/index.php\\\/2023\\\/05\\\/14\\\/rovanpera-zwycieza-rajd-portugalii\\\/#authorImage\",\"url\":\"https:\\\/\\\/secure.gravatar.com\\\/avatar\\\/853239b46cec38ba30b48d2b091f5538817cc78bdc0944c9ef7408579307e2ea?s=96&d=mm&r=g\",\"width\":96,\"height\":96,\"caption\":\"Magdalena\"}},{\"@type\":\"WebPage\",\"@id\":\"https:\\\/\\\/www.worldrally.eu\\\/index.php\\\/2023\\\/05\\\/14\\\/rovanpera-zwycieza-rajd-portugalii\\\/#webpage\",\"url\":\"https:\\\/\\\/www.worldrally.eu\\\/index.php\\\/2023\\\/05\\\/14\\\/rovanpera-zwycieza-rajd-portugalii\\\/\",\"name\":\"Rovanper\\u00e4 zwyci\\u0119\\u017ca Rajd Portugalii \\u00bb WorldRally.eu\",\"description\":\"Kalle Rovanper\\u00e4 odnosi swoje pierwsze zwyci\\u0119stwo w Rajdowych Mistrzostwach \\u015awiata w tym sezonie wyprzedzaj\\u0105c Dani Sordo z Hyundai Motorsport oraz jego koleg\\u0119 zespo\\u0142owego Esapekka Lappi. Zbyt d\\u0142ugo to trwa\\u0142o, ale w ko\\u0144cu wr\\u00f3cili\\u015bmy. Musz\\u0119 bardzo podzi\\u0119kowa\\u0107 Jonne'owi (Halttunen, pilot) i zespo\\u0142owi. Ca\\u0142y czas naciskali i szli do przodu powiedzia\\u0142 Rovanper\\u00e4 Dani Sordo na mecie pe\\u0142ny\",\"inLanguage\":\"en-GB\",\"isPartOf\":{\"@id\":\"https:\\\/\\\/www.worldrally.eu\\\/#website\"},\"breadcrumb\":{\"@id\":\"https:\\\/\\\/www.worldrally.eu\\\/index.php\\\/2023\\\/05\\\/14\\\/rovanpera-zwycieza-rajd-portugalii\\\/#breadcrumblist\"},\"author\":{\"@id\":\"https:\\\/\\\/www.worldrally.eu\\\/index.php\\\/author\\\/magdalena\\\/#author\"},\"creator\":{\"@id\":\"https:\\\/\\\/www.worldrally.eu\\\/index.php\\\/author\\\/magdalena\\\/#author\"},\"image\":{\"@type\":\"ImageObject\",\"url\":\"https:\\\/\\\/www.worldrally.eu\\\/wp-content\\\/uploads\\\/2023\\\/05\\\/140523_AT_Kalle_WIN_d7332_f_1400x788.jpg\",\"@id\":\"https:\\\/\\\/www.worldrally.eu\\\/index.php\\\/2023\\\/05\\\/14\\\/rovanpera-zwycieza-rajd-portugalii\\\/#mainImage\",\"width\":1400,\"height\":788},\"primaryImageOfPage\":{\"@id\":\"https:\\\/\\\/www.worldrally.eu\\\/index.php\\\/2023\\\/05\\\/14\\\/rovanpera-zwycieza-rajd-portugalii\\\/#mainImage\"},\"datePublished\":\"2023-05-14T18:27:18+00:00\",\"dateModified\":\"2023-05-14T18:27:19+00:00\"},{\"@type\":\"WebSite\",\"@id\":\"https:\\\/\\\/www.worldrally.eu\\\/#website\",\"url\":\"https:\\\/\\\/www.worldrally.eu\\\/\",\"name\":\"WorldRally.eu\",\"inLanguage\":\"en-GB\",\"publisher\":{\"@id\":\"https:\\\/\\\/www.worldrally.eu\\\/#organization\"}}]}\n\t\t<\/script>\n\t\t<!-- All in One SEO -->\n\n","aioseo_head_json":{"title":"Rovanper\u00e4 zwyci\u0119\u017ca Rajd Portugalii \u00bb WorldRally.eu","description":"Kalle Rovanper\u00e4 odnosi swoje pierwsze zwyci\u0119stwo w Rajdowych Mistrzostwach \u015awiata w tym sezonie wyprzedzaj\u0105c Dani Sordo z Hyundai Motorsport oraz jego koleg\u0119 zespo\u0142owego Esapekka Lappi. Zbyt d\u0142ugo to trwa\u0142o, ale w ko\u0144cu wr\u00f3cili\u015bmy. Musz\u0119 bardzo podzi\u0119kowa\u0107 Jonne'owi (Halttunen, pilot) i zespo\u0142owi. Ca\u0142y czas naciskali i szli do przodu powiedzia\u0142 Rovanper\u00e4 Dani Sordo na mecie pe\u0142ny","canonical_url":"https:\/\/www.worldrally.eu\/index.php\/2023\/05\/14\/rovanpera-zwycieza-rajd-portugalii\/","robots":"max-image-preview:large","keywords":"","webmasterTools":{"miscellaneous":""},"schema":{"@context":"https:\/\/schema.org","@graph":[{"@type":"BlogPosting","@id":"https:\/\/www.worldrally.eu\/index.php\/2023\/05\/14\/rovanpera-zwycieza-rajd-portugalii\/#blogposting","name":"Rovanper\u00e4 zwyci\u0119\u017ca Rajd Portugalii \u00bb WorldRally.eu","headline":"Rovanper\u00e4 zwyci\u0119\u017ca Rajd Portugalii","author":{"@id":"https:\/\/www.worldrally.eu\/index.php\/author\/magdalena\/#author"},"publisher":{"@id":"https:\/\/www.worldrally.eu\/#organization"},"image":{"@type":"ImageObject","url":"https:\/\/www.worldrally.eu\/wp-content\/uploads\/2023\/05\/140523_AT_Kalle_WIN_d7332_f_1400x788.jpg","width":1400,"height":788},"datePublished":"2023-05-14T18:27:18+00:00","dateModified":"2023-05-14T18:27:19+00:00","inLanguage":"en-GB","mainEntityOfPage":{"@id":"https:\/\/www.worldrally.eu\/index.php\/2023\/05\/14\/rovanpera-zwycieza-rajd-portugalii\/#webpage"},"isPartOf":{"@id":"https:\/\/www.worldrally.eu\/index.php\/2023\/05\/14\/rovanpera-zwycieza-rajd-portugalii\/#webpage"},"articleSection":"WRC"},{"@type":"BreadcrumbList","@id":"https:\/\/www.worldrally.eu\/index.php\/2023\/05\/14\/rovanpera-zwycieza-rajd-portugalii\/#breadcrumblist","itemListElement":[{"@type":"ListItem","@id":"https:\/\/www.worldrally.eu#listItem","position":1,"name":"Home","item":"https:\/\/www.worldrally.eu","nextItem":{"@type":"ListItem","@id":"https:\/\/www.worldrally.eu\/index.php\/category\/wrc\/#listItem","name":"WRC"}},{"@type":"ListItem","@id":"https:\/\/www.worldrally.eu\/index.php\/category\/wrc\/#listItem","position":2,"name":"WRC","item":"https:\/\/www.worldrally.eu\/index.php\/category\/wrc\/","nextItem":{"@type":"ListItem","@id":"https:\/\/www.worldrally.eu\/index.php\/2023\/05\/14\/rovanpera-zwycieza-rajd-portugalii\/#listItem","name":"Rovanper\u00e4 zwyci\u0119\u017ca Rajd Portugalii"},"previousItem":{"@type":"ListItem","@id":"https:\/\/www.worldrally.eu#listItem","name":"Home"}},{"@type":"ListItem","@id":"https:\/\/www.worldrally.eu\/index.php\/2023\/05\/14\/rovanpera-zwycieza-rajd-portugalii\/#listItem","position":3,"name":"Rovanper\u00e4 zwyci\u0119\u017ca Rajd Portugalii","previousItem":{"@type":"ListItem","@id":"https:\/\/www.worldrally.eu\/index.php\/category\/wrc\/#listItem","name":"WRC"}}]},{"@type":"Organization","@id":"https:\/\/www.worldrally.eu\/#organization","name":"WorldRally.eu","url":"https:\/\/www.worldrally.eu\/","logo":{"@type":"ImageObject","url":"https:\/\/www.worldrally.eu\/wp-content\/uploads\/2026\/01\/cropped-logo-3.png","@id":"https:\/\/www.worldrally.eu\/index.php\/2023\/05\/14\/rovanpera-zwycieza-rajd-portugalii\/#organizationLogo","width":2039,"height":756},"image":{"@id":"https:\/\/www.worldrally.eu\/index.php\/2023\/05\/14\/rovanpera-zwycieza-rajd-portugalii\/#organizationLogo"}},{"@type":"Person","@id":"https:\/\/www.worldrally.eu\/index.php\/author\/magdalena\/#author","url":"https:\/\/www.worldrally.eu\/index.php\/author\/magdalena\/","name":"Magdalena","image":{"@type":"ImageObject","@id":"https:\/\/www.worldrally.eu\/index.php\/2023\/05\/14\/rovanpera-zwycieza-rajd-portugalii\/#authorImage","url":"https:\/\/secure.gravatar.com\/avatar\/853239b46cec38ba30b48d2b091f5538817cc78bdc0944c9ef7408579307e2ea?s=96&d=mm&r=g","width":96,"height":96,"caption":"Magdalena"}},{"@type":"WebPage","@id":"https:\/\/www.worldrally.eu\/index.php\/2023\/05\/14\/rovanpera-zwycieza-rajd-portugalii\/#webpage","url":"https:\/\/www.worldrally.eu\/index.php\/2023\/05\/14\/rovanpera-zwycieza-rajd-portugalii\/","name":"Rovanper\u00e4 zwyci\u0119\u017ca Rajd Portugalii \u00bb WorldRally.eu","description":"Kalle Rovanper\u00e4 odnosi swoje pierwsze zwyci\u0119stwo w Rajdowych Mistrzostwach \u015awiata w tym sezonie wyprzedzaj\u0105c Dani Sordo z Hyundai Motorsport oraz jego koleg\u0119 zespo\u0142owego Esapekka Lappi. Zbyt d\u0142ugo to trwa\u0142o, ale w ko\u0144cu wr\u00f3cili\u015bmy. Musz\u0119 bardzo podzi\u0119kowa\u0107 Jonne'owi (Halttunen, pilot) i zespo\u0142owi. Ca\u0142y czas naciskali i szli do przodu powiedzia\u0142 Rovanper\u00e4 Dani Sordo na mecie pe\u0142ny","inLanguage":"en-GB","isPartOf":{"@id":"https:\/\/www.worldrally.eu\/#website"},"breadcrumb":{"@id":"https:\/\/www.worldrally.eu\/index.php\/2023\/05\/14\/rovanpera-zwycieza-rajd-portugalii\/#breadcrumblist"},"author":{"@id":"https:\/\/www.worldrally.eu\/index.php\/author\/magdalena\/#author"},"creator":{"@id":"https:\/\/www.worldrally.eu\/index.php\/author\/magdalena\/#author"},"image":{"@type":"ImageObject","url":"https:\/\/www.worldrally.eu\/wp-content\/uploads\/2023\/05\/140523_AT_Kalle_WIN_d7332_f_1400x788.jpg","@id":"https:\/\/www.worldrally.eu\/index.php\/2023\/05\/14\/rovanpera-zwycieza-rajd-portugalii\/#mainImage","width":1400,"height":788},"primaryImageOfPage":{"@id":"https:\/\/www.worldrally.eu\/index.php\/2023\/05\/14\/rovanpera-zwycieza-rajd-portugalii\/#mainImage"},"datePublished":"2023-05-14T18:27:18+00:00","dateModified":"2023-05-14T18:27:19+00:00"},{"@type":"WebSite","@id":"https:\/\/www.worldrally.eu\/#website","url":"https:\/\/www.worldrally.eu\/","name":"WorldRally.eu","inLanguage":"en-GB","publisher":{"@id":"https:\/\/www.worldrally.eu\/#organization"}}]},"og:locale":"en_GB","og:site_name":"WorldRally.eu \u00bb","og:type":"article","og:title":"Rovanper\u00e4 zwyci\u0119\u017ca Rajd Portugalii \u00bb WorldRally.eu","og:description":"Kalle Rovanper\u00e4 odnosi swoje pierwsze zwyci\u0119stwo w Rajdowych Mistrzostwach \u015awiata w tym sezonie wyprzedzaj\u0105c Dani Sordo z Hyundai Motorsport oraz jego koleg\u0119 zespo\u0142owego Esapekka Lappi. Zbyt d\u0142ugo to trwa\u0142o, ale w ko\u0144cu wr\u00f3cili\u015bmy. Musz\u0119 bardzo podzi\u0119kowa\u0107 Jonne'owi (Halttunen, pilot) i zespo\u0142owi. Ca\u0142y czas naciskali i szli do przodu powiedzia\u0142 Rovanper\u00e4 Dani Sordo na mecie pe\u0142ny","og:url":"https:\/\/www.worldrally.eu\/index.php\/2023\/05\/14\/rovanpera-zwycieza-rajd-portugalii\/","og:image":"https:\/\/www.worldrally.eu\/wp-content\/uploads\/2023\/05\/140523_AT_Kalle_WIN_d7332_f_1400x788.jpg","og:image:secure_url":"https:\/\/www.worldrally.eu\/wp-content\/uploads\/2023\/05\/140523_AT_Kalle_WIN_d7332_f_1400x788.jpg","og:image:width":1400,"og:image:height":788,"article:published_time":"2023-05-14T18:27:18+00:00","article:modified_time":"2023-05-14T18:27:19+00:00","twitter:card":"summary_large_image","twitter:title":"Rovanper\u00e4 zwyci\u0119\u017ca Rajd Portugalii \u00bb WorldRally.eu","twitter:description":"Kalle Rovanper\u00e4 odnosi swoje pierwsze zwyci\u0119stwo w Rajdowych Mistrzostwach \u015awiata w tym sezonie wyprzedzaj\u0105c Dani Sordo z Hyundai Motorsport oraz jego koleg\u0119 zespo\u0142owego Esapekka Lappi. Zbyt d\u0142ugo to trwa\u0142o, ale w ko\u0144cu wr\u00f3cili\u015bmy. Musz\u0119 bardzo podzi\u0119kowa\u0107 Jonne'owi (Halttunen, pilot) i zespo\u0142owi. Ca\u0142y czas naciskali i szli do przodu powiedzia\u0142 Rovanper\u00e4 Dani Sordo na mecie pe\u0142ny","twitter:image":"https:\/\/www.worldrally.eu\/wp-content\/uploads\/2023\/05\/140523_AT_Kalle_WIN_d7332_f_1400x788.jpg"},"aioseo_meta_data":{"post_id":"1331","title":null,"description":null,"keywords":null,"keyphrases":null,"primary_term":null,"canonical_url":null,"og_title":null,"og_description":null,"og_object_type":"default","og_image_type":"default","og_image_url":null,"og_image_width":null,"og_image_height":null,"og_image_custom_url":null,"og_image_custom_fields":null,"og_video":null,"og_custom_url":null,"og_article_section":null,"og_article_tags":null,"twitter_use_og":false,"twitter_card":"default","twitter_image_type":"default","twitter_image_url":null,"twitter_image_custom_url":null,"twitter_image_custom_fields":null,"twitter_title":null,"twitter_description":null,"schema":{"blockGraphs":[],"customGraphs":[],"default":{"data":{"Article":[],"Course":[],"Dataset":[],"FAQPage":[],"Movie":[],"Person":[],"Product":[],"ProductReview":[],"Car":[],"Recipe":[],"Service":[],"SoftwareApplication":[],"WebPage":[]},"graphName":"","isEnabled":true},"graphs":[]},"schema_type":"default","schema_type_options":null,"pillar_content":false,"robots_default":true,"robots_noindex":false,"robots_noarchive":false,"robots_nosnippet":false,"robots_nofollow":false,"robots_noimageindex":false,"robots_noodp":false,"robots_notranslate":false,"robots_max_snippet":null,"robots_max_videopreview":null,"robots_max_imagepreview":"large","priority":null,"frequency":null,"local_seo":null,"breadcrumb_settings":null,"limit_modified_date":false,"ai":null,"created":"2025-03-22 06:12:37","updated":"2025-10-26 10:15:40","seo_analyzer_scan_date":null},"aioseo_breadcrumb":"<div class=\"aioseo-breadcrumbs\"><span class=\"aioseo-breadcrumb\">\n\t\t\t<a href=\"https:\/\/www.worldrally.eu\" title=\"Home\">Home<\/a>\n\t\t<\/span><span class=\"aioseo-breadcrumb-separator\">&raquo;<\/span><span class=\"aioseo-breadcrumb\">\n\t\t\t<a href=\"https:\/\/www.worldrally.eu\/index.php\/category\/wrc\/\" title=\"WRC\">WRC<\/a>\n\t\t<\/span><span class=\"aioseo-breadcrumb-separator\">&raquo;<\/span><span class=\"aioseo-breadcrumb\">\n\t\t\tRovanper\u00e4 zwyci\u0119\u017ca Rajd Portugalii\n\t\t<\/span><\/div>","aioseo_breadcrumb_json":[{"label":"Home","link":"https:\/\/www.worldrally.eu"},{"label":"WRC","link":"https:\/\/www.worldrally.eu\/index.php\/category\/wrc\/"},{"label":"Rovanper\u00e4 zwyci\u0119\u017ca Rajd Portugalii","link":"https:\/\/www.worldrally.eu\/index.php\/2023\/05\/14\/rovanpera-zwycieza-rajd-portugalii\/"}],"cc_featured_image_caption":{"caption_text":"Foto\/WRCcom","source_text":"","source_url":""},"_links":{"self":[{"href":"https:\/\/www.worldrally.eu\/index.php\/wp-json\/wp\/v2\/posts\/1331","targetHints":{"allow":["GET"]}}],"collection":[{"href":"https:\/\/www.worldrally.eu\/index.php\/wp-json\/wp\/v2\/posts"}],"about":[{"href":"https:\/\/www.worldrally.eu\/index.php\/wp-json\/wp\/v2\/types\/post"}],"author":[{"embeddable":true,"href":"https:\/\/www.worldrally.eu\/index.php\/wp-json\/wp\/v2\/users\/2"}],"replies":[{"embeddable":true,"href":"https:\/\/www.worldrally.eu\/index.php\/wp-json\/wp\/v2\/comments?post=1331"}],"version-history":[{"count":1,"href":"https:\/\/www.worldrally.eu\/index.php\/wp-json\/wp\/v2\/posts\/1331\/revisions"}],"predecessor-version":[{"id":1335,"href":"https:\/\/www.worldrally.eu\/index.php\/wp-json\/wp\/v2\/posts\/1331\/revisions\/1335"}],"wp:featuredmedia":[{"embeddable":true,"href":"https:\/\/www.worldrally.eu\/index.php\/wp-json\/wp\/v2\/media\/1332"}],"wp:attachment":[{"href":"https:\/\/www.worldrally.eu\/index.php\/wp-json\/wp\/v2\/media?parent=1331"}],"wp:term":[{"taxonomy":"category","embeddable":true,"href":"https:\/\/www.worldrally.eu\/index.php\/wp-json\/wp\/v2\/categories?post=1331"},{"taxonomy":"post_tag","embeddable":true,"href":"https:\/\/www.worldrally.eu\/index.php\/wp-json\/wp\/v2\/tags?post=1331"}],"curies":[{"name":"wp","href":"https:\/\/api.w.org\/{rel}","templated":true}]}}