{"id":1324,"date":"2023-05-13T17:37:00","date_gmt":"2023-05-13T17:37:00","guid":{"rendered":"https:\/\/www.worldrally.eu\/?p=1324"},"modified":"2023-05-14T17:49:42","modified_gmt":"2023-05-14T17:49:42","slug":"rovanpera-zwieksza-przewage","status":"publish","type":"post","link":"https:\/\/www.worldrally.eu\/index.php\/2023\/05\/13\/rovanpera-zwieksza-przewage\/","title":{"rendered":"Rovanper\u00e4 zwi\u0119ksza przewag\u0119"},"content":{"rendered":"\n<p class=\"wp-block-paragraph\">Kalle Rovanper\u00e4 zwi\u0119kszy\u0142 swoj\u0105 przewag\u0119 nad rywalami po niesamowitym sobotnim poranku  w Vodafone Rally de Portugal, wygrywaj\u0105c etapy za kierownic\u0105 Toyoty GR Yaris, wyprzedzaj\u0105c Dani Sordo o ponad 50 sekund i dodatkowych kilka nad Esapekke Lappi.<\/p>\n\n\n\n<blockquote class=\"wp-block-quote is-layout-flow wp-block-quote-is-layout-flow\">\n<p class=\"wp-block-paragraph\">W\u0142a\u015bnie si\u0119 dzisiaj obudzi\u0142em i pomy\u015bla\u0142em, \u017ce powinni\u015bmy troch\u0119 poje\u017adzi\u0107. Zrobili\u015bmy kilka dobrych porank\u00f3w [wcze\u015bniej], ale to by\u0142o naprawd\u0119 dobre. Ca\u0142a p\u0119tla by\u0142a dobra i postaramy si\u0119 kontynuowa\u0107 w ten spos\u00f3b<\/p>\n<cite>powiedzia\u0142 Fin<\/cite><\/blockquote>\n\n\n\n<figure class=\"wp-block-image size-large\"><img fetchpriority=\"high\" decoding=\"async\" width=\"1024\" height=\"576\" src=\"https:\/\/www.worldrally.eu\/wp-content\/uploads\/2023\/05\/120523_AT-Dani-Sordo_Portugal_02_5e874_frz_1400x788-1-1024x576.jpeg\" alt=\"\" class=\"wp-image-1326\" srcset=\"https:\/\/www.worldrally.eu\/wp-content\/uploads\/2023\/05\/120523_AT-Dani-Sordo_Portugal_02_5e874_frz_1400x788-1-1024x576.jpeg 1024w, https:\/\/www.worldrally.eu\/wp-content\/uploads\/2023\/05\/120523_AT-Dani-Sordo_Portugal_02_5e874_frz_1400x788-1-300x169.jpeg 300w, https:\/\/www.worldrally.eu\/wp-content\/uploads\/2023\/05\/120523_AT-Dani-Sordo_Portugal_02_5e874_frz_1400x788-1-768x432.jpeg 768w, https:\/\/www.worldrally.eu\/wp-content\/uploads\/2023\/05\/120523_AT-Dani-Sordo_Portugal_02_5e874_frz_1400x788-1-1280x720.jpeg 1280w, https:\/\/www.worldrally.eu\/wp-content\/uploads\/2023\/05\/120523_AT-Dani-Sordo_Portugal_02_5e874_frz_1400x788-1.jpeg 1400w\" sizes=\"(max-width: 1024px) 100vw, 1024px\" \/><figcaption class=\"wp-element-caption\">Foto &#8211; WRCcom<\/figcaption><\/figure>\n\n\n\n<p class=\"wp-block-paragraph\">Sordo bardzo du\u017co straci\u0142 do lidera lecz te\u017c jego pozycja zosta\u0142a zagro\u017cona, gdy\u017c Lappi naciska\u0142 z odcinka na odcinek.<\/p>\n\n\n\n<blockquote class=\"wp-block-quote is-layout-flow wp-block-quote-is-layout-flow\">\n<p class=\"wp-block-paragraph\">Nie lubi\u0119 tego etapu, ale stara\u0142em si\u0119 przekroczy\u0107 limit. W niekt\u00f3rych miejscach troch\u0119 przekroczy\u0142em limit, ale to jedyny spos\u00f3b, w jaki mog\u0119 pozosta\u0107 blisko. Bardzo trudno jest utrzyma\u0107 dobr\u0105 pr\u0119dko\u015b\u0107, gdy jednocze\u015bnie chce si\u0119 by\u0107 czystym i szybkim<\/p>\n<cite>wyja\u015bni\u0142 Sordo<\/cite><\/blockquote>\n\n\n\n<p class=\"wp-block-paragraph\">Lappi pokaza\u0142 si\u0119 z bardzo dobrej strony w sobotnich porannych przejazdach awansuj\u0105c na trzecie miejsce w klasyfikacji generalnej.<\/p>\n\n\n\n<figure class=\"wp-block-image size-large\"><img decoding=\"async\" width=\"1024\" height=\"576\" src=\"https:\/\/www.worldrally.eu\/wp-content\/uploads\/2023\/05\/130523_HMSG_Lappi_SAT_AM_06875_frz_1400x788-1024x576.jpg\" alt=\"\" class=\"wp-image-1327\" srcset=\"https:\/\/www.worldrally.eu\/wp-content\/uploads\/2023\/05\/130523_HMSG_Lappi_SAT_AM_06875_frz_1400x788-1024x576.jpg 1024w, https:\/\/www.worldrally.eu\/wp-content\/uploads\/2023\/05\/130523_HMSG_Lappi_SAT_AM_06875_frz_1400x788-300x169.jpg 300w, https:\/\/www.worldrally.eu\/wp-content\/uploads\/2023\/05\/130523_HMSG_Lappi_SAT_AM_06875_frz_1400x788-768x432.jpg 768w, https:\/\/www.worldrally.eu\/wp-content\/uploads\/2023\/05\/130523_HMSG_Lappi_SAT_AM_06875_frz_1400x788-1280x720.jpg 1280w, https:\/\/www.worldrally.eu\/wp-content\/uploads\/2023\/05\/130523_HMSG_Lappi_SAT_AM_06875_frz_1400x788.jpg 1400w\" sizes=\"(max-width: 1024px) 100vw, 1024px\" \/><figcaption class=\"wp-element-caption\">Foto-WRCcom<\/figcaption><\/figure>\n\n\n\n<blockquote class=\"wp-block-quote is-layout-flow wp-block-quote-is-layout-flow\">\n<p class=\"wp-block-paragraph\">Wszystko w porz\u0105dku. Ta sama historia co wczoraj &#8211; nie pojecha\u0142em tego etapu w zesz\u0142ym roku, wi\u0119c to troch\u0119 wada. W tej chwili jeste\u015bmy w dobrej formie i jestem zadowolony z samochodu<\/p>\n<cite>powiedzia\u0142 Lappi<\/cite><\/blockquote>\n\n\n\n<p class=\"wp-block-paragraph\">Spadaj\u0105cy z trzeciego miejsca Neuville mimo wprowadzenia poprawek w swoim aucie nie do ko\u0144ca by\u0142 zadowolony z jazdy.<\/p>\n\n\n\n<blockquote class=\"wp-block-quote is-layout-flow wp-block-quote-is-layout-flow\">\n<p class=\"wp-block-paragraph\">Dokonali\u015bmy du\u017cej zmiany w ustawieniach [przed SS11], kt\u00f3ra by\u0142a troch\u0119 lepsza, ale za ka\u017cdym razem ty\u0142 by\u0142 szerszy. Po prostu nie mog\u0119 zaanga\u017cowa\u0107 si\u0119 w wej\u015bcie [z rog\u00f3w] bez chwili na wyj\u015bciu<\/p>\n<cite>wyja\u015bni\u0142 Neuville<\/cite><\/blockquote>\n\n\n\n<figure class=\"wp-block-image size-large\"><img decoding=\"async\" width=\"1024\" height=\"682\" src=\"https:\/\/www.worldrally.eu\/wp-content\/uploads\/2023\/05\/neuville-1-1024x682.jpg\" alt=\"\" class=\"wp-image-1329\" srcset=\"https:\/\/www.worldrally.eu\/wp-content\/uploads\/2023\/05\/neuville-1-1024x682.jpg 1024w, https:\/\/www.worldrally.eu\/wp-content\/uploads\/2023\/05\/neuville-1-300x200.jpg 300w, https:\/\/www.worldrally.eu\/wp-content\/uploads\/2023\/05\/neuville-1-768x512.jpg 768w, https:\/\/www.worldrally.eu\/wp-content\/uploads\/2023\/05\/neuville-1-446x297.jpg 446w, https:\/\/www.worldrally.eu\/wp-content\/uploads\/2023\/05\/neuville-1.jpg 1280w\" sizes=\"(max-width: 1024px) 100vw, 1024px\" \/><figcaption class=\"wp-element-caption\">Foto &#8211; Neuville FB<\/figcaption><\/figure>\n\n\n\n<figure class=\"wp-block-table\"><table><tbody><tr><td>1.<\/td><td><img decoding=\"async\" src=\"https:\/\/www.ewrc-results.com\/images\/flags2\/finland.png\" alt=\"flag\"><br>#69<\/td><td><img decoding=\"async\" src=\"https:\/\/www.ewrc-results.com\/images\/icon\/toyota2019.png\" alt=\"logo\"> <a href=\"https:\/\/www.ewrc-results.com\/entryinfo\/76758-vodafone-rally-de-portugal-2023\/3688406\/\">Rovanper\u00e4 Kalle &#8211; Halttunen J.<\/a><br>Toyota GR Yaris Rally1 <img decoding=\"async\" src=\"https:\/\/www.ewrc-results.com\/images\/tyres\/pirelli_red.png\" alt=\"tyre\"><\/td><td>RC1<br>M<\/td><td>2:09:48.9<br><\/td><td><\/td><td>89.6<\/td><\/tr><tr><td>2.<\/td><td><img decoding=\"async\" src=\"https:\/\/www.ewrc-results.com\/images\/flags2\/spain.png\" alt=\"flag\"><br>#6<\/td><td><img decoding=\"async\" src=\"https:\/\/www.ewrc-results.com\/images\/icon\/hyundai2.png\" alt=\"logo\"> <a href=\"https:\/\/www.ewrc-results.com\/entryinfo\/76758-vodafone-rally-de-portugal-2023\/3688393\/\">Sordo Dani &#8211; Carrera C\u00e1ndido<\/a><br>Hyundai i20 N Rally1 <img decoding=\"async\" src=\"https:\/\/www.ewrc-results.com\/images\/tyres\/pirelli_red.png\" alt=\"tyre\"><\/td><td>RC1<br>M<\/td><td>2:10:41.3<br><\/td><td>+52.4<br>+52.4<\/td><td>89.0<br>0.27<\/td><\/tr><tr><td>3.<\/td><td><img decoding=\"async\" src=\"https:\/\/www.ewrc-results.com\/images\/flags2\/finland.png\" alt=\"flag\"><br>#4<\/td><td><img decoding=\"async\" src=\"https:\/\/www.ewrc-results.com\/images\/icon\/hyundai2.png\" alt=\"logo\"> <a href=\"https:\/\/www.ewrc-results.com\/entryinfo\/76758-vodafone-rally-de-portugal-2023\/3688412\/\">Lappi Esapekka &#8211; Ferm Janne<\/a><br>Hyundai i20 N Rally1 <img decoding=\"async\" src=\"https:\/\/www.ewrc-results.com\/images\/tyres\/pirelli_red.png\" alt=\"tyre\"><\/td><td>RC1<br>M<\/td><td>2:10:45.9<br><\/td><td>+57.0<br>+4.6<\/td><td>89.0<br>0.29<\/td><\/tr><tr><td>4.<\/td><td><img decoding=\"async\" src=\"https:\/\/www.ewrc-results.com\/images\/flags2\/belgium.png\" alt=\"flag\"><br>#11<\/td><td><img decoding=\"async\" src=\"https:\/\/www.ewrc-results.com\/images\/icon\/hyundai2.png\" alt=\"logo\"> <a href=\"https:\/\/www.ewrc-results.com\/entryinfo\/76758-vodafone-rally-de-portugal-2023\/3688399\/\">Neuville Thierry &#8211; Wydaeghe M.<\/a><br>Hyundai i20 N Rally1 <img decoding=\"async\" src=\"https:\/\/www.ewrc-results.com\/images\/tyres\/pirelli_red.png\" alt=\"tyre\"><\/td><td>RC1<br>M<\/td><td>2:10:46.8<br><\/td><td>+57.9<br>+0.9<\/td><td>89.0<br>0.30<\/td><\/tr><tr><td>5.<\/td><td><img decoding=\"async\" src=\"https:\/\/www.ewrc-results.com\/images\/flags2\/estonia.png\" alt=\"flag\"><br>#8<\/td><td><img decoding=\"async\" src=\"https:\/\/www.ewrc-results.com\/images\/icon\/ford.png\" alt=\"logo\"> <a href=\"https:\/\/www.ewrc-results.com\/entryinfo\/76758-vodafone-rally-de-portugal-2023\/3688409\/\">T\u00e4nak Ott &#8211; J\u00e4rveoja Martin<\/a><br>Ford Puma Rally1 <img decoding=\"async\" src=\"https:\/\/www.ewrc-results.com\/images\/tyres\/pirelli_red.png\" alt=\"tyre\"><\/td><td>RC1<br>M<\/td><td>2:11:23.0<br><\/td><td>+1:34.1<br>+36.2<\/td><td>88.6<br>0.49<\/td><\/tr><tr><td>6.<\/td><td><img decoding=\"async\" src=\"https:\/\/www.ewrc-results.com\/images\/flags2\/sweden.png\" alt=\"flag\"><br>#21<\/td><td><img decoding=\"async\" src=\"https:\/\/www.ewrc-results.com\/images\/icon\/skoda2023b.png\" alt=\"logo\"> <a href=\"https:\/\/www.ewrc-results.com\/entryinfo\/76758-vodafone-rally-de-portugal-2023\/3701144\/\">Solberg Oliver &#8211; Edmondson E.<\/a><br>\u0160koda Fabia RS Rally2 <img decoding=\"async\" src=\"https:\/\/www.ewrc-results.com\/images\/tyres\/pirelli_red.png\" alt=\"tyre\"><\/td><td>RC2<\/td><td>2:16:02.8<br><\/td><td>+6:13.9<br>+4:39.8<\/td><td>85.5<br>1.93<\/td><\/tr><tr><td>7.<\/td><td><img decoding=\"async\" src=\"https:\/\/www.ewrc-results.com\/images\/flags2\/uk.png\" alt=\"flag\"><br>#20<\/td><td><img decoding=\"async\" src=\"https:\/\/www.ewrc-results.com\/images\/icon\/skoda2023b.png\" alt=\"logo\"> <a href=\"https:\/\/www.ewrc-results.com\/entryinfo\/76758-vodafone-rally-de-portugal-2023\/3701143\/\">Greensmith Gus &#8211; Andersson Jonas<\/a><br>\u0160koda Fabia RS Rally2 <img decoding=\"async\" src=\"https:\/\/www.ewrc-results.com\/images\/tyres\/pirelli_red.png\" alt=\"tyre\"><\/td><td>RC2<\/td><td>2:16:39.8<br><\/td><td>+6:50.9<br>+37.0<\/td><td>85.1<br>2.12<\/td><\/tr><tr><td>8.<\/td><td><img decoding=\"async\" src=\"https:\/\/www.ewrc-results.com\/images\/flags2\/france.png\" alt=\"flag\"><br>#26<\/td><td><img decoding=\"async\" src=\"https:\/\/www.ewrc-results.com\/images\/icon\/citroen2009.png\" alt=\"logo\"> <a href=\"https:\/\/www.ewrc-results.com\/entryinfo\/76758-vodafone-rally-de-portugal-2023\/3701149\/\">Rossel Yohan &#8211; Dunand Arnaud<\/a><br>Citro\u00ebn C3 Rally2 <img decoding=\"async\" src=\"https:\/\/www.ewrc-results.com\/images\/tyres\/pirelli_red.png\" alt=\"tyre\"><\/td><td>RC2<\/td><td>2:17:26.2<br>0:40<\/td><td>+7:37.3<br>+46.4<\/td><td>85.1<br>2.36<\/td><\/tr><tr><td>9.<\/td><td><img decoding=\"async\" src=\"https:\/\/www.ewrc-results.com\/images\/flags2\/norway.png\" alt=\"flag\"><br>#24<\/td><td><img decoding=\"async\" src=\"https:\/\/www.ewrc-results.com\/images\/icon\/skoda2023b.png\" alt=\"logo\"> <a href=\"https:\/\/www.ewrc-results.com\/entryinfo\/76758-vodafone-rally-de-portugal-2023\/3701147\/\">Mikkelsen Andreas &#8211; Eriksen T.<\/a><br>\u0160koda Fabia RS Rally2 <img decoding=\"async\" src=\"https:\/\/www.ewrc-results.com\/images\/tyres\/pirelli_red.png\" alt=\"tyre\"><\/td><td>RC2<\/td><td>2:17:32.6<br><\/td><td>+7:43.7<br>+6.4<\/td><td>84.6<br>2.39<\/td><\/tr><tr><td>10.<\/td><td><img decoding=\"async\" src=\"https:\/\/www.ewrc-results.com\/images\/flags2\/bolivia.png\" alt=\"flag\"><br>#35<\/td><td><img decoding=\"async\" src=\"https:\/\/www.ewrc-results.com\/images\/icon\/skoda2023b.png\" alt=\"logo\"> <a href=\"https:\/\/www.ewrc-results.com\/entryinfo\/76758-vodafone-rally-de-portugal-2023\/3701159\/\">Bulacia Marco &#8211; Vallejo Diego<\/a><br>\u0160koda Fabia RS Rally2 <img decoding=\"async\" src=\"https:\/\/www.ewrc-results.com\/images\/tyres\/pirelli_red.png\" alt=\"tyre\"><\/td><td>RC2<\/td><td>2:18:08.2<br><\/td><td>+8:19.3<br>+35.6<\/td><td>84.2<br>2.57<\/td><\/tr><tr><td>11.<\/td><td><img decoding=\"async\" src=\"https:\/\/www.ewrc-results.com\/images\/flags2\/finland.png\" alt=\"flag\"><br>#23<\/td><td><img decoding=\"async\" src=\"https:\/\/www.ewrc-results.com\/images\/icon\/hyundai2.png\" alt=\"logo\"> <a href=\"https:\/\/www.ewrc-results.com\/entryinfo\/76758-vodafone-rally-de-portugal-2023\/3701146\/\">Suninen Teemu &#8211; Markkula Mikko<\/a><br>Hyundai i20 N Rally2 <img decoding=\"async\" src=\"https:\/\/www.ewrc-results.com\/images\/tyres\/pirelli_red.png\" alt=\"tyre\"><\/td><td>RC2<\/td><td>2:19:04.9<br><\/td><td>+9:16.0<br>+56.7<\/td><td>83.7<br>2.87<\/td><\/tr><tr><td>12.<\/td><td><img decoding=\"async\" src=\"https:\/\/www.ewrc-results.com\/images\/flags2\/ireland.png\" alt=\"flag\"><br>#37<\/td><td><img decoding=\"async\" src=\"https:\/\/www.ewrc-results.com\/images\/icon\/hyundai2.png\" alt=\"logo\"> <a href=\"https:\/\/www.ewrc-results.com\/entryinfo\/76758-vodafone-rally-de-portugal-2023\/3701162\/\">McErlean Josh &#8211; Rowan John<\/a><br>Hyundai i20 N Rally2 <img decoding=\"async\" src=\"https:\/\/www.ewrc-results.com\/images\/tyres\/pirelli_red.png\" alt=\"tyre\"><\/td><td>RC2<\/td><td>2:19:49.5<br><\/td><td>+10:00.6<br>+44.6<\/td><td>83.2<br>3.10<\/td><\/tr><tr><td>13.<\/td><td><img decoding=\"async\" src=\"https:\/\/www.ewrc-results.com\/images\/flags2\/poland.png\" alt=\"flag\"><br>#47<\/td><td><img decoding=\"async\" src=\"https:\/\/www.ewrc-results.com\/images\/icon\/skoda2023b.png\" alt=\"logo\"> <a href=\"https:\/\/www.ewrc-results.com\/entryinfo\/76758-vodafone-rally-de-portugal-2023\/3701174\/\">Marczyk M. &#8211; Gospodarczyk S.<\/a><br>\u0160koda Fabia RS Rally2 <img decoding=\"async\" src=\"https:\/\/www.ewrc-results.com\/images\/tyres\/pirelli_red.png\" alt=\"tyre\"><\/td><td>RC2<\/td><td>2:20:11.2<br><\/td><td>+10:22.3<br>+21.7<\/td><td>83.0<br>3.21<\/td><\/tr><tr><td>14.<br>+1<\/td><td><img decoding=\"async\" src=\"https:\/\/www.ewrc-results.com\/images\/flags2\/chile.png\" alt=\"flag\"><br>#40<\/td><td><img decoding=\"async\" src=\"https:\/\/www.ewrc-results.com\/images\/icon\/skoda.png\" alt=\"logo\"> <a href=\"https:\/\/www.ewrc-results.com\/entryinfo\/76758-vodafone-rally-de-portugal-2023\/3701169\/\">Fern\u00e1ndez Emilio &#8211; Rozada Borja<\/a><br>\u0160koda Fabia Rally2 evo <img decoding=\"async\" src=\"https:\/\/www.ewrc-results.com\/images\/tyres\/pirelli_red.png\" alt=\"tyre\"><\/td><td>RC2<\/td><td>2:20:39.6<br><\/td><td>+10:50.7<br>+28.4<\/td><td>82.7<br>3.36<\/td><\/tr><tr><td>15.<br>+2<\/td><td><img decoding=\"async\" src=\"https:\/\/www.ewrc-results.com\/images\/flags2\/finland.png\" alt=\"flag\"><br>#32<\/td><td><img decoding=\"async\" src=\"https:\/\/www.ewrc-results.com\/images\/icon\/skoda.png\" alt=\"logo\"> <a href=\"https:\/\/www.ewrc-results.com\/entryinfo\/76758-vodafone-rally-de-portugal-2023\/3701157\/\">Joona Lauri &#8211; Shemeikka Tuukka<\/a><br>\u0160koda Fabia Rally2 evo <img decoding=\"async\" src=\"https:\/\/www.ewrc-results.com\/images\/tyres\/pirelli_red.png\" alt=\"tyre\"><\/td><td>RC2<\/td><td>2:21:46.1<br><\/td><td>+11:57.2<br>+1:06.5<\/td><td>82.1<br>3.70<\/td><\/tr><tr><td>16.<br>+2<\/td><td><img decoding=\"async\" src=\"https:\/\/www.ewrc-results.com\/images\/flags2\/portugal.png\" alt=\"flag\"><br>#44<\/td><td><img decoding=\"async\" src=\"https:\/\/www.ewrc-results.com\/images\/icon\/skoda.png\" alt=\"logo\"> <a href=\"https:\/\/www.ewrc-results.com\/entryinfo\/76758-vodafone-rally-de-portugal-2023\/3688373\/\">Correia Miguel &#8211; Carvalho J.<\/a><br>\u0160koda Fabia Rally2 evo <img decoding=\"async\" src=\"https:\/\/www.ewrc-results.com\/images\/tyres\/pirelli_red.png\" alt=\"tyre\"><\/td><td>RC2<\/td><td>2:22:26.5<br><\/td><td>+12:37.6<br>+40.4<\/td><td>81.7<br>3.91<\/td><\/tr><tr><td>17.<br>+2<\/td><td><img decoding=\"async\" src=\"https:\/\/www.ewrc-results.com\/images\/flags2\/portugal.png\" alt=\"flag\"><br>#36<\/td><td><img decoding=\"async\" src=\"https:\/\/www.ewrc-results.com\/images\/icon\/skoda.png\" alt=\"logo\"> <a href=\"https:\/\/www.ewrc-results.com\/entryinfo\/76758-vodafone-rally-de-portugal-2023\/3688374\/\">Ara\u00fajo Armindo &#8211; Ramalho Lu\u00eds<\/a><br>\u0160koda Fabia Rally2 evo <img decoding=\"async\" src=\"https:\/\/www.ewrc-results.com\/images\/tyres\/pirelli_red.png\" alt=\"tyre\"><\/td><td>RC2<\/td><td>2:22:29.8<br><\/td><td>+12:40.9<br>+3.3<\/td><td>81.6<br>3.92<\/td><\/tr><tr><td>18.<br>+2<\/td><td><img decoding=\"async\" src=\"https:\/\/www.ewrc-results.com\/images\/flags2\/france.png\" alt=\"flag\"><br>#25<\/td><td><img decoding=\"async\" src=\"https:\/\/www.ewrc-results.com\/images\/icon\/ford.png\" alt=\"logo\"> <a href=\"https:\/\/www.ewrc-results.com\/entryinfo\/76758-vodafone-rally-de-portugal-2023\/3701148\/\">Fourmaux Adrien &#8211; Coria Alexandre<\/a><br>Ford Fiesta Rally2 <img decoding=\"async\" src=\"https:\/\/www.ewrc-results.com\/images\/tyres\/pirelli_red.png\" alt=\"tyre\"><\/td><td>RC2<\/td><td>2:23:16.9<br><\/td><td>+13:28.0<br>+47.1<\/td><td>81.2<br>4.17<\/td><\/tr><tr><td>19.<br>+2<\/td><td><img decoding=\"async\" src=\"https:\/\/www.ewrc-results.com\/images\/flags2\/spain.png\" alt=\"flag\"><br>#34<\/td><td><img decoding=\"async\" src=\"https:\/\/www.ewrc-results.com\/images\/icon\/citroen2009.png\" alt=\"logo\"> <a href=\"https:\/\/www.ewrc-results.com\/entryinfo\/76758-vodafone-rally-de-portugal-2023\/3701158\/\">Cach\u00f3n Alejandro &#8211; Jandr\u00edn<\/a><br>Citro\u00ebn C3 Rally2 <img decoding=\"async\" src=\"https:\/\/www.ewrc-results.com\/images\/tyres\/pirelli_red.png\" alt=\"tyre\"><\/td><td>RC2<\/td><td>2:23:47.1<br>0:20<\/td><td>+13:58.2<br>+30.2<\/td><td>81.1<br>4.32<\/td><\/tr><tr><td>20.<br>+2<\/td><td><img decoding=\"async\" src=\"https:\/\/www.ewrc-results.com\/images\/flags2\/spain.png\" alt=\"flag\"><br>#52<\/td><td><img decoding=\"async\" src=\"https:\/\/www.ewrc-results.com\/images\/icon\/skoda2023b.png\" alt=\"logo\"> <a href=\"https:\/\/www.ewrc-results.com\/entryinfo\/76758-vodafone-rally-de-portugal-2023\/3701182\/\">Villanueva A. &#8211; Murado Gonz\u00e1lez J.<\/a><br>\u0160koda Fabia RS Rally2 <img decoding=\"async\" src=\"https:\/\/www.ewrc-results.com\/images\/tyres\/pirelli_red.png\" alt=\"tyre\"><\/td><td>RC2<\/td><td>2:25:31.0<br>0:10<\/td><td>+15:42.1<br>+1:43.9<\/td><td>80.0<br>4.86<\/td><\/tr><\/tbody><\/table><\/figure>\n","protected":false},"excerpt":{"rendered":"<p>Kalle Rovanper\u00e4 zwi\u0119kszy\u0142 swoj\u0105 przewag\u0119 nad rywalami po niesamowitym sobotnim poranku w Vodafone Rally de Portugal, wygrywaj\u0105c etapy za kierownic\u0105 Toyoty GR Yaris, wyprzedzaj\u0105c Dani Sordo o ponad 50 sekund i dodatkowych kilka nad Esapekke Lappi. W\u0142a\u015bnie si\u0119 dzisiaj obudzi\u0142em i pomy\u015bla\u0142em, \u017ce powinni\u015bmy troch\u0119 poje\u017adzi\u0107. Zrobili\u015bmy kilka dobrych porank\u00f3w [wcze\u015bniej], ale to by\u0142o naprawd\u0119 [&hellip;]<\/p>\n","protected":false},"author":1,"featured_media":1325,"comment_status":"closed","ping_status":"closed","sticky":false,"template":"","format":"standard","meta":{"_monsterinsights_skip_tracking":false,"_monsterinsights_sitenote_active":false,"_monsterinsights_sitenote_note":"","_monsterinsights_sitenote_category":0,"footnotes":""},"categories":[3],"tags":[],"class_list":["post-1324","post","type-post","status-publish","format-standard","has-post-thumbnail","hentry","category-wrc"],"aioseo_notices":[],"aioseo_head":"\n\t\t<!-- All in One SEO 4.9.9 - aioseo.com -->\n\t<meta name=\"description\" content=\"Kalle Rovanper\u00e4 zwi\u0119kszy\u0142 swoj\u0105 przewag\u0119 nad rywalami po niesamowitym sobotnim poranku w Vodafone Rally de Portugal, wygrywaj\u0105c etapy za kierownic\u0105 Toyoty GR Yaris, wyprzedzaj\u0105c Dani Sordo o ponad 50 sekund i dodatkowych kilka nad Esapekke Lappi. W\u0142a\u015bnie si\u0119 dzisiaj obudzi\u0142em i pomy\u015bla\u0142em, \u017ce powinni\u015bmy troch\u0119 poje\u017adzi\u0107. Zrobili\u015bmy kilka dobrych porank\u00f3w [wcze\u015bniej], ale to by\u0142o naprawd\u0119\" \/>\n\t<meta name=\"robots\" content=\"max-image-preview:large\" \/>\n\t<meta name=\"author\" content=\"Junior\"\/>\n\t<link rel=\"canonical\" href=\"https:\/\/www.worldrally.eu\/index.php\/2023\/05\/13\/rovanpera-zwieksza-przewage\/\" \/>\n\t<meta name=\"generator\" content=\"All in One SEO (AIOSEO) 4.9.9\" \/>\n\t\t<meta property=\"og:locale\" content=\"en_GB\" \/>\n\t\t<meta property=\"og:site_name\" content=\"WorldRally.eu \u00bb\" \/>\n\t\t<meta property=\"og:type\" content=\"article\" \/>\n\t\t<meta property=\"og:title\" content=\"Rovanper\u00e4 zwi\u0119ksza przewag\u0119 \u00bb WorldRally.eu\" \/>\n\t\t<meta property=\"og:description\" content=\"Kalle Rovanper\u00e4 zwi\u0119kszy\u0142 swoj\u0105 przewag\u0119 nad rywalami po niesamowitym sobotnim poranku w Vodafone Rally de Portugal, wygrywaj\u0105c etapy za kierownic\u0105 Toyoty GR Yaris, wyprzedzaj\u0105c Dani Sordo o ponad 50 sekund i dodatkowych kilka nad Esapekke Lappi. W\u0142a\u015bnie si\u0119 dzisiaj obudzi\u0142em i pomy\u015bla\u0142em, \u017ce powinni\u015bmy troch\u0119 poje\u017adzi\u0107. Zrobili\u015bmy kilka dobrych porank\u00f3w [wcze\u015bniej], ale to by\u0142o naprawd\u0119\" \/>\n\t\t<meta property=\"og:url\" content=\"https:\/\/www.worldrally.eu\/index.php\/2023\/05\/13\/rovanpera-zwieksza-przewage\/\" \/>\n\t\t<meta property=\"og:image\" content=\"https:\/\/www.worldrally.eu\/wp-content\/uploads\/2023\/05\/130523_TGR_Rovanpera_SAT_AM_65aea_f_1400x788.jpg\" \/>\n\t\t<meta property=\"og:image:secure_url\" content=\"https:\/\/www.worldrally.eu\/wp-content\/uploads\/2023\/05\/130523_TGR_Rovanpera_SAT_AM_65aea_f_1400x788.jpg\" \/>\n\t\t<meta property=\"og:image:width\" content=\"1400\" \/>\n\t\t<meta property=\"og:image:height\" content=\"788\" \/>\n\t\t<meta property=\"article:published_time\" content=\"2023-05-13T17:37:00+00:00\" \/>\n\t\t<meta property=\"article:modified_time\" content=\"2023-05-14T17:49:42+00:00\" \/>\n\t\t<meta name=\"twitter:card\" content=\"summary_large_image\" \/>\n\t\t<meta name=\"twitter:title\" content=\"Rovanper\u00e4 zwi\u0119ksza przewag\u0119 \u00bb WorldRally.eu\" \/>\n\t\t<meta name=\"twitter:description\" content=\"Kalle Rovanper\u00e4 zwi\u0119kszy\u0142 swoj\u0105 przewag\u0119 nad rywalami po niesamowitym sobotnim poranku w Vodafone Rally de Portugal, wygrywaj\u0105c etapy za kierownic\u0105 Toyoty GR Yaris, wyprzedzaj\u0105c Dani Sordo o ponad 50 sekund i dodatkowych kilka nad Esapekke Lappi. W\u0142a\u015bnie si\u0119 dzisiaj obudzi\u0142em i pomy\u015bla\u0142em, \u017ce powinni\u015bmy troch\u0119 poje\u017adzi\u0107. Zrobili\u015bmy kilka dobrych porank\u00f3w [wcze\u015bniej], ale to by\u0142o naprawd\u0119\" \/>\n\t\t<meta name=\"twitter:image\" content=\"https:\/\/www.worldrally.eu\/wp-content\/uploads\/2023\/05\/130523_TGR_Rovanpera_SAT_AM_65aea_f_1400x788.jpg\" \/>\n\t\t<script type=\"application\/ld+json\" class=\"aioseo-schema\">\n\t\t\t{\"@context\":\"https:\\\/\\\/schema.org\",\"@graph\":[{\"@type\":\"BlogPosting\",\"@id\":\"https:\\\/\\\/www.worldrally.eu\\\/index.php\\\/2023\\\/05\\\/13\\\/rovanpera-zwieksza-przewage\\\/#blogposting\",\"name\":\"Rovanper\\u00e4 zwi\\u0119ksza przewag\\u0119 \\u00bb WorldRally.eu\",\"headline\":\"Rovanper\\u00e4 zwi\\u0119ksza przewag\\u0119\",\"author\":{\"@id\":\"https:\\\/\\\/www.worldrally.eu\\\/index.php\\\/author\\\/admin\\\/#author\"},\"publisher\":{\"@id\":\"https:\\\/\\\/www.worldrally.eu\\\/#organization\"},\"image\":{\"@type\":\"ImageObject\",\"url\":\"https:\\\/\\\/www.worldrally.eu\\\/wp-content\\\/uploads\\\/2023\\\/05\\\/130523_TGR_Rovanpera_SAT_AM_65aea_f_1400x788.jpg\",\"width\":1400,\"height\":788},\"datePublished\":\"2023-05-13T17:37:00+00:00\",\"dateModified\":\"2023-05-14T17:49:42+00:00\",\"inLanguage\":\"en-GB\",\"mainEntityOfPage\":{\"@id\":\"https:\\\/\\\/www.worldrally.eu\\\/index.php\\\/2023\\\/05\\\/13\\\/rovanpera-zwieksza-przewage\\\/#webpage\"},\"isPartOf\":{\"@id\":\"https:\\\/\\\/www.worldrally.eu\\\/index.php\\\/2023\\\/05\\\/13\\\/rovanpera-zwieksza-przewage\\\/#webpage\"},\"articleSection\":\"WRC\"},{\"@type\":\"BreadcrumbList\",\"@id\":\"https:\\\/\\\/www.worldrally.eu\\\/index.php\\\/2023\\\/05\\\/13\\\/rovanpera-zwieksza-przewage\\\/#breadcrumblist\",\"itemListElement\":[{\"@type\":\"ListItem\",\"@id\":\"https:\\\/\\\/www.worldrally.eu#listItem\",\"position\":1,\"name\":\"Home\",\"item\":\"https:\\\/\\\/www.worldrally.eu\",\"nextItem\":{\"@type\":\"ListItem\",\"@id\":\"https:\\\/\\\/www.worldrally.eu\\\/index.php\\\/category\\\/wrc\\\/#listItem\",\"name\":\"WRC\"}},{\"@type\":\"ListItem\",\"@id\":\"https:\\\/\\\/www.worldrally.eu\\\/index.php\\\/category\\\/wrc\\\/#listItem\",\"position\":2,\"name\":\"WRC\",\"item\":\"https:\\\/\\\/www.worldrally.eu\\\/index.php\\\/category\\\/wrc\\\/\",\"nextItem\":{\"@type\":\"ListItem\",\"@id\":\"https:\\\/\\\/www.worldrally.eu\\\/index.php\\\/2023\\\/05\\\/13\\\/rovanpera-zwieksza-przewage\\\/#listItem\",\"name\":\"Rovanper\\u00e4 zwi\\u0119ksza przewag\\u0119\"},\"previousItem\":{\"@type\":\"ListItem\",\"@id\":\"https:\\\/\\\/www.worldrally.eu#listItem\",\"name\":\"Home\"}},{\"@type\":\"ListItem\",\"@id\":\"https:\\\/\\\/www.worldrally.eu\\\/index.php\\\/2023\\\/05\\\/13\\\/rovanpera-zwieksza-przewage\\\/#listItem\",\"position\":3,\"name\":\"Rovanper\\u00e4 zwi\\u0119ksza przewag\\u0119\",\"previousItem\":{\"@type\":\"ListItem\",\"@id\":\"https:\\\/\\\/www.worldrally.eu\\\/index.php\\\/category\\\/wrc\\\/#listItem\",\"name\":\"WRC\"}}]},{\"@type\":\"Organization\",\"@id\":\"https:\\\/\\\/www.worldrally.eu\\\/#organization\",\"name\":\"WorldRally.eu\",\"url\":\"https:\\\/\\\/www.worldrally.eu\\\/\",\"logo\":{\"@type\":\"ImageObject\",\"url\":\"https:\\\/\\\/www.worldrally.eu\\\/wp-content\\\/uploads\\\/2026\\\/01\\\/cropped-logo-3.png\",\"@id\":\"https:\\\/\\\/www.worldrally.eu\\\/index.php\\\/2023\\\/05\\\/13\\\/rovanpera-zwieksza-przewage\\\/#organizationLogo\",\"width\":2039,\"height\":756},\"image\":{\"@id\":\"https:\\\/\\\/www.worldrally.eu\\\/index.php\\\/2023\\\/05\\\/13\\\/rovanpera-zwieksza-przewage\\\/#organizationLogo\"}},{\"@type\":\"Person\",\"@id\":\"https:\\\/\\\/www.worldrally.eu\\\/index.php\\\/author\\\/admin\\\/#author\",\"url\":\"https:\\\/\\\/www.worldrally.eu\\\/index.php\\\/author\\\/admin\\\/\",\"name\":\"Junior\",\"image\":{\"@type\":\"ImageObject\",\"@id\":\"https:\\\/\\\/www.worldrally.eu\\\/index.php\\\/2023\\\/05\\\/13\\\/rovanpera-zwieksza-przewage\\\/#authorImage\",\"url\":\"https:\\\/\\\/secure.gravatar.com\\\/avatar\\\/5bd369ac0447285dc20b588693ca1756d0179a7f957258050a42a968bf3b9d0a?s=96&d=mm&r=g\",\"width\":96,\"height\":96,\"caption\":\"Junior\"}},{\"@type\":\"WebPage\",\"@id\":\"https:\\\/\\\/www.worldrally.eu\\\/index.php\\\/2023\\\/05\\\/13\\\/rovanpera-zwieksza-przewage\\\/#webpage\",\"url\":\"https:\\\/\\\/www.worldrally.eu\\\/index.php\\\/2023\\\/05\\\/13\\\/rovanpera-zwieksza-przewage\\\/\",\"name\":\"Rovanper\\u00e4 zwi\\u0119ksza przewag\\u0119 \\u00bb WorldRally.eu\",\"description\":\"Kalle Rovanper\\u00e4 zwi\\u0119kszy\\u0142 swoj\\u0105 przewag\\u0119 nad rywalami po niesamowitym sobotnim poranku w Vodafone Rally de Portugal, wygrywaj\\u0105c etapy za kierownic\\u0105 Toyoty GR Yaris, wyprzedzaj\\u0105c Dani Sordo o ponad 50 sekund i dodatkowych kilka nad Esapekke Lappi. W\\u0142a\\u015bnie si\\u0119 dzisiaj obudzi\\u0142em i pomy\\u015bla\\u0142em, \\u017ce powinni\\u015bmy troch\\u0119 poje\\u017adzi\\u0107. Zrobili\\u015bmy kilka dobrych porank\\u00f3w [wcze\\u015bniej], ale to by\\u0142o naprawd\\u0119\",\"inLanguage\":\"en-GB\",\"isPartOf\":{\"@id\":\"https:\\\/\\\/www.worldrally.eu\\\/#website\"},\"breadcrumb\":{\"@id\":\"https:\\\/\\\/www.worldrally.eu\\\/index.php\\\/2023\\\/05\\\/13\\\/rovanpera-zwieksza-przewage\\\/#breadcrumblist\"},\"author\":{\"@id\":\"https:\\\/\\\/www.worldrally.eu\\\/index.php\\\/author\\\/admin\\\/#author\"},\"creator\":{\"@id\":\"https:\\\/\\\/www.worldrally.eu\\\/index.php\\\/author\\\/admin\\\/#author\"},\"image\":{\"@type\":\"ImageObject\",\"url\":\"https:\\\/\\\/www.worldrally.eu\\\/wp-content\\\/uploads\\\/2023\\\/05\\\/130523_TGR_Rovanpera_SAT_AM_65aea_f_1400x788.jpg\",\"@id\":\"https:\\\/\\\/www.worldrally.eu\\\/index.php\\\/2023\\\/05\\\/13\\\/rovanpera-zwieksza-przewage\\\/#mainImage\",\"width\":1400,\"height\":788},\"primaryImageOfPage\":{\"@id\":\"https:\\\/\\\/www.worldrally.eu\\\/index.php\\\/2023\\\/05\\\/13\\\/rovanpera-zwieksza-przewage\\\/#mainImage\"},\"datePublished\":\"2023-05-13T17:37:00+00:00\",\"dateModified\":\"2023-05-14T17:49:42+00:00\"},{\"@type\":\"WebSite\",\"@id\":\"https:\\\/\\\/www.worldrally.eu\\\/#website\",\"url\":\"https:\\\/\\\/www.worldrally.eu\\\/\",\"name\":\"WorldRally.eu\",\"inLanguage\":\"en-GB\",\"publisher\":{\"@id\":\"https:\\\/\\\/www.worldrally.eu\\\/#organization\"}}]}\n\t\t<\/script>\n\t\t<!-- All in One SEO -->\n\n","aioseo_head_json":{"title":"Rovanper\u00e4 zwi\u0119ksza przewag\u0119 \u00bb WorldRally.eu","description":"Kalle Rovanper\u00e4 zwi\u0119kszy\u0142 swoj\u0105 przewag\u0119 nad rywalami po niesamowitym sobotnim poranku w Vodafone Rally de Portugal, wygrywaj\u0105c etapy za kierownic\u0105 Toyoty GR Yaris, wyprzedzaj\u0105c Dani Sordo o ponad 50 sekund i dodatkowych kilka nad Esapekke Lappi. W\u0142a\u015bnie si\u0119 dzisiaj obudzi\u0142em i pomy\u015bla\u0142em, \u017ce powinni\u015bmy troch\u0119 poje\u017adzi\u0107. Zrobili\u015bmy kilka dobrych porank\u00f3w [wcze\u015bniej], ale to by\u0142o naprawd\u0119","canonical_url":"https:\/\/www.worldrally.eu\/index.php\/2023\/05\/13\/rovanpera-zwieksza-przewage\/","robots":"max-image-preview:large","keywords":"","webmasterTools":{"miscellaneous":""},"schema":{"@context":"https:\/\/schema.org","@graph":[{"@type":"BlogPosting","@id":"https:\/\/www.worldrally.eu\/index.php\/2023\/05\/13\/rovanpera-zwieksza-przewage\/#blogposting","name":"Rovanper\u00e4 zwi\u0119ksza przewag\u0119 \u00bb WorldRally.eu","headline":"Rovanper\u00e4 zwi\u0119ksza przewag\u0119","author":{"@id":"https:\/\/www.worldrally.eu\/index.php\/author\/admin\/#author"},"publisher":{"@id":"https:\/\/www.worldrally.eu\/#organization"},"image":{"@type":"ImageObject","url":"https:\/\/www.worldrally.eu\/wp-content\/uploads\/2023\/05\/130523_TGR_Rovanpera_SAT_AM_65aea_f_1400x788.jpg","width":1400,"height":788},"datePublished":"2023-05-13T17:37:00+00:00","dateModified":"2023-05-14T17:49:42+00:00","inLanguage":"en-GB","mainEntityOfPage":{"@id":"https:\/\/www.worldrally.eu\/index.php\/2023\/05\/13\/rovanpera-zwieksza-przewage\/#webpage"},"isPartOf":{"@id":"https:\/\/www.worldrally.eu\/index.php\/2023\/05\/13\/rovanpera-zwieksza-przewage\/#webpage"},"articleSection":"WRC"},{"@type":"BreadcrumbList","@id":"https:\/\/www.worldrally.eu\/index.php\/2023\/05\/13\/rovanpera-zwieksza-przewage\/#breadcrumblist","itemListElement":[{"@type":"ListItem","@id":"https:\/\/www.worldrally.eu#listItem","position":1,"name":"Home","item":"https:\/\/www.worldrally.eu","nextItem":{"@type":"ListItem","@id":"https:\/\/www.worldrally.eu\/index.php\/category\/wrc\/#listItem","name":"WRC"}},{"@type":"ListItem","@id":"https:\/\/www.worldrally.eu\/index.php\/category\/wrc\/#listItem","position":2,"name":"WRC","item":"https:\/\/www.worldrally.eu\/index.php\/category\/wrc\/","nextItem":{"@type":"ListItem","@id":"https:\/\/www.worldrally.eu\/index.php\/2023\/05\/13\/rovanpera-zwieksza-przewage\/#listItem","name":"Rovanper\u00e4 zwi\u0119ksza przewag\u0119"},"previousItem":{"@type":"ListItem","@id":"https:\/\/www.worldrally.eu#listItem","name":"Home"}},{"@type":"ListItem","@id":"https:\/\/www.worldrally.eu\/index.php\/2023\/05\/13\/rovanpera-zwieksza-przewage\/#listItem","position":3,"name":"Rovanper\u00e4 zwi\u0119ksza przewag\u0119","previousItem":{"@type":"ListItem","@id":"https:\/\/www.worldrally.eu\/index.php\/category\/wrc\/#listItem","name":"WRC"}}]},{"@type":"Organization","@id":"https:\/\/www.worldrally.eu\/#organization","name":"WorldRally.eu","url":"https:\/\/www.worldrally.eu\/","logo":{"@type":"ImageObject","url":"https:\/\/www.worldrally.eu\/wp-content\/uploads\/2026\/01\/cropped-logo-3.png","@id":"https:\/\/www.worldrally.eu\/index.php\/2023\/05\/13\/rovanpera-zwieksza-przewage\/#organizationLogo","width":2039,"height":756},"image":{"@id":"https:\/\/www.worldrally.eu\/index.php\/2023\/05\/13\/rovanpera-zwieksza-przewage\/#organizationLogo"}},{"@type":"Person","@id":"https:\/\/www.worldrally.eu\/index.php\/author\/admin\/#author","url":"https:\/\/www.worldrally.eu\/index.php\/author\/admin\/","name":"Junior","image":{"@type":"ImageObject","@id":"https:\/\/www.worldrally.eu\/index.php\/2023\/05\/13\/rovanpera-zwieksza-przewage\/#authorImage","url":"https:\/\/secure.gravatar.com\/avatar\/5bd369ac0447285dc20b588693ca1756d0179a7f957258050a42a968bf3b9d0a?s=96&d=mm&r=g","width":96,"height":96,"caption":"Junior"}},{"@type":"WebPage","@id":"https:\/\/www.worldrally.eu\/index.php\/2023\/05\/13\/rovanpera-zwieksza-przewage\/#webpage","url":"https:\/\/www.worldrally.eu\/index.php\/2023\/05\/13\/rovanpera-zwieksza-przewage\/","name":"Rovanper\u00e4 zwi\u0119ksza przewag\u0119 \u00bb WorldRally.eu","description":"Kalle Rovanper\u00e4 zwi\u0119kszy\u0142 swoj\u0105 przewag\u0119 nad rywalami po niesamowitym sobotnim poranku w Vodafone Rally de Portugal, wygrywaj\u0105c etapy za kierownic\u0105 Toyoty GR Yaris, wyprzedzaj\u0105c Dani Sordo o ponad 50 sekund i dodatkowych kilka nad Esapekke Lappi. W\u0142a\u015bnie si\u0119 dzisiaj obudzi\u0142em i pomy\u015bla\u0142em, \u017ce powinni\u015bmy troch\u0119 poje\u017adzi\u0107. Zrobili\u015bmy kilka dobrych porank\u00f3w [wcze\u015bniej], ale to by\u0142o naprawd\u0119","inLanguage":"en-GB","isPartOf":{"@id":"https:\/\/www.worldrally.eu\/#website"},"breadcrumb":{"@id":"https:\/\/www.worldrally.eu\/index.php\/2023\/05\/13\/rovanpera-zwieksza-przewage\/#breadcrumblist"},"author":{"@id":"https:\/\/www.worldrally.eu\/index.php\/author\/admin\/#author"},"creator":{"@id":"https:\/\/www.worldrally.eu\/index.php\/author\/admin\/#author"},"image":{"@type":"ImageObject","url":"https:\/\/www.worldrally.eu\/wp-content\/uploads\/2023\/05\/130523_TGR_Rovanpera_SAT_AM_65aea_f_1400x788.jpg","@id":"https:\/\/www.worldrally.eu\/index.php\/2023\/05\/13\/rovanpera-zwieksza-przewage\/#mainImage","width":1400,"height":788},"primaryImageOfPage":{"@id":"https:\/\/www.worldrally.eu\/index.php\/2023\/05\/13\/rovanpera-zwieksza-przewage\/#mainImage"},"datePublished":"2023-05-13T17:37:00+00:00","dateModified":"2023-05-14T17:49:42+00:00"},{"@type":"WebSite","@id":"https:\/\/www.worldrally.eu\/#website","url":"https:\/\/www.worldrally.eu\/","name":"WorldRally.eu","inLanguage":"en-GB","publisher":{"@id":"https:\/\/www.worldrally.eu\/#organization"}}]},"og:locale":"en_GB","og:site_name":"WorldRally.eu \u00bb","og:type":"article","og:title":"Rovanper\u00e4 zwi\u0119ksza przewag\u0119 \u00bb WorldRally.eu","og:description":"Kalle Rovanper\u00e4 zwi\u0119kszy\u0142 swoj\u0105 przewag\u0119 nad rywalami po niesamowitym sobotnim poranku w Vodafone Rally de Portugal, wygrywaj\u0105c etapy za kierownic\u0105 Toyoty GR Yaris, wyprzedzaj\u0105c Dani Sordo o ponad 50 sekund i dodatkowych kilka nad Esapekke Lappi. W\u0142a\u015bnie si\u0119 dzisiaj obudzi\u0142em i pomy\u015bla\u0142em, \u017ce powinni\u015bmy troch\u0119 poje\u017adzi\u0107. Zrobili\u015bmy kilka dobrych porank\u00f3w [wcze\u015bniej], ale to by\u0142o naprawd\u0119","og:url":"https:\/\/www.worldrally.eu\/index.php\/2023\/05\/13\/rovanpera-zwieksza-przewage\/","og:image":"https:\/\/www.worldrally.eu\/wp-content\/uploads\/2023\/05\/130523_TGR_Rovanpera_SAT_AM_65aea_f_1400x788.jpg","og:image:secure_url":"https:\/\/www.worldrally.eu\/wp-content\/uploads\/2023\/05\/130523_TGR_Rovanpera_SAT_AM_65aea_f_1400x788.jpg","og:image:width":1400,"og:image:height":788,"article:published_time":"2023-05-13T17:37:00+00:00","article:modified_time":"2023-05-14T17:49:42+00:00","twitter:card":"summary_large_image","twitter:title":"Rovanper\u00e4 zwi\u0119ksza przewag\u0119 \u00bb WorldRally.eu","twitter:description":"Kalle Rovanper\u00e4 zwi\u0119kszy\u0142 swoj\u0105 przewag\u0119 nad rywalami po niesamowitym sobotnim poranku w Vodafone Rally de Portugal, wygrywaj\u0105c etapy za kierownic\u0105 Toyoty GR Yaris, wyprzedzaj\u0105c Dani Sordo o ponad 50 sekund i dodatkowych kilka nad Esapekke Lappi. W\u0142a\u015bnie si\u0119 dzisiaj obudzi\u0142em i pomy\u015bla\u0142em, \u017ce powinni\u015bmy troch\u0119 poje\u017adzi\u0107. Zrobili\u015bmy kilka dobrych porank\u00f3w [wcze\u015bniej], ale to by\u0142o naprawd\u0119","twitter:image":"https:\/\/www.worldrally.eu\/wp-content\/uploads\/2023\/05\/130523_TGR_Rovanpera_SAT_AM_65aea_f_1400x788.jpg"},"aioseo_meta_data":{"post_id":"1324","title":null,"description":null,"keywords":null,"keyphrases":null,"primary_term":null,"canonical_url":null,"og_title":null,"og_description":null,"og_object_type":"default","og_image_type":"default","og_image_url":null,"og_image_width":null,"og_image_height":null,"og_image_custom_url":null,"og_image_custom_fields":null,"og_video":null,"og_custom_url":null,"og_article_section":null,"og_article_tags":null,"twitter_use_og":false,"twitter_card":"default","twitter_image_type":"default","twitter_image_url":null,"twitter_image_custom_url":null,"twitter_image_custom_fields":null,"twitter_title":null,"twitter_description":null,"schema":{"blockGraphs":[],"customGraphs":[],"default":{"data":{"Article":[],"Course":[],"Dataset":[],"FAQPage":[],"Movie":[],"Person":[],"Product":[],"ProductReview":[],"Car":[],"Recipe":[],"Service":[],"SoftwareApplication":[],"WebPage":[]},"graphName":"","isEnabled":true},"graphs":[]},"schema_type":"default","schema_type_options":null,"pillar_content":false,"robots_default":true,"robots_noindex":false,"robots_noarchive":false,"robots_nosnippet":false,"robots_nofollow":false,"robots_noimageindex":false,"robots_noodp":false,"robots_notranslate":false,"robots_max_snippet":null,"robots_max_videopreview":null,"robots_max_imagepreview":"large","priority":null,"frequency":null,"local_seo":null,"breadcrumb_settings":null,"limit_modified_date":false,"ai":null,"created":"2025-03-22 06:12:37","updated":"2025-10-26 10:15:40","seo_analyzer_scan_date":null},"aioseo_breadcrumb":"<div class=\"aioseo-breadcrumbs\"><span class=\"aioseo-breadcrumb\">\n\t\t\t<a href=\"https:\/\/www.worldrally.eu\" title=\"Home\">Home<\/a>\n\t\t<\/span><span class=\"aioseo-breadcrumb-separator\">&raquo;<\/span><span class=\"aioseo-breadcrumb\">\n\t\t\t<a href=\"https:\/\/www.worldrally.eu\/index.php\/category\/wrc\/\" title=\"WRC\">WRC<\/a>\n\t\t<\/span><span class=\"aioseo-breadcrumb-separator\">&raquo;<\/span><span class=\"aioseo-breadcrumb\">\n\t\t\tRovanper\u00e4 zwi\u0119ksza przewag\u0119\n\t\t<\/span><\/div>","aioseo_breadcrumb_json":[{"label":"Home","link":"https:\/\/www.worldrally.eu"},{"label":"WRC","link":"https:\/\/www.worldrally.eu\/index.php\/category\/wrc\/"},{"label":"Rovanper\u00e4 zwi\u0119ksza przewag\u0119","link":"https:\/\/www.worldrally.eu\/index.php\/2023\/05\/13\/rovanpera-zwieksza-przewage\/"}],"cc_featured_image_caption":{"caption_text":"Foto-WRCcom","source_text":"","source_url":""},"_links":{"self":[{"href":"https:\/\/www.worldrally.eu\/index.php\/wp-json\/wp\/v2\/posts\/1324","targetHints":{"allow":["GET"]}}],"collection":[{"href":"https:\/\/www.worldrally.eu\/index.php\/wp-json\/wp\/v2\/posts"}],"about":[{"href":"https:\/\/www.worldrally.eu\/index.php\/wp-json\/wp\/v2\/types\/post"}],"author":[{"embeddable":true,"href":"https:\/\/www.worldrally.eu\/index.php\/wp-json\/wp\/v2\/users\/1"}],"replies":[{"embeddable":true,"href":"https:\/\/www.worldrally.eu\/index.php\/wp-json\/wp\/v2\/comments?post=1324"}],"version-history":[{"count":1,"href":"https:\/\/www.worldrally.eu\/index.php\/wp-json\/wp\/v2\/posts\/1324\/revisions"}],"predecessor-version":[{"id":1330,"href":"https:\/\/www.worldrally.eu\/index.php\/wp-json\/wp\/v2\/posts\/1324\/revisions\/1330"}],"wp:featuredmedia":[{"embeddable":true,"href":"https:\/\/www.worldrally.eu\/index.php\/wp-json\/wp\/v2\/media\/1325"}],"wp:attachment":[{"href":"https:\/\/www.worldrally.eu\/index.php\/wp-json\/wp\/v2\/media?parent=1324"}],"wp:term":[{"taxonomy":"category","embeddable":true,"href":"https:\/\/www.worldrally.eu\/index.php\/wp-json\/wp\/v2\/categories?post=1324"},{"taxonomy":"post_tag","embeddable":true,"href":"https:\/\/www.worldrally.eu\/index.php\/wp-json\/wp\/v2\/tags?post=1324"}],"curies":[{"name":"wp","href":"https:\/\/api.w.org\/{rel}","templated":true}]}}