{"id":131,"date":"2022-12-23T20:46:00","date_gmt":"2022-12-23T20:46:00","guid":{"rendered":"https:\/\/www.worldrally.eu\/?p=131"},"modified":"2023-02-06T21:06:17","modified_gmt":"2023-02-06T21:06:17","slug":"campedelli-ujawnia-plan-na-rok-2023","status":"publish","type":"post","link":"https:\/\/www.worldrally.eu\/index.php\/2022\/12\/23\/campedelli-ujawnia-plan-na-rok-2023\/","title":{"rendered":"Campedelli ujawnia plan na rok 2023"},"content":{"rendered":"\n<p class=\"has-medium-font-size\">Simone Campedelli ujawni\u0142 swoje cele na 2023 rok \u2013 a jego g\u0142\u00f3wny plan to starty we wszystkich o\u015bmiu rundach Rajdowych Mistrzostwach Europy. <\/p>\n\n\n\n<p class=\"has-medium-font-size\">Popularny W\u0142och ma nadziej\u0119 wykorzysta\u0107 to, czego nauczy\u0142 si\u0119 w minionym sezonie 2022, podczas kt\u00f3rego wzi\u0105\u0142 udzia\u0142 a\u017c w sze\u015bciu rajdach u\u017cywaj\u0105c \u0160kody Fabia Rally2 z zespo\u0142em MRF Tyres<\/p>\n\n\n\n<p class=\"has-medium-font-size\">Campedellego nie omin\u0105\u0142 pech w minionym sezonie, pierwszej rundy nie uko\u0144czy\u0142, z powodu b\u0142\u0119du zawieszenia. Wpadni\u0119cie do rowu podczas 78. Rajdu Polski ORLEN by\u0142o kolejnym powodem do frustracji, ale 36-latek nadal zbiera\u0142 solidne punkty dla swojego zespo\u0142u. W rajdzie Rally di Roma Capitale zaj\u0105\u0142 on znakomite drugie miejsce co tylko potwierdzi\u0142o jego doskona\u0142\u0105 form\u0119.<\/p>\n\n\n\n<p class=\"has-medium-font-size\">Celem W\u0142ocha jest pozostanie w zespole MRF jednak\u017ce sytuacja nie jest do ko\u0144ca pewna i wci\u0105\u017c trwaj\u0105 negocjacje a sk\u0142ad kierowc\u00f3w na sezon 2023 nie b\u0119dzie wcze\u015bniej og\u0142oszony ni\u017c w lutym.<\/p>\n\n\n\n<p class=\"has-medium-font-size\"><em>\u201eMy\u015bl\u0119, \u017ce w niekt\u00f3rych miejscach pokazali\u015bmy naprawd\u0119 dobr\u0105 pr\u0119dko\u015b\u0107 i mamy wiele pozytywnych rzeczy, kt\u00f3re mo\u017cemy wyci\u0105gn\u0105\u0107 z tego sezonu. W niekt\u00f3rych miejscach, zw\u0142aszcza na asfalcie, pokazali\u015bmy, \u017ce potrafimy by\u0107 naprawd\u0119 konkurencyjni<\/em>&#8220;<\/p>\n\n\n\n<p class=\"has-medium-font-size\"><em>\u201eW tym roku startowali\u015bmy w 13 rajdach\u201d, powiedzia\u0142, \u201ea dotarli\u015bmy do ko\u0144ca 11 z nich \u2013 jeden wycofali\u015bmy si\u0119 z powodu awarii technicznej, a drugi z powodu wypadku. My\u015bl\u0119, \u017ce to naprawd\u0119 statystyki, z kt\u00f3rych mo\u017cemy by\u0107 dumni. Kiedy pracujesz dla producenta opon, wa\u017cne jest, aby przynosi\u0107 do domu jak najwi\u0119cej danych, aby\u015bmy mogli stale opracowywa\u0107 lepsze opony. Bior\u0105c to pod uwag\u0119, uwa\u017cam, \u017ce zaliczyli\u015bmy dobry sezon<\/em>&#8221; &#8211; powiedzia\u0142 Campedelli<\/p>\n\n\n\n<figure class=\"wp-block-image size-large is-resized\"><img fetchpriority=\"high\" decoding=\"async\" src=\"https:\/\/www.worldrally.eu\/wp-content\/uploads\/2023\/02\/57-1024x683.jpg\" alt=\"\" class=\"wp-image-134\" width=\"768\" height=\"512\" srcset=\"https:\/\/www.worldrally.eu\/wp-content\/uploads\/2023\/02\/57-1024x683.jpg 1024w, https:\/\/www.worldrally.eu\/wp-content\/uploads\/2023\/02\/57-300x200.jpg 300w, https:\/\/www.worldrally.eu\/wp-content\/uploads\/2023\/02\/57-768x512.jpg 768w, https:\/\/www.worldrally.eu\/wp-content\/uploads\/2023\/02\/57-1536x1024.jpg 1536w, https:\/\/www.worldrally.eu\/wp-content\/uploads\/2023\/02\/57-446x297.jpg 446w, https:\/\/www.worldrally.eu\/wp-content\/uploads\/2023\/02\/57.jpg 1620w\" sizes=\"(max-width: 768px) 100vw, 768px\" \/><figcaption class=\"wp-element-caption\">Foto: PhotoMS \/ Adam Owczarek<\/figcaption><\/figure>\n\n\n\n<p><\/p>\n","protected":false},"excerpt":{"rendered":"<p>Simone Campedelli ujawni\u0142 swoje cele na 2023 rok \u2013 a jego g\u0142\u00f3wny plan to starty we wszystkich o\u015bmiu rundach Rajdowych Mistrzostwach Europy. Popularny W\u0142och ma nadziej\u0119 wykorzysta\u0107 to, czego nauczy\u0142 si\u0119 w minionym sezonie 2022, podczas kt\u00f3rego wzi\u0105\u0142 udzia\u0142 a\u017c w sze\u015bciu rajdach u\u017cywaj\u0105c \u0160kody Fabia Rally2 z zespo\u0142em MRF Tyres Campedellego nie omin\u0105\u0142 pech [&hellip;]<\/p>\n","protected":false},"author":1,"featured_media":132,"comment_status":"closed","ping_status":"closed","sticky":false,"template":"","format":"standard","meta":{"footnotes":""},"categories":[4],"tags":[],"class_list":["post-131","post","type-post","status-publish","format-standard","has-post-thumbnail","hentry","category-erc"],"aioseo_notices":[],"cc_featured_image_caption":{"caption_text":"Foto: PhotoMS \/ Adam Owczarek","source_text":"","source_url":""},"_links":{"self":[{"href":"https:\/\/www.worldrally.eu\/index.php\/wp-json\/wp\/v2\/posts\/131","targetHints":{"allow":["GET"]}}],"collection":[{"href":"https:\/\/www.worldrally.eu\/index.php\/wp-json\/wp\/v2\/posts"}],"about":[{"href":"https:\/\/www.worldrally.eu\/index.php\/wp-json\/wp\/v2\/types\/post"}],"author":[{"embeddable":true,"href":"https:\/\/www.worldrally.eu\/index.php\/wp-json\/wp\/v2\/users\/1"}],"replies":[{"embeddable":true,"href":"https:\/\/www.worldrally.eu\/index.php\/wp-json\/wp\/v2\/comments?post=131"}],"version-history":[{"count":3,"href":"https:\/\/www.worldrally.eu\/index.php\/wp-json\/wp\/v2\/posts\/131\/revisions"}],"predecessor-version":[{"id":137,"href":"https:\/\/www.worldrally.eu\/index.php\/wp-json\/wp\/v2\/posts\/131\/revisions\/137"}],"wp:featuredmedia":[{"embeddable":true,"href":"https:\/\/www.worldrally.eu\/index.php\/wp-json\/wp\/v2\/media\/132"}],"wp:attachment":[{"href":"https:\/\/www.worldrally.eu\/index.php\/wp-json\/wp\/v2\/media?parent=131"}],"wp:term":[{"taxonomy":"category","embeddable":true,"href":"https:\/\/www.worldrally.eu\/index.php\/wp-json\/wp\/v2\/categories?post=131"},{"taxonomy":"post_tag","embeddable":true,"href":"https:\/\/www.worldrally.eu\/index.php\/wp-json\/wp\/v2\/tags?post=131"}],"curies":[{"name":"wp","href":"https:\/\/api.w.org\/{rel}","templated":true}]}}