{"id":1304,"date":"2023-05-07T15:58:03","date_gmt":"2023-05-07T15:58:03","guid":{"rendered":"https:\/\/www.worldrally.eu\/?p=1304"},"modified":"2023-05-07T15:58:03","modified_gmt":"2023-05-07T15:58:03","slug":"armstrong-pod-wrazeniem","status":"publish","type":"post","link":"https:\/\/www.worldrally.eu\/index.php\/2023\/05\/07\/armstrong-pod-wrazeniem\/","title":{"rendered":"Armstrong pod wra\u017ceniem"},"content":{"rendered":"\n<p class=\"wp-block-paragraph\">Jon Armstrong nie ukrywa\u0142, \u017ce nowy poprawiony Ford Fiesta Rally3 Evo przygotowany przez M\/Sport Polska zrobi\u0142 na nim ogromne wra\u017cenie podczas rywalizacji w Rajdzie Wysp Kanaryjskich.<\/p>\n\n\n\n<blockquote class=\"wp-block-quote is-layout-flow wp-block-quote-is-layout-flow\">\n<p class=\"wp-block-paragraph\">To by\u0142 naprawd\u0119 przyjemny rajd z nowym samochodem, Rally3 Evo. Pomaganie w rozwoju tego samochodu by\u0142o \u015bwietn\u0105 zabaw\u0105, a teraz przejechanie jego pierwszego rajdu to prawdziwa przyjemno\u015b\u0107 i dzi\u0119kuj\u0119 M-Sport Polska za danie mi samochodu i szans\u0119. Nasze czasy by\u0142y mniej wi\u0119cej takie, jakie chcieli\u015bmy, tylko 1,5 sekundy na kilometr od najszybszego kierowcy na [SS10], to by\u0142 dla nas naprawd\u0119 dobry etap. Wszystko dzia\u0142a\u0142o naprawd\u0119 dobrze z samochodem, a tak\u017ce mi\u0119dzy Camem a mn\u0105.<\/p>\n<\/blockquote>\n\n\n\n<figure class=\"wp-block-image size-large\"><img fetchpriority=\"high\" decoding=\"async\" width=\"1024\" height=\"576\" src=\"https:\/\/www.worldrally.eu\/wp-content\/uploads\/2023\/05\/070523_AtWorld_Armstrong_Canarias_1_8c6ab_f_1400x788-1024x576.jpg\" alt=\"\" class=\"wp-image-1306\" srcset=\"https:\/\/www.worldrally.eu\/wp-content\/uploads\/2023\/05\/070523_AtWorld_Armstrong_Canarias_1_8c6ab_f_1400x788-1024x576.jpg 1024w, https:\/\/www.worldrally.eu\/wp-content\/uploads\/2023\/05\/070523_AtWorld_Armstrong_Canarias_1_8c6ab_f_1400x788-300x169.jpg 300w, https:\/\/www.worldrally.eu\/wp-content\/uploads\/2023\/05\/070523_AtWorld_Armstrong_Canarias_1_8c6ab_f_1400x788-768x432.jpg 768w, https:\/\/www.worldrally.eu\/wp-content\/uploads\/2023\/05\/070523_AtWorld_Armstrong_Canarias_1_8c6ab_f_1400x788-1280x720.jpg 1280w, https:\/\/www.worldrally.eu\/wp-content\/uploads\/2023\/05\/070523_AtWorld_Armstrong_Canarias_1_8c6ab_f_1400x788.jpg 1400w\" sizes=\"(max-width: 1024px) 100vw, 1024px\" \/><figcaption class=\"wp-element-caption\">FIAerc<\/figcaption><\/figure>\n\n\n\n<p class=\"wp-block-paragraph\">Anglik, kt\u00f3ry wygra\u0142 w swojej klasie, podkre\u015bl \u017ce zmiany jakie dokona\u0142 M-Sport Polska  w tym modelu by\u0142y widoczne od samego pocz\u0105tku.<\/p>\n\n\n\n<blockquote class=\"wp-block-quote is-layout-flow wp-block-quote-is-layout-flow\">\n<p class=\"wp-block-paragraph\">Jednym z najwi\u0119kszych ulepsze\u0144 by\u0142o ch\u0142odzenie z przodu, a tak\u017ce w przewodach hamulcowych. Nie mieli\u015bmy problem\u00f3w z przegrzewaniem, hamulce by\u0142y idealne, nie gotowa\u0142y si\u0119 hamulce ani nic podobnego. Kr\u00f3tka skrzynia bieg\u00f3w r\u00f3wnie\u017c dobrze spisywa\u0142a si\u0119 na tych odcinkach, dobre przyspieszenie i czu\u0107, \u017ce jest szybsza. To wiele drobnych ulepsze\u0144, kt\u00f3re zrobi\u0142y r\u00f3\u017cnic\u0119 i wygl\u0105da\u0142o to dobrze na kartach czasu pracy w por\u00f3wnaniu do ostatniego razu [Fiesta Rally3], kt\u00f3ry tu by\u0142. W 2021 roku nie pokona\u0142 niekt\u00f3rych samochod\u00f3w Rally4. Oczywi\u015bcie nie maj\u0105 tak du\u017cej mocy jak ta, ale s\u0105 nieco l\u017cejsze i nie maj\u0105 tak du\u017cego oporu z uk\u0142adu nap\u0119dowego, wi\u0119c musieli\u015bmy si\u0119 upewni\u0107, \u017ce tym razem ich wyprzedzimy i tak by\u0142o.<\/p>\n<cite>wyja\u015bni\u0142 Armstrong<\/cite><\/blockquote>\n\n\n\n<p class=\"wp-block-paragraph\">Ju\u017c za nieca\u0142e dwa tygodnie startuje 79 Rajd Polski a tym samym kolejna runda Mistrzostw Europy, gdzie b\u0119dzie mo\u017cna sprawdzi\u0107 w\u0142a\u015bciwo\u015bci jazdy autem na Mazurskich szutrach.<\/p>\n","protected":false},"excerpt":{"rendered":"<p>Jon Armstrong nie ukrywa\u0142, \u017ce nowy poprawiony Ford Fiesta Rally3 Evo przygotowany przez M\/Sport Polska zrobi\u0142 na nim ogromne wra\u017cenie podczas rywalizacji w Rajdzie Wysp Kanaryjskich. To by\u0142 naprawd\u0119 przyjemny rajd z nowym samochodem, Rally3 Evo. Pomaganie w rozwoju tego samochodu by\u0142o \u015bwietn\u0105 zabaw\u0105, a teraz przejechanie jego pierwszego rajdu to prawdziwa przyjemno\u015b\u0107 i dzi\u0119kuj\u0119 [&hellip;]<\/p>\n","protected":false},"author":2,"featured_media":1305,"comment_status":"closed","ping_status":"closed","sticky":false,"template":"","format":"standard","meta":{"_monsterinsights_skip_tracking":false,"_monsterinsights_sitenote_active":false,"_monsterinsights_sitenote_note":"","_monsterinsights_sitenote_category":0,"footnotes":""},"categories":[4],"tags":[],"class_list":["post-1304","post","type-post","status-publish","format-standard","has-post-thumbnail","hentry","category-erc"],"aioseo_notices":[],"aioseo_head":"\n\t\t<!-- All in One SEO 4.9.9 - aioseo.com -->\n\t<meta name=\"description\" content=\"Jon Armstrong nie ukrywa\u0142, \u017ce nowy poprawiony Ford Fiesta Rally3 Evo przygotowany przez M\/Sport Polska zrobi\u0142 na nim ogromne wra\u017cenie podczas rywalizacji w Rajdzie Wysp Kanaryjskich. To by\u0142 naprawd\u0119 przyjemny rajd z nowym samochodem, Rally3 Evo. Pomaganie w rozwoju tego samochodu by\u0142o \u015bwietn\u0105 zabaw\u0105, a teraz przejechanie jego pierwszego rajdu to prawdziwa przyjemno\u015b\u0107 i dzi\u0119kuj\u0119\" \/>\n\t<meta name=\"robots\" content=\"max-image-preview:large\" \/>\n\t<meta name=\"author\" content=\"Magdalena\"\/>\n\t<link rel=\"canonical\" href=\"https:\/\/www.worldrally.eu\/index.php\/2023\/05\/07\/armstrong-pod-wrazeniem\/\" \/>\n\t<meta name=\"generator\" content=\"All in One SEO (AIOSEO) 4.9.9\" \/>\n\t\t<meta property=\"og:locale\" content=\"en_GB\" \/>\n\t\t<meta property=\"og:site_name\" content=\"WorldRally.eu \u00bb\" \/>\n\t\t<meta property=\"og:type\" content=\"article\" \/>\n\t\t<meta property=\"og:title\" content=\"Armstrong pod wra\u017ceniem \u00bb WorldRally.eu\" \/>\n\t\t<meta property=\"og:description\" content=\"Jon Armstrong nie ukrywa\u0142, \u017ce nowy poprawiony Ford Fiesta Rally3 Evo przygotowany przez M\/Sport Polska zrobi\u0142 na nim ogromne wra\u017cenie podczas rywalizacji w Rajdzie Wysp Kanaryjskich. To by\u0142 naprawd\u0119 przyjemny rajd z nowym samochodem, Rally3 Evo. Pomaganie w rozwoju tego samochodu by\u0142o \u015bwietn\u0105 zabaw\u0105, a teraz przejechanie jego pierwszego rajdu to prawdziwa przyjemno\u015b\u0107 i dzi\u0119kuj\u0119\" \/>\n\t\t<meta property=\"og:url\" content=\"https:\/\/www.worldrally.eu\/index.php\/2023\/05\/07\/armstrong-pod-wrazeniem\/\" \/>\n\t\t<meta property=\"og:image\" content=\"https:\/\/www.worldrally.eu\/wp-content\/uploads\/2023\/05\/070523_AtWorld_Armstrong_Canarias_3_a24bf_frz_1400x788.jpg\" \/>\n\t\t<meta property=\"og:image:secure_url\" content=\"https:\/\/www.worldrally.eu\/wp-content\/uploads\/2023\/05\/070523_AtWorld_Armstrong_Canarias_3_a24bf_frz_1400x788.jpg\" \/>\n\t\t<meta property=\"og:image:width\" content=\"1400\" \/>\n\t\t<meta property=\"og:image:height\" content=\"788\" \/>\n\t\t<meta property=\"article:published_time\" content=\"2023-05-07T15:58:03+00:00\" \/>\n\t\t<meta property=\"article:modified_time\" content=\"2023-05-07T15:58:03+00:00\" \/>\n\t\t<meta name=\"twitter:card\" content=\"summary_large_image\" \/>\n\t\t<meta name=\"twitter:title\" content=\"Armstrong pod wra\u017ceniem \u00bb WorldRally.eu\" \/>\n\t\t<meta name=\"twitter:description\" content=\"Jon Armstrong nie ukrywa\u0142, \u017ce nowy poprawiony Ford Fiesta Rally3 Evo przygotowany przez M\/Sport Polska zrobi\u0142 na nim ogromne wra\u017cenie podczas rywalizacji w Rajdzie Wysp Kanaryjskich. To by\u0142 naprawd\u0119 przyjemny rajd z nowym samochodem, Rally3 Evo. Pomaganie w rozwoju tego samochodu by\u0142o \u015bwietn\u0105 zabaw\u0105, a teraz przejechanie jego pierwszego rajdu to prawdziwa przyjemno\u015b\u0107 i dzi\u0119kuj\u0119\" \/>\n\t\t<meta name=\"twitter:image\" content=\"https:\/\/www.worldrally.eu\/wp-content\/uploads\/2023\/05\/070523_AtWorld_Armstrong_Canarias_3_a24bf_frz_1400x788.jpg\" \/>\n\t\t<script type=\"application\/ld+json\" class=\"aioseo-schema\">\n\t\t\t{\"@context\":\"https:\\\/\\\/schema.org\",\"@graph\":[{\"@type\":\"BlogPosting\",\"@id\":\"https:\\\/\\\/www.worldrally.eu\\\/index.php\\\/2023\\\/05\\\/07\\\/armstrong-pod-wrazeniem\\\/#blogposting\",\"name\":\"Armstrong pod wra\\u017ceniem \\u00bb WorldRally.eu\",\"headline\":\"Armstrong pod wra\\u017ceniem\",\"author\":{\"@id\":\"https:\\\/\\\/www.worldrally.eu\\\/index.php\\\/author\\\/magdalena\\\/#author\"},\"publisher\":{\"@id\":\"https:\\\/\\\/www.worldrally.eu\\\/#organization\"},\"image\":{\"@type\":\"ImageObject\",\"url\":\"https:\\\/\\\/www.worldrally.eu\\\/wp-content\\\/uploads\\\/2023\\\/05\\\/070523_AtWorld_Armstrong_Canarias_3_a24bf_frz_1400x788.jpg\",\"width\":1400,\"height\":788},\"datePublished\":\"2023-05-07T15:58:03+00:00\",\"dateModified\":\"2023-05-07T15:58:03+00:00\",\"inLanguage\":\"en-GB\",\"mainEntityOfPage\":{\"@id\":\"https:\\\/\\\/www.worldrally.eu\\\/index.php\\\/2023\\\/05\\\/07\\\/armstrong-pod-wrazeniem\\\/#webpage\"},\"isPartOf\":{\"@id\":\"https:\\\/\\\/www.worldrally.eu\\\/index.php\\\/2023\\\/05\\\/07\\\/armstrong-pod-wrazeniem\\\/#webpage\"},\"articleSection\":\"ERC\"},{\"@type\":\"BreadcrumbList\",\"@id\":\"https:\\\/\\\/www.worldrally.eu\\\/index.php\\\/2023\\\/05\\\/07\\\/armstrong-pod-wrazeniem\\\/#breadcrumblist\",\"itemListElement\":[{\"@type\":\"ListItem\",\"@id\":\"https:\\\/\\\/www.worldrally.eu#listItem\",\"position\":1,\"name\":\"Home\",\"item\":\"https:\\\/\\\/www.worldrally.eu\",\"nextItem\":{\"@type\":\"ListItem\",\"@id\":\"https:\\\/\\\/www.worldrally.eu\\\/index.php\\\/category\\\/erc\\\/#listItem\",\"name\":\"ERC\"}},{\"@type\":\"ListItem\",\"@id\":\"https:\\\/\\\/www.worldrally.eu\\\/index.php\\\/category\\\/erc\\\/#listItem\",\"position\":2,\"name\":\"ERC\",\"item\":\"https:\\\/\\\/www.worldrally.eu\\\/index.php\\\/category\\\/erc\\\/\",\"nextItem\":{\"@type\":\"ListItem\",\"@id\":\"https:\\\/\\\/www.worldrally.eu\\\/index.php\\\/2023\\\/05\\\/07\\\/armstrong-pod-wrazeniem\\\/#listItem\",\"name\":\"Armstrong pod wra\\u017ceniem\"},\"previousItem\":{\"@type\":\"ListItem\",\"@id\":\"https:\\\/\\\/www.worldrally.eu#listItem\",\"name\":\"Home\"}},{\"@type\":\"ListItem\",\"@id\":\"https:\\\/\\\/www.worldrally.eu\\\/index.php\\\/2023\\\/05\\\/07\\\/armstrong-pod-wrazeniem\\\/#listItem\",\"position\":3,\"name\":\"Armstrong pod wra\\u017ceniem\",\"previousItem\":{\"@type\":\"ListItem\",\"@id\":\"https:\\\/\\\/www.worldrally.eu\\\/index.php\\\/category\\\/erc\\\/#listItem\",\"name\":\"ERC\"}}]},{\"@type\":\"Organization\",\"@id\":\"https:\\\/\\\/www.worldrally.eu\\\/#organization\",\"name\":\"WorldRally.eu\",\"url\":\"https:\\\/\\\/www.worldrally.eu\\\/\",\"logo\":{\"@type\":\"ImageObject\",\"url\":\"https:\\\/\\\/www.worldrally.eu\\\/wp-content\\\/uploads\\\/2026\\\/01\\\/cropped-logo-3.png\",\"@id\":\"https:\\\/\\\/www.worldrally.eu\\\/index.php\\\/2023\\\/05\\\/07\\\/armstrong-pod-wrazeniem\\\/#organizationLogo\",\"width\":2039,\"height\":756},\"image\":{\"@id\":\"https:\\\/\\\/www.worldrally.eu\\\/index.php\\\/2023\\\/05\\\/07\\\/armstrong-pod-wrazeniem\\\/#organizationLogo\"}},{\"@type\":\"Person\",\"@id\":\"https:\\\/\\\/www.worldrally.eu\\\/index.php\\\/author\\\/magdalena\\\/#author\",\"url\":\"https:\\\/\\\/www.worldrally.eu\\\/index.php\\\/author\\\/magdalena\\\/\",\"name\":\"Magdalena\",\"image\":{\"@type\":\"ImageObject\",\"@id\":\"https:\\\/\\\/www.worldrally.eu\\\/index.php\\\/2023\\\/05\\\/07\\\/armstrong-pod-wrazeniem\\\/#authorImage\",\"url\":\"https:\\\/\\\/secure.gravatar.com\\\/avatar\\\/853239b46cec38ba30b48d2b091f5538817cc78bdc0944c9ef7408579307e2ea?s=96&d=mm&r=g\",\"width\":96,\"height\":96,\"caption\":\"Magdalena\"}},{\"@type\":\"WebPage\",\"@id\":\"https:\\\/\\\/www.worldrally.eu\\\/index.php\\\/2023\\\/05\\\/07\\\/armstrong-pod-wrazeniem\\\/#webpage\",\"url\":\"https:\\\/\\\/www.worldrally.eu\\\/index.php\\\/2023\\\/05\\\/07\\\/armstrong-pod-wrazeniem\\\/\",\"name\":\"Armstrong pod wra\\u017ceniem \\u00bb WorldRally.eu\",\"description\":\"Jon Armstrong nie ukrywa\\u0142, \\u017ce nowy poprawiony Ford Fiesta Rally3 Evo przygotowany przez M\\\/Sport Polska zrobi\\u0142 na nim ogromne wra\\u017cenie podczas rywalizacji w Rajdzie Wysp Kanaryjskich. To by\\u0142 naprawd\\u0119 przyjemny rajd z nowym samochodem, Rally3 Evo. Pomaganie w rozwoju tego samochodu by\\u0142o \\u015bwietn\\u0105 zabaw\\u0105, a teraz przejechanie jego pierwszego rajdu to prawdziwa przyjemno\\u015b\\u0107 i dzi\\u0119kuj\\u0119\",\"inLanguage\":\"en-GB\",\"isPartOf\":{\"@id\":\"https:\\\/\\\/www.worldrally.eu\\\/#website\"},\"breadcrumb\":{\"@id\":\"https:\\\/\\\/www.worldrally.eu\\\/index.php\\\/2023\\\/05\\\/07\\\/armstrong-pod-wrazeniem\\\/#breadcrumblist\"},\"author\":{\"@id\":\"https:\\\/\\\/www.worldrally.eu\\\/index.php\\\/author\\\/magdalena\\\/#author\"},\"creator\":{\"@id\":\"https:\\\/\\\/www.worldrally.eu\\\/index.php\\\/author\\\/magdalena\\\/#author\"},\"image\":{\"@type\":\"ImageObject\",\"url\":\"https:\\\/\\\/www.worldrally.eu\\\/wp-content\\\/uploads\\\/2023\\\/05\\\/070523_AtWorld_Armstrong_Canarias_3_a24bf_frz_1400x788.jpg\",\"@id\":\"https:\\\/\\\/www.worldrally.eu\\\/index.php\\\/2023\\\/05\\\/07\\\/armstrong-pod-wrazeniem\\\/#mainImage\",\"width\":1400,\"height\":788},\"primaryImageOfPage\":{\"@id\":\"https:\\\/\\\/www.worldrally.eu\\\/index.php\\\/2023\\\/05\\\/07\\\/armstrong-pod-wrazeniem\\\/#mainImage\"},\"datePublished\":\"2023-05-07T15:58:03+00:00\",\"dateModified\":\"2023-05-07T15:58:03+00:00\"},{\"@type\":\"WebSite\",\"@id\":\"https:\\\/\\\/www.worldrally.eu\\\/#website\",\"url\":\"https:\\\/\\\/www.worldrally.eu\\\/\",\"name\":\"WorldRally.eu\",\"inLanguage\":\"en-GB\",\"publisher\":{\"@id\":\"https:\\\/\\\/www.worldrally.eu\\\/#organization\"}}]}\n\t\t<\/script>\n\t\t<!-- All in One SEO -->\n\n","aioseo_head_json":{"title":"Armstrong pod wra\u017ceniem \u00bb WorldRally.eu","description":"Jon Armstrong nie ukrywa\u0142, \u017ce nowy poprawiony Ford Fiesta Rally3 Evo przygotowany przez M\/Sport Polska zrobi\u0142 na nim ogromne wra\u017cenie podczas rywalizacji w Rajdzie Wysp Kanaryjskich. To by\u0142 naprawd\u0119 przyjemny rajd z nowym samochodem, Rally3 Evo. Pomaganie w rozwoju tego samochodu by\u0142o \u015bwietn\u0105 zabaw\u0105, a teraz przejechanie jego pierwszego rajdu to prawdziwa przyjemno\u015b\u0107 i dzi\u0119kuj\u0119","canonical_url":"https:\/\/www.worldrally.eu\/index.php\/2023\/05\/07\/armstrong-pod-wrazeniem\/","robots":"max-image-preview:large","keywords":"","webmasterTools":{"miscellaneous":""},"schema":{"@context":"https:\/\/schema.org","@graph":[{"@type":"BlogPosting","@id":"https:\/\/www.worldrally.eu\/index.php\/2023\/05\/07\/armstrong-pod-wrazeniem\/#blogposting","name":"Armstrong pod wra\u017ceniem \u00bb WorldRally.eu","headline":"Armstrong pod wra\u017ceniem","author":{"@id":"https:\/\/www.worldrally.eu\/index.php\/author\/magdalena\/#author"},"publisher":{"@id":"https:\/\/www.worldrally.eu\/#organization"},"image":{"@type":"ImageObject","url":"https:\/\/www.worldrally.eu\/wp-content\/uploads\/2023\/05\/070523_AtWorld_Armstrong_Canarias_3_a24bf_frz_1400x788.jpg","width":1400,"height":788},"datePublished":"2023-05-07T15:58:03+00:00","dateModified":"2023-05-07T15:58:03+00:00","inLanguage":"en-GB","mainEntityOfPage":{"@id":"https:\/\/www.worldrally.eu\/index.php\/2023\/05\/07\/armstrong-pod-wrazeniem\/#webpage"},"isPartOf":{"@id":"https:\/\/www.worldrally.eu\/index.php\/2023\/05\/07\/armstrong-pod-wrazeniem\/#webpage"},"articleSection":"ERC"},{"@type":"BreadcrumbList","@id":"https:\/\/www.worldrally.eu\/index.php\/2023\/05\/07\/armstrong-pod-wrazeniem\/#breadcrumblist","itemListElement":[{"@type":"ListItem","@id":"https:\/\/www.worldrally.eu#listItem","position":1,"name":"Home","item":"https:\/\/www.worldrally.eu","nextItem":{"@type":"ListItem","@id":"https:\/\/www.worldrally.eu\/index.php\/category\/erc\/#listItem","name":"ERC"}},{"@type":"ListItem","@id":"https:\/\/www.worldrally.eu\/index.php\/category\/erc\/#listItem","position":2,"name":"ERC","item":"https:\/\/www.worldrally.eu\/index.php\/category\/erc\/","nextItem":{"@type":"ListItem","@id":"https:\/\/www.worldrally.eu\/index.php\/2023\/05\/07\/armstrong-pod-wrazeniem\/#listItem","name":"Armstrong pod wra\u017ceniem"},"previousItem":{"@type":"ListItem","@id":"https:\/\/www.worldrally.eu#listItem","name":"Home"}},{"@type":"ListItem","@id":"https:\/\/www.worldrally.eu\/index.php\/2023\/05\/07\/armstrong-pod-wrazeniem\/#listItem","position":3,"name":"Armstrong pod wra\u017ceniem","previousItem":{"@type":"ListItem","@id":"https:\/\/www.worldrally.eu\/index.php\/category\/erc\/#listItem","name":"ERC"}}]},{"@type":"Organization","@id":"https:\/\/www.worldrally.eu\/#organization","name":"WorldRally.eu","url":"https:\/\/www.worldrally.eu\/","logo":{"@type":"ImageObject","url":"https:\/\/www.worldrally.eu\/wp-content\/uploads\/2026\/01\/cropped-logo-3.png","@id":"https:\/\/www.worldrally.eu\/index.php\/2023\/05\/07\/armstrong-pod-wrazeniem\/#organizationLogo","width":2039,"height":756},"image":{"@id":"https:\/\/www.worldrally.eu\/index.php\/2023\/05\/07\/armstrong-pod-wrazeniem\/#organizationLogo"}},{"@type":"Person","@id":"https:\/\/www.worldrally.eu\/index.php\/author\/magdalena\/#author","url":"https:\/\/www.worldrally.eu\/index.php\/author\/magdalena\/","name":"Magdalena","image":{"@type":"ImageObject","@id":"https:\/\/www.worldrally.eu\/index.php\/2023\/05\/07\/armstrong-pod-wrazeniem\/#authorImage","url":"https:\/\/secure.gravatar.com\/avatar\/853239b46cec38ba30b48d2b091f5538817cc78bdc0944c9ef7408579307e2ea?s=96&d=mm&r=g","width":96,"height":96,"caption":"Magdalena"}},{"@type":"WebPage","@id":"https:\/\/www.worldrally.eu\/index.php\/2023\/05\/07\/armstrong-pod-wrazeniem\/#webpage","url":"https:\/\/www.worldrally.eu\/index.php\/2023\/05\/07\/armstrong-pod-wrazeniem\/","name":"Armstrong pod wra\u017ceniem \u00bb WorldRally.eu","description":"Jon Armstrong nie ukrywa\u0142, \u017ce nowy poprawiony Ford Fiesta Rally3 Evo przygotowany przez M\/Sport Polska zrobi\u0142 na nim ogromne wra\u017cenie podczas rywalizacji w Rajdzie Wysp Kanaryjskich. To by\u0142 naprawd\u0119 przyjemny rajd z nowym samochodem, Rally3 Evo. Pomaganie w rozwoju tego samochodu by\u0142o \u015bwietn\u0105 zabaw\u0105, a teraz przejechanie jego pierwszego rajdu to prawdziwa przyjemno\u015b\u0107 i dzi\u0119kuj\u0119","inLanguage":"en-GB","isPartOf":{"@id":"https:\/\/www.worldrally.eu\/#website"},"breadcrumb":{"@id":"https:\/\/www.worldrally.eu\/index.php\/2023\/05\/07\/armstrong-pod-wrazeniem\/#breadcrumblist"},"author":{"@id":"https:\/\/www.worldrally.eu\/index.php\/author\/magdalena\/#author"},"creator":{"@id":"https:\/\/www.worldrally.eu\/index.php\/author\/magdalena\/#author"},"image":{"@type":"ImageObject","url":"https:\/\/www.worldrally.eu\/wp-content\/uploads\/2023\/05\/070523_AtWorld_Armstrong_Canarias_3_a24bf_frz_1400x788.jpg","@id":"https:\/\/www.worldrally.eu\/index.php\/2023\/05\/07\/armstrong-pod-wrazeniem\/#mainImage","width":1400,"height":788},"primaryImageOfPage":{"@id":"https:\/\/www.worldrally.eu\/index.php\/2023\/05\/07\/armstrong-pod-wrazeniem\/#mainImage"},"datePublished":"2023-05-07T15:58:03+00:00","dateModified":"2023-05-07T15:58:03+00:00"},{"@type":"WebSite","@id":"https:\/\/www.worldrally.eu\/#website","url":"https:\/\/www.worldrally.eu\/","name":"WorldRally.eu","inLanguage":"en-GB","publisher":{"@id":"https:\/\/www.worldrally.eu\/#organization"}}]},"og:locale":"en_GB","og:site_name":"WorldRally.eu \u00bb","og:type":"article","og:title":"Armstrong pod wra\u017ceniem \u00bb WorldRally.eu","og:description":"Jon Armstrong nie ukrywa\u0142, \u017ce nowy poprawiony Ford Fiesta Rally3 Evo przygotowany przez M\/Sport Polska zrobi\u0142 na nim ogromne wra\u017cenie podczas rywalizacji w Rajdzie Wysp Kanaryjskich. To by\u0142 naprawd\u0119 przyjemny rajd z nowym samochodem, Rally3 Evo. Pomaganie w rozwoju tego samochodu by\u0142o \u015bwietn\u0105 zabaw\u0105, a teraz przejechanie jego pierwszego rajdu to prawdziwa przyjemno\u015b\u0107 i dzi\u0119kuj\u0119","og:url":"https:\/\/www.worldrally.eu\/index.php\/2023\/05\/07\/armstrong-pod-wrazeniem\/","og:image":"https:\/\/www.worldrally.eu\/wp-content\/uploads\/2023\/05\/070523_AtWorld_Armstrong_Canarias_3_a24bf_frz_1400x788.jpg","og:image:secure_url":"https:\/\/www.worldrally.eu\/wp-content\/uploads\/2023\/05\/070523_AtWorld_Armstrong_Canarias_3_a24bf_frz_1400x788.jpg","og:image:width":1400,"og:image:height":788,"article:published_time":"2023-05-07T15:58:03+00:00","article:modified_time":"2023-05-07T15:58:03+00:00","twitter:card":"summary_large_image","twitter:title":"Armstrong pod wra\u017ceniem \u00bb WorldRally.eu","twitter:description":"Jon Armstrong nie ukrywa\u0142, \u017ce nowy poprawiony Ford Fiesta Rally3 Evo przygotowany przez M\/Sport Polska zrobi\u0142 na nim ogromne wra\u017cenie podczas rywalizacji w Rajdzie Wysp Kanaryjskich. To by\u0142 naprawd\u0119 przyjemny rajd z nowym samochodem, Rally3 Evo. Pomaganie w rozwoju tego samochodu by\u0142o \u015bwietn\u0105 zabaw\u0105, a teraz przejechanie jego pierwszego rajdu to prawdziwa przyjemno\u015b\u0107 i dzi\u0119kuj\u0119","twitter:image":"https:\/\/www.worldrally.eu\/wp-content\/uploads\/2023\/05\/070523_AtWorld_Armstrong_Canarias_3_a24bf_frz_1400x788.jpg"},"aioseo_meta_data":{"post_id":"1304","title":null,"description":null,"keywords":null,"keyphrases":null,"primary_term":null,"canonical_url":null,"og_title":null,"og_description":null,"og_object_type":"default","og_image_type":"default","og_image_url":null,"og_image_width":null,"og_image_height":null,"og_image_custom_url":null,"og_image_custom_fields":null,"og_video":null,"og_custom_url":null,"og_article_section":null,"og_article_tags":null,"twitter_use_og":false,"twitter_card":"default","twitter_image_type":"default","twitter_image_url":null,"twitter_image_custom_url":null,"twitter_image_custom_fields":null,"twitter_title":null,"twitter_description":null,"schema":{"blockGraphs":[],"customGraphs":[],"default":{"data":{"Article":[],"Course":[],"Dataset":[],"FAQPage":[],"Movie":[],"Person":[],"Product":[],"ProductReview":[],"Car":[],"Recipe":[],"Service":[],"SoftwareApplication":[],"WebPage":[]},"graphName":"","isEnabled":true},"graphs":[]},"schema_type":"default","schema_type_options":null,"pillar_content":false,"robots_default":true,"robots_noindex":false,"robots_noarchive":false,"robots_nosnippet":false,"robots_nofollow":false,"robots_noimageindex":false,"robots_noodp":false,"robots_notranslate":false,"robots_max_snippet":null,"robots_max_videopreview":null,"robots_max_imagepreview":"large","priority":null,"frequency":null,"local_seo":null,"breadcrumb_settings":null,"limit_modified_date":false,"ai":null,"created":"2025-03-22 06:11:27","updated":"2025-10-26 10:15:40","seo_analyzer_scan_date":null},"aioseo_breadcrumb":"<div class=\"aioseo-breadcrumbs\"><span class=\"aioseo-breadcrumb\">\n\t\t\t<a href=\"https:\/\/www.worldrally.eu\" title=\"Home\">Home<\/a>\n\t\t<\/span><span class=\"aioseo-breadcrumb-separator\">&raquo;<\/span><span class=\"aioseo-breadcrumb\">\n\t\t\t<a href=\"https:\/\/www.worldrally.eu\/index.php\/category\/erc\/\" title=\"ERC\">ERC<\/a>\n\t\t<\/span><span class=\"aioseo-breadcrumb-separator\">&raquo;<\/span><span class=\"aioseo-breadcrumb\">\n\t\t\tArmstrong pod wra\u017ceniem\n\t\t<\/span><\/div>","aioseo_breadcrumb_json":[{"label":"Home","link":"https:\/\/www.worldrally.eu"},{"label":"ERC","link":"https:\/\/www.worldrally.eu\/index.php\/category\/erc\/"},{"label":"Armstrong pod wra\u017ceniem","link":"https:\/\/www.worldrally.eu\/index.php\/2023\/05\/07\/armstrong-pod-wrazeniem\/"}],"cc_featured_image_caption":{"caption_text":"Foto - AtWorld \/ FIAerc","source_text":"","source_url":""},"_links":{"self":[{"href":"https:\/\/www.worldrally.eu\/index.php\/wp-json\/wp\/v2\/posts\/1304","targetHints":{"allow":["GET"]}}],"collection":[{"href":"https:\/\/www.worldrally.eu\/index.php\/wp-json\/wp\/v2\/posts"}],"about":[{"href":"https:\/\/www.worldrally.eu\/index.php\/wp-json\/wp\/v2\/types\/post"}],"author":[{"embeddable":true,"href":"https:\/\/www.worldrally.eu\/index.php\/wp-json\/wp\/v2\/users\/2"}],"replies":[{"embeddable":true,"href":"https:\/\/www.worldrally.eu\/index.php\/wp-json\/wp\/v2\/comments?post=1304"}],"version-history":[{"count":1,"href":"https:\/\/www.worldrally.eu\/index.php\/wp-json\/wp\/v2\/posts\/1304\/revisions"}],"predecessor-version":[{"id":1307,"href":"https:\/\/www.worldrally.eu\/index.php\/wp-json\/wp\/v2\/posts\/1304\/revisions\/1307"}],"wp:featuredmedia":[{"embeddable":true,"href":"https:\/\/www.worldrally.eu\/index.php\/wp-json\/wp\/v2\/media\/1305"}],"wp:attachment":[{"href":"https:\/\/www.worldrally.eu\/index.php\/wp-json\/wp\/v2\/media?parent=1304"}],"wp:term":[{"taxonomy":"category","embeddable":true,"href":"https:\/\/www.worldrally.eu\/index.php\/wp-json\/wp\/v2\/categories?post=1304"},{"taxonomy":"post_tag","embeddable":true,"href":"https:\/\/www.worldrally.eu\/index.php\/wp-json\/wp\/v2\/tags?post=1304"}],"curies":[{"name":"wp","href":"https:\/\/api.w.org\/{rel}","templated":true}]}}