{"id":1232,"date":"2023-04-23T12:18:30","date_gmt":"2023-04-23T12:18:30","guid":{"rendered":"https:\/\/www.worldrally.eu\/?p=1232"},"modified":"2023-04-23T12:18:30","modified_gmt":"2023-04-23T12:18:30","slug":"rossel-zwycieza-rajd-chorwcaji-w-wrc2","status":"publish","type":"post","link":"https:\/\/www.worldrally.eu\/index.php\/2023\/04\/23\/rossel-zwycieza-rajd-chorwcaji-w-wrc2\/","title":{"rendered":"Rossel zwyci\u0119\u017ca Rajd Chorwcaji w WRC2"},"content":{"rendered":"\n<p class=\"wp-block-paragraph\">Yohan Rossel jad\u0105cy Citroenem C3 Rally2 uzyska\u0142 prowadzenie ju\u017c na pierwszym odcinku specjalnym i nie odda\u0142 prowadzenia przez kolejne dwadzie\u015bcia odcink\u00f3w tym samym wygrywaj\u0105c w Rajdzie Chorwacji. Drygi w klasyfikacji generalnej uplasowa\u0142 si\u0119 Nikolay Gryazin w Skodzie Fabia RS Rally2 trac\u0105c do lidera 16,1 sekundy. Najni\u017csze miejsce na podium wywalczy\u0142 Emil Lindholm tak\u017ce jad\u0105cy autem Skoda Fabia RS Rally2.<\/p>\n\n\n\n<figure class=\"wp-block-image size-large\"><img fetchpriority=\"high\" decoding=\"async\" width=\"1024\" height=\"682\" src=\"https:\/\/www.worldrally.eu\/wp-content\/uploads\/2023\/04\/Gryazin2-1024x682.jpg\" alt=\"\" class=\"wp-image-1234\" srcset=\"https:\/\/www.worldrally.eu\/wp-content\/uploads\/2023\/04\/Gryazin2-1024x682.jpg 1024w, https:\/\/www.worldrally.eu\/wp-content\/uploads\/2023\/04\/Gryazin2-300x200.jpg 300w, https:\/\/www.worldrally.eu\/wp-content\/uploads\/2023\/04\/Gryazin2-768x511.jpg 768w, https:\/\/www.worldrally.eu\/wp-content\/uploads\/2023\/04\/Gryazin2-446x297.jpg 446w, https:\/\/www.worldrally.eu\/wp-content\/uploads\/2023\/04\/Gryazin2.jpg 1440w\" sizes=\"(max-width: 1024px) 100vw, 1024px\" \/><figcaption class=\"wp-element-caption\">Foto &#8211; Gryazin FB<\/figcaption><\/figure>\n\n\n\n<blockquote class=\"wp-block-quote is-layout-flow wp-block-quote-is-layout-flow\">\n<p class=\"wp-block-paragraph\">Dobry wynik po wszystkich przygodach jakie mieli\u015bmy w tym rajdzie. Mo\u017ce w niekt\u00f3rych miejscach pr\u00f3bowa\u0142em za bardzo i tak wysoko skoczyli\u015bmy! Czas nie jest tak dobry, jak chcia\u0142em, ale to by\u0142 naprawd\u0119 trudny etap<\/p>\n<cite>powiedzia\u0142 Gryazin<\/cite><\/blockquote>\n\n\n\n<figure class=\"wp-block-image size-large\"><img decoding=\"async\" width=\"1024\" height=\"683\" src=\"https:\/\/www.worldrally.eu\/wp-content\/uploads\/2023\/04\/emil2-1024x683.jpg\" alt=\"\" class=\"wp-image-1235\" srcset=\"https:\/\/www.worldrally.eu\/wp-content\/uploads\/2023\/04\/emil2-1024x683.jpg 1024w, https:\/\/www.worldrally.eu\/wp-content\/uploads\/2023\/04\/emil2-300x200.jpg 300w, https:\/\/www.worldrally.eu\/wp-content\/uploads\/2023\/04\/emil2-768x512.jpg 768w, https:\/\/www.worldrally.eu\/wp-content\/uploads\/2023\/04\/emil2-1536x1024.jpg 1536w, https:\/\/www.worldrally.eu\/wp-content\/uploads\/2023\/04\/emil2-446x297.jpg 446w, https:\/\/www.worldrally.eu\/wp-content\/uploads\/2023\/04\/emil2.jpg 2048w\" sizes=\"(max-width: 1024px) 100vw, 1024px\" \/><figcaption class=\"wp-element-caption\">Foto &#8211; Lindholm FB<\/figcaption><\/figure>\n\n\n\n<blockquote class=\"wp-block-quote is-layout-flow wp-block-quote-is-layout-flow\">\n<p class=\"wp-block-paragraph\">To dobre punkty. Po pi\u0105tku nie spodziewa\u0142em si\u0119, \u017ce b\u0119d\u0119 trzeci w punktacji, wi\u0119c mo\u017cemy by\u0107 z tego powodu szcz\u0119\u015bliwi. Starali\u015bmy si\u0119 cieszy\u0107 i walczyli\u015bmy do ko\u0144ca, ale na tym etapie interkom nie dzia\u0142a\u0142, wi\u0119c Reeta do\u015b\u0107 g\u0142o\u015bno krzycza\u0142!<\/p>\n<cite>powiedzia\u0142 Lindholm<\/cite><\/blockquote>\n\n\n\n<p class=\"wp-block-paragraph\">Adrien Fourmaux w Fordzie Fiesta Rally2 uko\u0144czy\u0142 Rajd Chorwacji na czwartej pozycji wyprzedzaj\u0105c niewiele Sami Pajari<\/p>\n\n\n\n<figure class=\"wp-block-image size-large\"><img decoding=\"async\" width=\"1024\" height=\"816\" src=\"https:\/\/www.worldrally.eu\/wp-content\/uploads\/2023\/04\/fourmaux-1024x816.jpg\" alt=\"\" class=\"wp-image-1236\" srcset=\"https:\/\/www.worldrally.eu\/wp-content\/uploads\/2023\/04\/fourmaux-1024x816.jpg 1024w, https:\/\/www.worldrally.eu\/wp-content\/uploads\/2023\/04\/fourmaux-300x239.jpg 300w, https:\/\/www.worldrally.eu\/wp-content\/uploads\/2023\/04\/fourmaux-768x612.jpg 768w, https:\/\/www.worldrally.eu\/wp-content\/uploads\/2023\/04\/fourmaux-1536x1224.jpg 1536w, https:\/\/www.worldrally.eu\/wp-content\/uploads\/2023\/04\/fourmaux.jpg 2048w\" sizes=\"(max-width: 1024px) 100vw, 1024px\" \/><figcaption class=\"wp-element-caption\">Foto &#8211; Fourmaux FB<\/figcaption><\/figure>\n\n\n\n<blockquote class=\"wp-block-quote is-layout-flow wp-block-quote-is-layout-flow\">\n<p class=\"wp-block-paragraph\">Jestem bardzo zadowolony z osi\u0105g\u00f3w samochodu w ten weekend. Poprawili\u015bmy samoch\u00f3d i by\u0142o znacznie lepiej przez ostatnie dwa dni. Dobrze mi jecha\u0107 w takim tempie na asfalcie, poniewa\u017c w zesz\u0142ym roku by\u0142o troch\u0119 trudno<\/p>\n<cite>wyja\u015bni\u0142 Fourmaux<\/cite><\/blockquote>\n\n\n\n<figure class=\"wp-block-image size-large\"><img loading=\"lazy\" decoding=\"async\" width=\"1024\" height=\"683\" src=\"https:\/\/www.worldrally.eu\/wp-content\/uploads\/2023\/04\/pajari-1024x683.jpg\" alt=\"\" class=\"wp-image-1237\" srcset=\"https:\/\/www.worldrally.eu\/wp-content\/uploads\/2023\/04\/pajari-1024x683.jpg 1024w, https:\/\/www.worldrally.eu\/wp-content\/uploads\/2023\/04\/pajari-300x200.jpg 300w, https:\/\/www.worldrally.eu\/wp-content\/uploads\/2023\/04\/pajari-768x512.jpg 768w, https:\/\/www.worldrally.eu\/wp-content\/uploads\/2023\/04\/pajari-1536x1024.jpg 1536w, https:\/\/www.worldrally.eu\/wp-content\/uploads\/2023\/04\/pajari-446x297.jpg 446w, https:\/\/www.worldrally.eu\/wp-content\/uploads\/2023\/04\/pajari.jpg 2048w\" sizes=\"(max-width: 1024px) 100vw, 1024px\" \/><figcaption class=\"wp-element-caption\">Foto &#8211; Pajari FB<\/figcaption><\/figure>\n\n\n\n<blockquote class=\"wp-block-quote is-layout-flow wp-block-quote-is-layout-flow\">\n<p class=\"wp-block-paragraph\">To by\u0142o do\u015b\u0107 trudne. Pr\u00f3bowa\u0142em to popchn\u0105\u0107, ale kiedy nie wiesz dok\u0142adnie, gdzie jest \u017cwir i b\u0142oto, nie jest to takie proste<\/p>\n<\/blockquote>\n","protected":false},"excerpt":{"rendered":"<p>Yohan Rossel jad\u0105cy Citroenem C3 Rally2 uzyska\u0142 prowadzenie ju\u017c na pierwszym odcinku specjalnym i nie odda\u0142 prowadzenia przez kolejne dwadzie\u015bcia odcink\u00f3w tym samym wygrywaj\u0105c w Rajdzie Chorwacji. Drygi w klasyfikacji generalnej uplasowa\u0142 si\u0119 Nikolay Gryazin w Skodzie Fabia RS Rally2 trac\u0105c do lidera 16,1 sekundy. Najni\u017csze miejsce na podium wywalczy\u0142 Emil Lindholm tak\u017ce jad\u0105cy autem [&hellip;]<\/p>\n","protected":false},"author":1,"featured_media":1233,"comment_status":"closed","ping_status":"closed","sticky":false,"template":"","format":"standard","meta":{"_monsterinsights_skip_tracking":false,"_monsterinsights_sitenote_active":false,"_monsterinsights_sitenote_note":"","_monsterinsights_sitenote_category":0,"footnotes":""},"categories":[3],"tags":[],"class_list":["post-1232","post","type-post","status-publish","format-standard","has-post-thumbnail","hentry","category-wrc"],"aioseo_notices":[],"aioseo_head":"\n\t\t<!-- All in One SEO 4.9.9 - aioseo.com -->\n\t<meta name=\"description\" content=\"Yohan Rossel jad\u0105cy Citroenem C3 Rally2 uzyska\u0142 prowadzenie ju\u017c na pierwszym odcinku specjalnym i nie odda\u0142 prowadzenia przez kolejne dwadzie\u015bcia odcink\u00f3w tym samym wygrywaj\u0105c w Rajdzie Chorwacji. Drygi w klasyfikacji generalnej uplasowa\u0142 si\u0119 Nikolay Gryazin w Skodzie Fabia RS Rally2 trac\u0105c do lidera 16,1 sekundy. Najni\u017csze miejsce na podium wywalczy\u0142 Emil Lindholm tak\u017ce jad\u0105cy autem\" \/>\n\t<meta name=\"robots\" content=\"max-image-preview:large\" \/>\n\t<meta name=\"author\" content=\"Junior\"\/>\n\t<link rel=\"canonical\" href=\"https:\/\/www.worldrally.eu\/index.php\/2023\/04\/23\/rossel-zwycieza-rajd-chorwcaji-w-wrc2\/\" \/>\n\t<meta name=\"generator\" content=\"All in One SEO (AIOSEO) 4.9.9\" \/>\n\t\t<meta property=\"og:locale\" content=\"en_GB\" \/>\n\t\t<meta property=\"og:site_name\" content=\"WorldRally.eu \u00bb\" \/>\n\t\t<meta property=\"og:type\" content=\"article\" \/>\n\t\t<meta property=\"og:title\" content=\"Rossel zwyci\u0119\u017ca Rajd Chorwcaji w WRC2 \u00bb WorldRally.eu\" \/>\n\t\t<meta property=\"og:description\" content=\"Yohan Rossel jad\u0105cy Citroenem C3 Rally2 uzyska\u0142 prowadzenie ju\u017c na pierwszym odcinku specjalnym i nie odda\u0142 prowadzenia przez kolejne dwadzie\u015bcia odcink\u00f3w tym samym wygrywaj\u0105c w Rajdzie Chorwacji. Drygi w klasyfikacji generalnej uplasowa\u0142 si\u0119 Nikolay Gryazin w Skodzie Fabia RS Rally2 trac\u0105c do lidera 16,1 sekundy. Najni\u017csze miejsce na podium wywalczy\u0142 Emil Lindholm tak\u017ce jad\u0105cy autem\" \/>\n\t\t<meta property=\"og:url\" content=\"https:\/\/www.worldrally.eu\/index.php\/2023\/04\/23\/rossel-zwycieza-rajd-chorwcaji-w-wrc2\/\" \/>\n\t\t<meta property=\"og:image\" content=\"https:\/\/www.worldrally.eu\/wp-content\/uploads\/2023\/04\/rossel1.jpg\" \/>\n\t\t<meta property=\"og:image:secure_url\" content=\"https:\/\/www.worldrally.eu\/wp-content\/uploads\/2023\/04\/rossel1.jpg\" \/>\n\t\t<meta property=\"og:image:width\" content=\"2048\" \/>\n\t\t<meta property=\"og:image:height\" content=\"1365\" \/>\n\t\t<meta property=\"article:published_time\" content=\"2023-04-23T12:18:30+00:00\" \/>\n\t\t<meta property=\"article:modified_time\" content=\"2023-04-23T12:18:30+00:00\" \/>\n\t\t<meta name=\"twitter:card\" content=\"summary_large_image\" \/>\n\t\t<meta name=\"twitter:title\" content=\"Rossel zwyci\u0119\u017ca Rajd Chorwcaji w WRC2 \u00bb WorldRally.eu\" \/>\n\t\t<meta name=\"twitter:description\" content=\"Yohan Rossel jad\u0105cy Citroenem C3 Rally2 uzyska\u0142 prowadzenie ju\u017c na pierwszym odcinku specjalnym i nie odda\u0142 prowadzenia przez kolejne dwadzie\u015bcia odcink\u00f3w tym samym wygrywaj\u0105c w Rajdzie Chorwacji. Drygi w klasyfikacji generalnej uplasowa\u0142 si\u0119 Nikolay Gryazin w Skodzie Fabia RS Rally2 trac\u0105c do lidera 16,1 sekundy. Najni\u017csze miejsce na podium wywalczy\u0142 Emil Lindholm tak\u017ce jad\u0105cy autem\" \/>\n\t\t<meta name=\"twitter:image\" content=\"https:\/\/www.worldrally.eu\/wp-content\/uploads\/2023\/04\/rossel1.jpg\" \/>\n\t\t<script type=\"application\/ld+json\" class=\"aioseo-schema\">\n\t\t\t{\"@context\":\"https:\\\/\\\/schema.org\",\"@graph\":[{\"@type\":\"BlogPosting\",\"@id\":\"https:\\\/\\\/www.worldrally.eu\\\/index.php\\\/2023\\\/04\\\/23\\\/rossel-zwycieza-rajd-chorwcaji-w-wrc2\\\/#blogposting\",\"name\":\"Rossel zwyci\\u0119\\u017ca Rajd Chorwcaji w WRC2 \\u00bb WorldRally.eu\",\"headline\":\"Rossel zwyci\\u0119\\u017ca Rajd Chorwcaji w WRC2\",\"author\":{\"@id\":\"https:\\\/\\\/www.worldrally.eu\\\/index.php\\\/author\\\/admin\\\/#author\"},\"publisher\":{\"@id\":\"https:\\\/\\\/www.worldrally.eu\\\/#organization\"},\"image\":{\"@type\":\"ImageObject\",\"url\":\"https:\\\/\\\/www.worldrally.eu\\\/wp-content\\\/uploads\\\/2023\\\/04\\\/rossel1.jpg\",\"width\":2048,\"height\":1365},\"datePublished\":\"2023-04-23T12:18:30+00:00\",\"dateModified\":\"2023-04-23T12:18:30+00:00\",\"inLanguage\":\"en-GB\",\"mainEntityOfPage\":{\"@id\":\"https:\\\/\\\/www.worldrally.eu\\\/index.php\\\/2023\\\/04\\\/23\\\/rossel-zwycieza-rajd-chorwcaji-w-wrc2\\\/#webpage\"},\"isPartOf\":{\"@id\":\"https:\\\/\\\/www.worldrally.eu\\\/index.php\\\/2023\\\/04\\\/23\\\/rossel-zwycieza-rajd-chorwcaji-w-wrc2\\\/#webpage\"},\"articleSection\":\"WRC\"},{\"@type\":\"BreadcrumbList\",\"@id\":\"https:\\\/\\\/www.worldrally.eu\\\/index.php\\\/2023\\\/04\\\/23\\\/rossel-zwycieza-rajd-chorwcaji-w-wrc2\\\/#breadcrumblist\",\"itemListElement\":[{\"@type\":\"ListItem\",\"@id\":\"https:\\\/\\\/www.worldrally.eu#listItem\",\"position\":1,\"name\":\"Home\",\"item\":\"https:\\\/\\\/www.worldrally.eu\",\"nextItem\":{\"@type\":\"ListItem\",\"@id\":\"https:\\\/\\\/www.worldrally.eu\\\/index.php\\\/category\\\/wrc\\\/#listItem\",\"name\":\"WRC\"}},{\"@type\":\"ListItem\",\"@id\":\"https:\\\/\\\/www.worldrally.eu\\\/index.php\\\/category\\\/wrc\\\/#listItem\",\"position\":2,\"name\":\"WRC\",\"item\":\"https:\\\/\\\/www.worldrally.eu\\\/index.php\\\/category\\\/wrc\\\/\",\"nextItem\":{\"@type\":\"ListItem\",\"@id\":\"https:\\\/\\\/www.worldrally.eu\\\/index.php\\\/2023\\\/04\\\/23\\\/rossel-zwycieza-rajd-chorwcaji-w-wrc2\\\/#listItem\",\"name\":\"Rossel zwyci\\u0119\\u017ca Rajd Chorwcaji w WRC2\"},\"previousItem\":{\"@type\":\"ListItem\",\"@id\":\"https:\\\/\\\/www.worldrally.eu#listItem\",\"name\":\"Home\"}},{\"@type\":\"ListItem\",\"@id\":\"https:\\\/\\\/www.worldrally.eu\\\/index.php\\\/2023\\\/04\\\/23\\\/rossel-zwycieza-rajd-chorwcaji-w-wrc2\\\/#listItem\",\"position\":3,\"name\":\"Rossel zwyci\\u0119\\u017ca Rajd Chorwcaji w WRC2\",\"previousItem\":{\"@type\":\"ListItem\",\"@id\":\"https:\\\/\\\/www.worldrally.eu\\\/index.php\\\/category\\\/wrc\\\/#listItem\",\"name\":\"WRC\"}}]},{\"@type\":\"Organization\",\"@id\":\"https:\\\/\\\/www.worldrally.eu\\\/#organization\",\"name\":\"WorldRally.eu\",\"url\":\"https:\\\/\\\/www.worldrally.eu\\\/\",\"logo\":{\"@type\":\"ImageObject\",\"url\":\"https:\\\/\\\/www.worldrally.eu\\\/wp-content\\\/uploads\\\/2026\\\/01\\\/cropped-logo-3.png\",\"@id\":\"https:\\\/\\\/www.worldrally.eu\\\/index.php\\\/2023\\\/04\\\/23\\\/rossel-zwycieza-rajd-chorwcaji-w-wrc2\\\/#organizationLogo\",\"width\":2039,\"height\":756},\"image\":{\"@id\":\"https:\\\/\\\/www.worldrally.eu\\\/index.php\\\/2023\\\/04\\\/23\\\/rossel-zwycieza-rajd-chorwcaji-w-wrc2\\\/#organizationLogo\"}},{\"@type\":\"Person\",\"@id\":\"https:\\\/\\\/www.worldrally.eu\\\/index.php\\\/author\\\/admin\\\/#author\",\"url\":\"https:\\\/\\\/www.worldrally.eu\\\/index.php\\\/author\\\/admin\\\/\",\"name\":\"Junior\",\"image\":{\"@type\":\"ImageObject\",\"@id\":\"https:\\\/\\\/www.worldrally.eu\\\/index.php\\\/2023\\\/04\\\/23\\\/rossel-zwycieza-rajd-chorwcaji-w-wrc2\\\/#authorImage\",\"url\":\"https:\\\/\\\/secure.gravatar.com\\\/avatar\\\/5bd369ac0447285dc20b588693ca1756d0179a7f957258050a42a968bf3b9d0a?s=96&d=mm&r=g\",\"width\":96,\"height\":96,\"caption\":\"Junior\"}},{\"@type\":\"WebPage\",\"@id\":\"https:\\\/\\\/www.worldrally.eu\\\/index.php\\\/2023\\\/04\\\/23\\\/rossel-zwycieza-rajd-chorwcaji-w-wrc2\\\/#webpage\",\"url\":\"https:\\\/\\\/www.worldrally.eu\\\/index.php\\\/2023\\\/04\\\/23\\\/rossel-zwycieza-rajd-chorwcaji-w-wrc2\\\/\",\"name\":\"Rossel zwyci\\u0119\\u017ca Rajd Chorwcaji w WRC2 \\u00bb WorldRally.eu\",\"description\":\"Yohan Rossel jad\\u0105cy Citroenem C3 Rally2 uzyska\\u0142 prowadzenie ju\\u017c na pierwszym odcinku specjalnym i nie odda\\u0142 prowadzenia przez kolejne dwadzie\\u015bcia odcink\\u00f3w tym samym wygrywaj\\u0105c w Rajdzie Chorwacji. Drygi w klasyfikacji generalnej uplasowa\\u0142 si\\u0119 Nikolay Gryazin w Skodzie Fabia RS Rally2 trac\\u0105c do lidera 16,1 sekundy. Najni\\u017csze miejsce na podium wywalczy\\u0142 Emil Lindholm tak\\u017ce jad\\u0105cy autem\",\"inLanguage\":\"en-GB\",\"isPartOf\":{\"@id\":\"https:\\\/\\\/www.worldrally.eu\\\/#website\"},\"breadcrumb\":{\"@id\":\"https:\\\/\\\/www.worldrally.eu\\\/index.php\\\/2023\\\/04\\\/23\\\/rossel-zwycieza-rajd-chorwcaji-w-wrc2\\\/#breadcrumblist\"},\"author\":{\"@id\":\"https:\\\/\\\/www.worldrally.eu\\\/index.php\\\/author\\\/admin\\\/#author\"},\"creator\":{\"@id\":\"https:\\\/\\\/www.worldrally.eu\\\/index.php\\\/author\\\/admin\\\/#author\"},\"image\":{\"@type\":\"ImageObject\",\"url\":\"https:\\\/\\\/www.worldrally.eu\\\/wp-content\\\/uploads\\\/2023\\\/04\\\/rossel1.jpg\",\"@id\":\"https:\\\/\\\/www.worldrally.eu\\\/index.php\\\/2023\\\/04\\\/23\\\/rossel-zwycieza-rajd-chorwcaji-w-wrc2\\\/#mainImage\",\"width\":2048,\"height\":1365},\"primaryImageOfPage\":{\"@id\":\"https:\\\/\\\/www.worldrally.eu\\\/index.php\\\/2023\\\/04\\\/23\\\/rossel-zwycieza-rajd-chorwcaji-w-wrc2\\\/#mainImage\"},\"datePublished\":\"2023-04-23T12:18:30+00:00\",\"dateModified\":\"2023-04-23T12:18:30+00:00\"},{\"@type\":\"WebSite\",\"@id\":\"https:\\\/\\\/www.worldrally.eu\\\/#website\",\"url\":\"https:\\\/\\\/www.worldrally.eu\\\/\",\"name\":\"WorldRally.eu\",\"inLanguage\":\"en-GB\",\"publisher\":{\"@id\":\"https:\\\/\\\/www.worldrally.eu\\\/#organization\"}}]}\n\t\t<\/script>\n\t\t<!-- All in One SEO -->\n\n","aioseo_head_json":{"title":"Rossel zwyci\u0119\u017ca Rajd Chorwcaji w WRC2 \u00bb WorldRally.eu","description":"Yohan Rossel jad\u0105cy Citroenem C3 Rally2 uzyska\u0142 prowadzenie ju\u017c na pierwszym odcinku specjalnym i nie odda\u0142 prowadzenia przez kolejne dwadzie\u015bcia odcink\u00f3w tym samym wygrywaj\u0105c w Rajdzie Chorwacji. Drygi w klasyfikacji generalnej uplasowa\u0142 si\u0119 Nikolay Gryazin w Skodzie Fabia RS Rally2 trac\u0105c do lidera 16,1 sekundy. Najni\u017csze miejsce na podium wywalczy\u0142 Emil Lindholm tak\u017ce jad\u0105cy autem","canonical_url":"https:\/\/www.worldrally.eu\/index.php\/2023\/04\/23\/rossel-zwycieza-rajd-chorwcaji-w-wrc2\/","robots":"max-image-preview:large","keywords":"","webmasterTools":{"miscellaneous":""},"schema":{"@context":"https:\/\/schema.org","@graph":[{"@type":"BlogPosting","@id":"https:\/\/www.worldrally.eu\/index.php\/2023\/04\/23\/rossel-zwycieza-rajd-chorwcaji-w-wrc2\/#blogposting","name":"Rossel zwyci\u0119\u017ca Rajd Chorwcaji w WRC2 \u00bb WorldRally.eu","headline":"Rossel zwyci\u0119\u017ca Rajd Chorwcaji w WRC2","author":{"@id":"https:\/\/www.worldrally.eu\/index.php\/author\/admin\/#author"},"publisher":{"@id":"https:\/\/www.worldrally.eu\/#organization"},"image":{"@type":"ImageObject","url":"https:\/\/www.worldrally.eu\/wp-content\/uploads\/2023\/04\/rossel1.jpg","width":2048,"height":1365},"datePublished":"2023-04-23T12:18:30+00:00","dateModified":"2023-04-23T12:18:30+00:00","inLanguage":"en-GB","mainEntityOfPage":{"@id":"https:\/\/www.worldrally.eu\/index.php\/2023\/04\/23\/rossel-zwycieza-rajd-chorwcaji-w-wrc2\/#webpage"},"isPartOf":{"@id":"https:\/\/www.worldrally.eu\/index.php\/2023\/04\/23\/rossel-zwycieza-rajd-chorwcaji-w-wrc2\/#webpage"},"articleSection":"WRC"},{"@type":"BreadcrumbList","@id":"https:\/\/www.worldrally.eu\/index.php\/2023\/04\/23\/rossel-zwycieza-rajd-chorwcaji-w-wrc2\/#breadcrumblist","itemListElement":[{"@type":"ListItem","@id":"https:\/\/www.worldrally.eu#listItem","position":1,"name":"Home","item":"https:\/\/www.worldrally.eu","nextItem":{"@type":"ListItem","@id":"https:\/\/www.worldrally.eu\/index.php\/category\/wrc\/#listItem","name":"WRC"}},{"@type":"ListItem","@id":"https:\/\/www.worldrally.eu\/index.php\/category\/wrc\/#listItem","position":2,"name":"WRC","item":"https:\/\/www.worldrally.eu\/index.php\/category\/wrc\/","nextItem":{"@type":"ListItem","@id":"https:\/\/www.worldrally.eu\/index.php\/2023\/04\/23\/rossel-zwycieza-rajd-chorwcaji-w-wrc2\/#listItem","name":"Rossel zwyci\u0119\u017ca Rajd Chorwcaji w WRC2"},"previousItem":{"@type":"ListItem","@id":"https:\/\/www.worldrally.eu#listItem","name":"Home"}},{"@type":"ListItem","@id":"https:\/\/www.worldrally.eu\/index.php\/2023\/04\/23\/rossel-zwycieza-rajd-chorwcaji-w-wrc2\/#listItem","position":3,"name":"Rossel zwyci\u0119\u017ca Rajd Chorwcaji w WRC2","previousItem":{"@type":"ListItem","@id":"https:\/\/www.worldrally.eu\/index.php\/category\/wrc\/#listItem","name":"WRC"}}]},{"@type":"Organization","@id":"https:\/\/www.worldrally.eu\/#organization","name":"WorldRally.eu","url":"https:\/\/www.worldrally.eu\/","logo":{"@type":"ImageObject","url":"https:\/\/www.worldrally.eu\/wp-content\/uploads\/2026\/01\/cropped-logo-3.png","@id":"https:\/\/www.worldrally.eu\/index.php\/2023\/04\/23\/rossel-zwycieza-rajd-chorwcaji-w-wrc2\/#organizationLogo","width":2039,"height":756},"image":{"@id":"https:\/\/www.worldrally.eu\/index.php\/2023\/04\/23\/rossel-zwycieza-rajd-chorwcaji-w-wrc2\/#organizationLogo"}},{"@type":"Person","@id":"https:\/\/www.worldrally.eu\/index.php\/author\/admin\/#author","url":"https:\/\/www.worldrally.eu\/index.php\/author\/admin\/","name":"Junior","image":{"@type":"ImageObject","@id":"https:\/\/www.worldrally.eu\/index.php\/2023\/04\/23\/rossel-zwycieza-rajd-chorwcaji-w-wrc2\/#authorImage","url":"https:\/\/secure.gravatar.com\/avatar\/5bd369ac0447285dc20b588693ca1756d0179a7f957258050a42a968bf3b9d0a?s=96&d=mm&r=g","width":96,"height":96,"caption":"Junior"}},{"@type":"WebPage","@id":"https:\/\/www.worldrally.eu\/index.php\/2023\/04\/23\/rossel-zwycieza-rajd-chorwcaji-w-wrc2\/#webpage","url":"https:\/\/www.worldrally.eu\/index.php\/2023\/04\/23\/rossel-zwycieza-rajd-chorwcaji-w-wrc2\/","name":"Rossel zwyci\u0119\u017ca Rajd Chorwcaji w WRC2 \u00bb WorldRally.eu","description":"Yohan Rossel jad\u0105cy Citroenem C3 Rally2 uzyska\u0142 prowadzenie ju\u017c na pierwszym odcinku specjalnym i nie odda\u0142 prowadzenia przez kolejne dwadzie\u015bcia odcink\u00f3w tym samym wygrywaj\u0105c w Rajdzie Chorwacji. Drygi w klasyfikacji generalnej uplasowa\u0142 si\u0119 Nikolay Gryazin w Skodzie Fabia RS Rally2 trac\u0105c do lidera 16,1 sekundy. Najni\u017csze miejsce na podium wywalczy\u0142 Emil Lindholm tak\u017ce jad\u0105cy autem","inLanguage":"en-GB","isPartOf":{"@id":"https:\/\/www.worldrally.eu\/#website"},"breadcrumb":{"@id":"https:\/\/www.worldrally.eu\/index.php\/2023\/04\/23\/rossel-zwycieza-rajd-chorwcaji-w-wrc2\/#breadcrumblist"},"author":{"@id":"https:\/\/www.worldrally.eu\/index.php\/author\/admin\/#author"},"creator":{"@id":"https:\/\/www.worldrally.eu\/index.php\/author\/admin\/#author"},"image":{"@type":"ImageObject","url":"https:\/\/www.worldrally.eu\/wp-content\/uploads\/2023\/04\/rossel1.jpg","@id":"https:\/\/www.worldrally.eu\/index.php\/2023\/04\/23\/rossel-zwycieza-rajd-chorwcaji-w-wrc2\/#mainImage","width":2048,"height":1365},"primaryImageOfPage":{"@id":"https:\/\/www.worldrally.eu\/index.php\/2023\/04\/23\/rossel-zwycieza-rajd-chorwcaji-w-wrc2\/#mainImage"},"datePublished":"2023-04-23T12:18:30+00:00","dateModified":"2023-04-23T12:18:30+00:00"},{"@type":"WebSite","@id":"https:\/\/www.worldrally.eu\/#website","url":"https:\/\/www.worldrally.eu\/","name":"WorldRally.eu","inLanguage":"en-GB","publisher":{"@id":"https:\/\/www.worldrally.eu\/#organization"}}]},"og:locale":"en_GB","og:site_name":"WorldRally.eu \u00bb","og:type":"article","og:title":"Rossel zwyci\u0119\u017ca Rajd Chorwcaji w WRC2 \u00bb WorldRally.eu","og:description":"Yohan Rossel jad\u0105cy Citroenem C3 Rally2 uzyska\u0142 prowadzenie ju\u017c na pierwszym odcinku specjalnym i nie odda\u0142 prowadzenia przez kolejne dwadzie\u015bcia odcink\u00f3w tym samym wygrywaj\u0105c w Rajdzie Chorwacji. Drygi w klasyfikacji generalnej uplasowa\u0142 si\u0119 Nikolay Gryazin w Skodzie Fabia RS Rally2 trac\u0105c do lidera 16,1 sekundy. Najni\u017csze miejsce na podium wywalczy\u0142 Emil Lindholm tak\u017ce jad\u0105cy autem","og:url":"https:\/\/www.worldrally.eu\/index.php\/2023\/04\/23\/rossel-zwycieza-rajd-chorwcaji-w-wrc2\/","og:image":"https:\/\/www.worldrally.eu\/wp-content\/uploads\/2023\/04\/rossel1.jpg","og:image:secure_url":"https:\/\/www.worldrally.eu\/wp-content\/uploads\/2023\/04\/rossel1.jpg","og:image:width":2048,"og:image:height":1365,"article:published_time":"2023-04-23T12:18:30+00:00","article:modified_time":"2023-04-23T12:18:30+00:00","twitter:card":"summary_large_image","twitter:title":"Rossel zwyci\u0119\u017ca Rajd Chorwcaji w WRC2 \u00bb WorldRally.eu","twitter:description":"Yohan Rossel jad\u0105cy Citroenem C3 Rally2 uzyska\u0142 prowadzenie ju\u017c na pierwszym odcinku specjalnym i nie odda\u0142 prowadzenia przez kolejne dwadzie\u015bcia odcink\u00f3w tym samym wygrywaj\u0105c w Rajdzie Chorwacji. Drygi w klasyfikacji generalnej uplasowa\u0142 si\u0119 Nikolay Gryazin w Skodzie Fabia RS Rally2 trac\u0105c do lidera 16,1 sekundy. Najni\u017csze miejsce na podium wywalczy\u0142 Emil Lindholm tak\u017ce jad\u0105cy autem","twitter:image":"https:\/\/www.worldrally.eu\/wp-content\/uploads\/2023\/04\/rossel1.jpg"},"aioseo_meta_data":{"post_id":"1232","title":null,"description":null,"keywords":null,"keyphrases":null,"primary_term":null,"canonical_url":null,"og_title":null,"og_description":null,"og_object_type":"default","og_image_type":"default","og_image_url":null,"og_image_width":null,"og_image_height":null,"og_image_custom_url":null,"og_image_custom_fields":null,"og_video":null,"og_custom_url":null,"og_article_section":null,"og_article_tags":null,"twitter_use_og":false,"twitter_card":"default","twitter_image_type":"default","twitter_image_url":null,"twitter_image_custom_url":null,"twitter_image_custom_fields":null,"twitter_title":null,"twitter_description":null,"schema":{"blockGraphs":[],"customGraphs":[],"default":{"data":{"Article":[],"Course":[],"Dataset":[],"FAQPage":[],"Movie":[],"Person":[],"Product":[],"ProductReview":[],"Car":[],"Recipe":[],"Service":[],"SoftwareApplication":[],"WebPage":[]},"graphName":"","isEnabled":true},"graphs":[]},"schema_type":"default","schema_type_options":null,"pillar_content":false,"robots_default":true,"robots_noindex":false,"robots_noarchive":false,"robots_nosnippet":false,"robots_nofollow":false,"robots_noimageindex":false,"robots_noodp":false,"robots_notranslate":false,"robots_max_snippet":null,"robots_max_videopreview":null,"robots_max_imagepreview":"large","priority":null,"frequency":null,"local_seo":null,"breadcrumb_settings":null,"limit_modified_date":false,"ai":null,"created":"2025-03-22 06:09:38","updated":"2025-10-26 10:06:19","seo_analyzer_scan_date":null},"aioseo_breadcrumb":"<div class=\"aioseo-breadcrumbs\"><span class=\"aioseo-breadcrumb\">\n\t\t\t<a href=\"https:\/\/www.worldrally.eu\" title=\"Home\">Home<\/a>\n\t\t<\/span><span class=\"aioseo-breadcrumb-separator\">&raquo;<\/span><span class=\"aioseo-breadcrumb\">\n\t\t\t<a href=\"https:\/\/www.worldrally.eu\/index.php\/category\/wrc\/\" title=\"WRC\">WRC<\/a>\n\t\t<\/span><span class=\"aioseo-breadcrumb-separator\">&raquo;<\/span><span class=\"aioseo-breadcrumb\">\n\t\t\tRossel zwyci\u0119\u017ca Rajd Chorwcaji w WRC2\n\t\t<\/span><\/div>","aioseo_breadcrumb_json":[{"label":"Home","link":"https:\/\/www.worldrally.eu"},{"label":"WRC","link":"https:\/\/www.worldrally.eu\/index.php\/category\/wrc\/"},{"label":"Rossel zwyci\u0119\u017ca Rajd Chorwcaji w WRC2","link":"https:\/\/www.worldrally.eu\/index.php\/2023\/04\/23\/rossel-zwycieza-rajd-chorwcaji-w-wrc2\/"}],"cc_featured_image_caption":{"caption_text":"Foto - Rossel FB","source_text":"","source_url":""},"_links":{"self":[{"href":"https:\/\/www.worldrally.eu\/index.php\/wp-json\/wp\/v2\/posts\/1232","targetHints":{"allow":["GET"]}}],"collection":[{"href":"https:\/\/www.worldrally.eu\/index.php\/wp-json\/wp\/v2\/posts"}],"about":[{"href":"https:\/\/www.worldrally.eu\/index.php\/wp-json\/wp\/v2\/types\/post"}],"author":[{"embeddable":true,"href":"https:\/\/www.worldrally.eu\/index.php\/wp-json\/wp\/v2\/users\/1"}],"replies":[{"embeddable":true,"href":"https:\/\/www.worldrally.eu\/index.php\/wp-json\/wp\/v2\/comments?post=1232"}],"version-history":[{"count":1,"href":"https:\/\/www.worldrally.eu\/index.php\/wp-json\/wp\/v2\/posts\/1232\/revisions"}],"predecessor-version":[{"id":1238,"href":"https:\/\/www.worldrally.eu\/index.php\/wp-json\/wp\/v2\/posts\/1232\/revisions\/1238"}],"wp:featuredmedia":[{"embeddable":true,"href":"https:\/\/www.worldrally.eu\/index.php\/wp-json\/wp\/v2\/media\/1233"}],"wp:attachment":[{"href":"https:\/\/www.worldrally.eu\/index.php\/wp-json\/wp\/v2\/media?parent=1232"}],"wp:term":[{"taxonomy":"category","embeddable":true,"href":"https:\/\/www.worldrally.eu\/index.php\/wp-json\/wp\/v2\/categories?post=1232"},{"taxonomy":"post_tag","embeddable":true,"href":"https:\/\/www.worldrally.eu\/index.php\/wp-json\/wp\/v2\/tags?post=1232"}],"curies":[{"name":"wp","href":"https:\/\/api.w.org\/{rel}","templated":true}]}}