{"id":123,"date":"2023-02-06T19:08:56","date_gmt":"2023-02-06T19:08:56","guid":{"rendered":"https:\/\/www.worldrally.eu\/?p=123"},"modified":"2023-02-06T21:23:37","modified_gmt":"2023-02-06T21:23:37","slug":"kierowcy-erc-w-swietnej-zimowej-formie","status":"publish","type":"post","link":"https:\/\/www.worldrally.eu\/index.php\/2023\/02\/06\/kierowcy-erc-w-swietnej-zimowej-formie\/","title":{"rendered":"Kierowcy ERC w \u015bwietnej zimowej formie"},"content":{"rendered":"\n<p class=\"has-medium-font-size\">Za nieco wi\u0119cej ni\u017c miesi\u0105c ob\u0119dzie si\u0119 pierwsza runda Rajdowych Mistrzostw Europy a w miniony weekend wielu kierowc\u00f3w pokaza\u0142o, \u017ce s\u0105 w \u015bwietnej formie startuj\u0105c w zimowych rajdach.<\/p>\n\n\n\n<p class=\"has-medium-font-size\">Na p\u00f3\u0142nocy Szwecji Fredrik \u00c5hlin zaimponowa\u0142 szybko\u015bci\u0105 podczas swojego pierwszego startu od roku 2019 i uko\u0144czy\u0142 Rajd Lima na trzecim miejscu. Ten 31- latek w roku 2018 pokaza\u0142 si\u0119 z bardzo dobrej strony ko\u0144cz\u0105c Rajd Lipaja zdobywaj\u0105c miejsce na podium.<\/p>\n\n\n\n<p class=\"has-medium-font-size\">Denis R\u00e5dstr\u00f6m startuj\u0105cy w ERC Junior uko\u0144czy\u0142 ten sam rajd na czwartym miejscu w swojej grupie.<\/p>\n\n\n\n<figure class=\"wp-block-image size-large\"><img fetchpriority=\"high\" decoding=\"async\" width=\"1024\" height=\"683\" src=\"https:\/\/www.worldrally.eu\/wp-content\/uploads\/2023\/02\/80-1024x683.jpg\" alt=\"\" class=\"wp-image-127\" srcset=\"https:\/\/www.worldrally.eu\/wp-content\/uploads\/2023\/02\/80-1024x683.jpg 1024w, https:\/\/www.worldrally.eu\/wp-content\/uploads\/2023\/02\/80-300x200.jpg 300w, https:\/\/www.worldrally.eu\/wp-content\/uploads\/2023\/02\/80-768x512.jpg 768w, https:\/\/www.worldrally.eu\/wp-content\/uploads\/2023\/02\/80-1536x1024.jpg 1536w, https:\/\/www.worldrally.eu\/wp-content\/uploads\/2023\/02\/80-446x297.jpg 446w, https:\/\/www.worldrally.eu\/wp-content\/uploads\/2023\/02\/80.jpg 1620w\" sizes=\"(max-width: 1024px) 100vw, 1024px\" \/><figcaption class=\"wp-element-caption\">PhotoMS \/ Adam Owczarek<\/figcaption><\/figure>\n\n\n\n<p class=\"has-medium-font-size\">W Irlandii dwukrotny zdobywca podium ERC, Josh Moffett, zaj\u0105\u0142 drugie miejsce w klasyfikacji generalnej mi\u0119dzynarodowego rajdu Corrib Oil Galway.<\/p>\n\n\n\n<p class=\"has-medium-font-size\">W Finlandii Jari Huttunen, dwukrotny zdobywca podium w ERC, odni\u00f3s\u0142 zwyci\u0119stwo na IsoValkeinen SM-Ralli Kuopio.<\/p>\n\n\n\n<p class=\"has-medium-font-size\">Na drugim brzegu Ba\u0142tyku w Estonii Gregor Jeets zaj\u0105\u0142 dobre trzecie miejsce w klasyfikacji generalnej, a Kaspar Kasari stan\u0105\u0142 na podium w swojej klasie i sz\u00f3ste w generalnej.<\/p>\n","protected":false},"excerpt":{"rendered":"<p>Za nieco wi\u0119cej ni\u017c miesi\u0105c ob\u0119dzie si\u0119 pierwsza runda Rajdowych Mistrzostw Europy a w miniony weekend wielu kierowc\u00f3w pokaza\u0142o, \u017ce s\u0105 w \u015bwietnej formie startuj\u0105c w zimowych rajdach. Na p\u00f3\u0142nocy Szwecji Fredrik \u00c5hlin zaimponowa\u0142 szybko\u015bci\u0105 podczas swojego pierwszego startu od roku 2019 i uko\u0144czy\u0142 Rajd Lima na trzecim miejscu. Ten 31- latek w roku 2018 [&hellip;]<\/p>\n","protected":false},"author":1,"featured_media":124,"comment_status":"closed","ping_status":"closed","sticky":false,"template":"","format":"standard","meta":{"footnotes":""},"categories":[4],"tags":[],"class_list":["post-123","post","type-post","status-publish","format-standard","has-post-thumbnail","hentry","category-erc"],"aioseo_notices":[],"cc_featured_image_caption":{"caption_text":"Foto: PhotoMS \/ Adam Owczarek","source_text":"","source_url":""},"_links":{"self":[{"href":"https:\/\/www.worldrally.eu\/index.php\/wp-json\/wp\/v2\/posts\/123","targetHints":{"allow":["GET"]}}],"collection":[{"href":"https:\/\/www.worldrally.eu\/index.php\/wp-json\/wp\/v2\/posts"}],"about":[{"href":"https:\/\/www.worldrally.eu\/index.php\/wp-json\/wp\/v2\/types\/post"}],"author":[{"embeddable":true,"href":"https:\/\/www.worldrally.eu\/index.php\/wp-json\/wp\/v2\/users\/1"}],"replies":[{"embeddable":true,"href":"https:\/\/www.worldrally.eu\/index.php\/wp-json\/wp\/v2\/comments?post=123"}],"version-history":[{"count":5,"href":"https:\/\/www.worldrally.eu\/index.php\/wp-json\/wp\/v2\/posts\/123\/revisions"}],"predecessor-version":[{"id":142,"href":"https:\/\/www.worldrally.eu\/index.php\/wp-json\/wp\/v2\/posts\/123\/revisions\/142"}],"wp:featuredmedia":[{"embeddable":true,"href":"https:\/\/www.worldrally.eu\/index.php\/wp-json\/wp\/v2\/media\/124"}],"wp:attachment":[{"href":"https:\/\/www.worldrally.eu\/index.php\/wp-json\/wp\/v2\/media?parent=123"}],"wp:term":[{"taxonomy":"category","embeddable":true,"href":"https:\/\/www.worldrally.eu\/index.php\/wp-json\/wp\/v2\/categories?post=123"},{"taxonomy":"post_tag","embeddable":true,"href":"https:\/\/www.worldrally.eu\/index.php\/wp-json\/wp\/v2\/tags?post=123"}],"curies":[{"name":"wp","href":"https:\/\/api.w.org\/{rel}","templated":true}]}}