{"id":1218,"date":"2023-04-22T21:56:40","date_gmt":"2023-04-22T21:56:40","guid":{"rendered":"https:\/\/www.worldrally.eu\/?p=1218"},"modified":"2023-04-22T21:56:41","modified_gmt":"2023-04-22T21:56:41","slug":"evans-nie-oddaje-prowadzenia","status":"publish","type":"post","link":"https:\/\/www.worldrally.eu\/index.php\/2023\/04\/22\/evans-nie-oddaje-prowadzenia\/","title":{"rendered":"Evans nie oddaje prowadzenia."},"content":{"rendered":"\n<p class=\"wp-block-paragraph\">Elfyn Evans, mimo Ze nie wygra\u0142 \u017cadnego odcinka specjalnego podczas drugiego etapu wci\u0105\u017c obejmuje prowadzenie w Rajdzie Chorwacji i staje przed wielk\u0105 szansa na d\u0142ugo oczekiwane zwyci\u0119stwo w Rajdowych Mistrzostwach \u015awiata.<\/p>\n\n\n\n<p class=\"wp-block-paragraph\">Kierowca Toyota Gazoo Racing wykorzysta\u0142 swoj\u0105 szans\u0119 po tym jak Neuville w porannej p\u0119tli uszkodzi\u0142 ko\u0142o uderzaj\u0105c w betonow\u0105 studzienk\u0119 tym samym ko\u0144cz\u0105c swoje rywalizacj\u0119 o podium.<\/p>\n\n\n\n<blockquote class=\"wp-block-quote is-layout-flow wp-block-quote-is-layout-flow\">\n<p class=\"wp-block-paragraph\">Nie mog\u0119 powiedzie\u0107, \u017ce jestem zadowolony. Nie by\u0142em zadowolony ze sposobu, w jaki tam pojecha\u0142em i gdyby Ott mia\u0142 problemy, nie \u017cyczy\u0142bym mu tego. Nie\u0142adnie jest wykorzystywa\u0107 tak\u0105 luk\u0119, ale przed nami jeszcze d\u0142uga droga<\/p>\n<cite>powiedzia\u0142 Evans<\/cite><\/blockquote>\n\n\n\n<figure class=\"wp-block-image size-large\"><img fetchpriority=\"high\" decoding=\"async\" width=\"1024\" height=\"683\" src=\"https:\/\/www.worldrally.eu\/wp-content\/uploads\/2023\/04\/342346880_3542631299319773_1911943825646834166_n-1024x683.jpg\" alt=\"\" class=\"wp-image-1220\" srcset=\"https:\/\/www.worldrally.eu\/wp-content\/uploads\/2023\/04\/342346880_3542631299319773_1911943825646834166_n-1024x683.jpg 1024w, https:\/\/www.worldrally.eu\/wp-content\/uploads\/2023\/04\/342346880_3542631299319773_1911943825646834166_n-300x200.jpg 300w, https:\/\/www.worldrally.eu\/wp-content\/uploads\/2023\/04\/342346880_3542631299319773_1911943825646834166_n-768x512.jpg 768w, https:\/\/www.worldrally.eu\/wp-content\/uploads\/2023\/04\/342346880_3542631299319773_1911943825646834166_n-1536x1025.jpg 1536w, https:\/\/www.worldrally.eu\/wp-content\/uploads\/2023\/04\/342346880_3542631299319773_1911943825646834166_n-446x297.jpg 446w, https:\/\/www.worldrally.eu\/wp-content\/uploads\/2023\/04\/342346880_3542631299319773_1911943825646834166_n.jpg 2048w\" sizes=\"(max-width: 1024px) 100vw, 1024px\" \/><figcaption class=\"wp-element-caption\">2023 FIA World Rally Championship \/ Round 04 \/ Rally Croatia \/ 20-23 April, 2023 \/\/ Worldwide Copyright: Toyota Gazoo Racing WRT<\/figcaption><\/figure>\n\n\n\n<p class=\"wp-block-paragraph\">Ott T\u00e4nak naciska na Walijczyka i w drugiej po\u0142owie popo\u0142udniowej p\u0119tli uda\u0142o mu si\u0119 zminimalizowa\u0107 strat\u0119 o po\u0142ow\u0119, jednak\u017ce na dwa oesy przed ko\u0144cem dnia drobna usterka techniczna kosztowa\u0142 go cenne sekundy i na koniec dnia traci on do lidera sekundy. <\/p>\n\n\n\n<blockquote class=\"wp-block-quote is-layout-flow wp-block-quote-is-layout-flow\">\n<p class=\"wp-block-paragraph\">Nie wiem co jest \u017ale. trudno powiedzie\u0107. Trudno si\u0119 prowadzi &#8211; nie wiem, co si\u0119 sta\u0142o, ale ciesz\u0119 si\u0119, \u017ce to ju\u017c koniec<\/p>\n<cite>powiedzia\u0142 Esto\u0144czyk na koniec dnia<\/cite><\/blockquote>\n\n\n\n<figure class=\"wp-block-image size-large\"><img decoding=\"async\" width=\"1024\" height=\"576\" src=\"https:\/\/www.worldrally.eu\/wp-content\/uploads\/2023\/04\/220423_AT_Tanak_SatAM_a061a_frz_1400x788-1-1024x576.jpg\" alt=\"\" class=\"wp-image-1221\" srcset=\"https:\/\/www.worldrally.eu\/wp-content\/uploads\/2023\/04\/220423_AT_Tanak_SatAM_a061a_frz_1400x788-1-1024x576.jpg 1024w, https:\/\/www.worldrally.eu\/wp-content\/uploads\/2023\/04\/220423_AT_Tanak_SatAM_a061a_frz_1400x788-1-300x169.jpg 300w, https:\/\/www.worldrally.eu\/wp-content\/uploads\/2023\/04\/220423_AT_Tanak_SatAM_a061a_frz_1400x788-1-768x432.jpg 768w, https:\/\/www.worldrally.eu\/wp-content\/uploads\/2023\/04\/220423_AT_Tanak_SatAM_a061a_frz_1400x788-1-1280x720.jpg 1280w, https:\/\/www.worldrally.eu\/wp-content\/uploads\/2023\/04\/220423_AT_Tanak_SatAM_a061a_frz_1400x788-1.jpg 1400w\" sizes=\"(max-width: 1024px) 100vw, 1024px\" \/><figcaption class=\"wp-element-caption\">Foto &#8211; WRCcom<\/figcaption><\/figure>\n\n\n\n<p class=\"wp-block-paragraph\">Esapekka Lappi utrzymuje swoj\u0105 trzeci\u0105 pozycje, maj\u0105c bezpieczny zapas czasu przed Ogierem i je\u017celi nie pope\u0142ni b\u0142\u0119du na ostatnich czterech oesach to ma gwarantowane miejsce na podium.<\/p>\n\n\n\n<blockquote class=\"wp-block-quote is-layout-flow wp-block-quote-is-layout-flow\">\n<p class=\"wp-block-paragraph\">Jest do\u015b\u0107 szybko. Pierwsze sze\u015b\u0107 czy siedem kilometr\u00f3w jest naprawd\u0119 szybkie i wymaga du\u017cego zaanga\u017cowania. Ostatni odcinek jest naprawd\u0119 \u015bliski i nawierzchnia si\u0119 tam zmienia<\/p>\n<cite>powiedzia\u0142 Lappi<\/cite><\/blockquote>\n\n\n\n<figure class=\"wp-block-image size-large\"><img decoding=\"async\" width=\"1024\" height=\"682\" src=\"https:\/\/www.worldrally.eu\/wp-content\/uploads\/2023\/04\/342713962_2492414777572616_7676045789261017250_n-1024x682.jpg\" alt=\"\" class=\"wp-image-1222\" srcset=\"https:\/\/www.worldrally.eu\/wp-content\/uploads\/2023\/04\/342713962_2492414777572616_7676045789261017250_n-1024x682.jpg 1024w, https:\/\/www.worldrally.eu\/wp-content\/uploads\/2023\/04\/342713962_2492414777572616_7676045789261017250_n-300x200.jpg 300w, https:\/\/www.worldrally.eu\/wp-content\/uploads\/2023\/04\/342713962_2492414777572616_7676045789261017250_n-768x512.jpg 768w, https:\/\/www.worldrally.eu\/wp-content\/uploads\/2023\/04\/342713962_2492414777572616_7676045789261017250_n-446x297.jpg 446w, https:\/\/www.worldrally.eu\/wp-content\/uploads\/2023\/04\/342713962_2492414777572616_7676045789261017250_n.jpg 1280w\" sizes=\"(max-width: 1024px) 100vw, 1024px\" \/><figcaption class=\"wp-element-caption\">Foto &#8211; WRCcom<\/figcaption><\/figure>\n\n\n\n<figure class=\"wp-block-table\"><table><tbody><tr><td>1.<\/td><td><img decoding=\"async\" src=\"https:\/\/www.ewrc-results.com\/images\/flags2\/uk.png\" alt=\"flag\"><br>#33<\/td><td><img decoding=\"async\" src=\"https:\/\/www.ewrc-results.com\/images\/icon\/toyota2019.png\" alt=\"logo\"> <a href=\"https:\/\/www.ewrc-results.com\/entryinfo\/80237-croatia-rally-2023\/3654072\/\">Evans Elfyn &#8211; Martin Scott<\/a><br>Toyota GR Yaris Rally1 <img decoding=\"async\" src=\"https:\/\/www.ewrc-results.com\/images\/tyres\/pirelli_red.png\" alt=\"tyre\"><\/td><td>RC1<\/td><td>2:05:34.2<br><\/td><td><\/td><td>105.6<\/td><\/tr><tr><td>2.<\/td><td><img decoding=\"async\" src=\"https:\/\/www.ewrc-results.com\/images\/flags2\/estonia.png\" alt=\"flag\"><br>#8<\/td><td><img decoding=\"async\" src=\"https:\/\/www.ewrc-results.com\/images\/icon\/ford.png\" alt=\"logo\"> <a href=\"https:\/\/www.ewrc-results.com\/entryinfo\/80237-croatia-rally-2023\/3654068\/\">T\u00e4nak Ott &#8211; J\u00e4rveoja Martin<\/a><br>Ford Puma Rally1 <img decoding=\"async\" src=\"https:\/\/www.ewrc-results.com\/images\/tyres\/pirelli_red.png\" alt=\"tyre\"><\/td><td>RC1<br>M<\/td><td>2:05:46.7<br><\/td><td>+12.5<br>+12.5<\/td><td>105.4<br>0.06<\/td><\/tr><tr><td>3.<\/td><td><img decoding=\"async\" src=\"https:\/\/www.ewrc-results.com\/images\/flags2\/finland.png\" alt=\"flag\"><br>#4<\/td><td><img decoding=\"async\" src=\"https:\/\/www.ewrc-results.com\/images\/icon\/hyundai2.png\" alt=\"logo\"> <a href=\"https:\/\/www.ewrc-results.com\/entryinfo\/80237-croatia-rally-2023\/3654073\/\">Lappi Esapekka &#8211; Ferm Janne<\/a><br>Hyundai i20 N Rally1 <img decoding=\"async\" src=\"https:\/\/www.ewrc-results.com\/images\/tyres\/pirelli_red.png\" alt=\"tyre\"><\/td><td>RC1<br>M<\/td><td>2:06:28.8<br><\/td><td>+54.6<br>+42.1<\/td><td>104.8<br>0.25<\/td><\/tr><tr><td>4.<\/td><td><img decoding=\"async\" src=\"https:\/\/www.ewrc-results.com\/images\/flags2\/france.png\" alt=\"flag\"><br>#17<\/td><td><img decoding=\"async\" src=\"https:\/\/www.ewrc-results.com\/images\/icon\/toyota2019.png\" alt=\"logo\"> <a href=\"https:\/\/www.ewrc-results.com\/entryinfo\/80237-croatia-rally-2023\/3672364\/\">Ogier S\u00e9bastien &#8211; Landais Vincent<\/a><br>Toyota GR Yaris Rally1 <img decoding=\"async\" src=\"https:\/\/www.ewrc-results.com\/images\/tyres\/pirelli_red.png\" alt=\"tyre\"><\/td><td>RC1<br>M<\/td><td>2:07:34.1<br>1:10<\/td><td>+1:59.9<br>+1:05.3<\/td><td>104.9<br>0.54<\/td><\/tr><tr><td>5.<br>+1<\/td><td><img decoding=\"async\" src=\"https:\/\/www.ewrc-results.com\/images\/flags2\/finland.png\" alt=\"flag\"><br>#69<\/td><td><img decoding=\"async\" src=\"https:\/\/www.ewrc-results.com\/images\/icon\/toyota2019.png\" alt=\"logo\"> <a href=\"https:\/\/www.ewrc-results.com\/entryinfo\/80237-croatia-rally-2023\/3654071\/\">Rovanper\u00e4 Kalle &#8211; Halttunen Jonne<\/a><br>Toyota GR Yaris Rally1 <img decoding=\"async\" src=\"https:\/\/www.ewrc-results.com\/images\/tyres\/pirelli_red.png\" alt=\"tyre\"><\/td><td>RC1<br>M<\/td><td>2:07:37.8<br><\/td><td>+2:03.6<br>+3.7<\/td><td>103.9<br>0.56<\/td><\/tr><tr><td>6.<br>\u22121<\/td><td><img decoding=\"async\" src=\"https:\/\/www.ewrc-results.com\/images\/flags2\/france.png\" alt=\"flag\"><br>#7<\/td><td><img decoding=\"async\" src=\"https:\/\/www.ewrc-results.com\/images\/icon\/ford.png\" alt=\"logo\"> <a href=\"https:\/\/www.ewrc-results.com\/entryinfo\/80237-croatia-rally-2023\/3654070\/\">Loubet Pierre-Louis &#8211; Gilsoul N.<\/a><br>Ford Puma Rally1 <img decoding=\"async\" src=\"https:\/\/www.ewrc-results.com\/images\/tyres\/pirelli_red.png\" alt=\"tyre\"><\/td><td>RC1<br>M<\/td><td>2:07:42.0<br><\/td><td>+2:07.8<br>+4.2<\/td><td>103.8<br>0.58<\/td><\/tr><tr><td>7.<\/td><td><img decoding=\"async\" src=\"https:\/\/www.ewrc-results.com\/images\/flags2\/japan.png\" alt=\"flag\"><br>#18<\/td><td><img decoding=\"async\" src=\"https:\/\/www.ewrc-results.com\/images\/icon\/toyota2019.png\" alt=\"logo\"> <a href=\"https:\/\/www.ewrc-results.com\/entryinfo\/80237-croatia-rally-2023\/3654075\/\">Katsuta Takamoto &#8211; Johnston Aaron<\/a><br>Toyota GR Yaris Rally1 <img decoding=\"async\" src=\"https:\/\/www.ewrc-results.com\/images\/tyres\/pirelli_red.png\" alt=\"tyre\"><\/td><td>RC1<\/td><td>2:07:49.9<br><\/td><td>+2:15.7<br>+7.9<\/td><td>103.7<br>0.61<\/td><\/tr><tr><td>8.<\/td><td><img decoding=\"async\" src=\"https:\/\/www.ewrc-results.com\/images\/flags2\/france.png\" alt=\"flag\"><br>#21<\/td><td><img decoding=\"async\" src=\"https:\/\/www.ewrc-results.com\/images\/icon\/citroen2009.png\" alt=\"logo\"> <a href=\"https:\/\/www.ewrc-results.com\/entryinfo\/80237-croatia-rally-2023\/3680194\/\">Rossel Yohan &#8211; Dunand Arnaud<\/a><br>Citro\u00ebn C3 Rally2 <img decoding=\"async\" src=\"https:\/\/www.ewrc-results.com\/images\/tyres\/pirelli_red.png\" alt=\"tyre\"><\/td><td>RC2<\/td><td>2:11:21.2<br><\/td><td>+5:47.0<br>+3:31.3<\/td><td>101.0<br>1.57<\/td><\/tr><tr><td>9.<\/td><td><img decoding=\"async\" src=\"https:\/\/www.ewrc-results.com\/images\/flags2\/neutral.png\" alt=\"flag\"><br>#24<\/td><td><img decoding=\"async\" src=\"https:\/\/www.ewrc-results.com\/images\/icon\/skoda2023b.png\" alt=\"logo\"> <a href=\"https:\/\/www.ewrc-results.com\/entryinfo\/80237-croatia-rally-2023\/3680191\/\">Gryazin Nikolay &#8211; Aleksandrov K.<\/a><br>\u0160koda Fabia RS Rally2 <img decoding=\"async\" src=\"https:\/\/www.ewrc-results.com\/images\/tyres\/pirelli_red.png\" alt=\"tyre\"><\/td><td>RC2<\/td><td>2:11:41.7<br><\/td><td>+6:07.5<br>+20.5<\/td><td>100.7<br>1.66<\/td><\/tr><tr><td>10.<\/td><td><img decoding=\"async\" src=\"https:\/\/www.ewrc-results.com\/images\/flags2\/finland.png\" alt=\"flag\"><br>#22<\/td><td><img decoding=\"async\" src=\"https:\/\/www.ewrc-results.com\/images\/icon\/skoda2023b.png\" alt=\"logo\"> <a href=\"https:\/\/www.ewrc-results.com\/entryinfo\/80237-croatia-rally-2023\/3680196\/\">Lindholm Emil &#8211; H\u00e4m\u00e4l\u00e4inen Reeta<\/a><br>\u0160koda Fabia RS Rally2 <img decoding=\"async\" src=\"https:\/\/www.ewrc-results.com\/images\/tyres\/pirelli_red.png\" alt=\"tyre\"><\/td><td>RC2<\/td><td>2:12:42.9<br><\/td><td>+7:08.7<br>+1:01.2<\/td><td>99.9<br>1.94<\/td><\/tr><\/tbody><\/table><\/figure>\n","protected":false},"excerpt":{"rendered":"<p>Elfyn Evans, mimo Ze nie wygra\u0142 \u017cadnego odcinka specjalnego podczas drugiego etapu wci\u0105\u017c obejmuje prowadzenie w Rajdzie Chorwacji i staje przed wielk\u0105 szansa na d\u0142ugo oczekiwane zwyci\u0119stwo w Rajdowych Mistrzostwach \u015awiata. Kierowca Toyota Gazoo Racing wykorzysta\u0142 swoj\u0105 szans\u0119 po tym jak Neuville w porannej p\u0119tli uszkodzi\u0142 ko\u0142o uderzaj\u0105c w betonow\u0105 studzienk\u0119 tym samym ko\u0144cz\u0105c swoje [&hellip;]<\/p>\n","protected":false},"author":1,"featured_media":1219,"comment_status":"closed","ping_status":"closed","sticky":false,"template":"","format":"standard","meta":{"_monsterinsights_skip_tracking":false,"_monsterinsights_sitenote_active":false,"_monsterinsights_sitenote_note":"","_monsterinsights_sitenote_category":0,"footnotes":""},"categories":[3],"tags":[],"class_list":["post-1218","post","type-post","status-publish","format-standard","has-post-thumbnail","hentry","category-wrc"],"aioseo_notices":[],"aioseo_head":"\n\t\t<!-- All in One SEO 4.9.9 - aioseo.com -->\n\t<meta name=\"description\" content=\"Elfyn Evans, mimo Ze nie wygra\u0142 \u017cadnego odcinka specjalnego podczas drugiego etapu wci\u0105\u017c obejmuje prowadzenie w Rajdzie Chorwacji i staje przed wielk\u0105 szansa na d\u0142ugo oczekiwane zwyci\u0119stwo w Rajdowych Mistrzostwach \u015awiata. Kierowca Toyota Gazoo Racing wykorzysta\u0142 swoj\u0105 szans\u0119 po tym jak Neuville w porannej p\u0119tli uszkodzi\u0142 ko\u0142o uderzaj\u0105c w betonow\u0105 studzienk\u0119 tym samym ko\u0144cz\u0105c swoje\" \/>\n\t<meta name=\"robots\" content=\"max-image-preview:large\" \/>\n\t<meta name=\"author\" content=\"Junior\"\/>\n\t<link rel=\"canonical\" href=\"https:\/\/www.worldrally.eu\/index.php\/2023\/04\/22\/evans-nie-oddaje-prowadzenia\/\" \/>\n\t<meta name=\"generator\" content=\"All in One SEO (AIOSEO) 4.9.9\" \/>\n\t\t<meta property=\"og:locale\" content=\"en_GB\" \/>\n\t\t<meta property=\"og:site_name\" content=\"WorldRally.eu \u00bb\" \/>\n\t\t<meta property=\"og:type\" content=\"article\" \/>\n\t\t<meta property=\"og:title\" content=\"Evans nie oddaje prowadzenia. \u00bb WorldRally.eu\" \/>\n\t\t<meta property=\"og:description\" content=\"Elfyn Evans, mimo Ze nie wygra\u0142 \u017cadnego odcinka specjalnego podczas drugiego etapu wci\u0105\u017c obejmuje prowadzenie w Rajdzie Chorwacji i staje przed wielk\u0105 szansa na d\u0142ugo oczekiwane zwyci\u0119stwo w Rajdowych Mistrzostwach \u015awiata. Kierowca Toyota Gazoo Racing wykorzysta\u0142 swoj\u0105 szans\u0119 po tym jak Neuville w porannej p\u0119tli uszkodzi\u0142 ko\u0142o uderzaj\u0105c w betonow\u0105 studzienk\u0119 tym samym ko\u0144cz\u0105c swoje\" \/>\n\t\t<meta property=\"og:url\" content=\"https:\/\/www.worldrally.eu\/index.php\/2023\/04\/22\/evans-nie-oddaje-prowadzenia\/\" \/>\n\t\t<meta property=\"og:image\" content=\"https:\/\/www.worldrally.eu\/wp-content\/uploads\/2023\/04\/342335465_9921046704588130_692705618397698895_n.jpg\" \/>\n\t\t<meta property=\"og:image:secure_url\" content=\"https:\/\/www.worldrally.eu\/wp-content\/uploads\/2023\/04\/342335465_9921046704588130_692705618397698895_n.jpg\" \/>\n\t\t<meta property=\"og:image:width\" content=\"2048\" \/>\n\t\t<meta property=\"og:image:height\" content=\"1366\" \/>\n\t\t<meta property=\"article:published_time\" content=\"2023-04-22T21:56:40+00:00\" \/>\n\t\t<meta property=\"article:modified_time\" content=\"2023-04-22T21:56:41+00:00\" \/>\n\t\t<meta name=\"twitter:card\" content=\"summary_large_image\" \/>\n\t\t<meta name=\"twitter:title\" content=\"Evans nie oddaje prowadzenia. \u00bb WorldRally.eu\" \/>\n\t\t<meta name=\"twitter:description\" content=\"Elfyn Evans, mimo Ze nie wygra\u0142 \u017cadnego odcinka specjalnego podczas drugiego etapu wci\u0105\u017c obejmuje prowadzenie w Rajdzie Chorwacji i staje przed wielk\u0105 szansa na d\u0142ugo oczekiwane zwyci\u0119stwo w Rajdowych Mistrzostwach \u015awiata. Kierowca Toyota Gazoo Racing wykorzysta\u0142 swoj\u0105 szans\u0119 po tym jak Neuville w porannej p\u0119tli uszkodzi\u0142 ko\u0142o uderzaj\u0105c w betonow\u0105 studzienk\u0119 tym samym ko\u0144cz\u0105c swoje\" \/>\n\t\t<meta name=\"twitter:image\" content=\"https:\/\/www.worldrally.eu\/wp-content\/uploads\/2023\/04\/342335465_9921046704588130_692705618397698895_n.jpg\" \/>\n\t\t<script type=\"application\/ld+json\" class=\"aioseo-schema\">\n\t\t\t{\"@context\":\"https:\\\/\\\/schema.org\",\"@graph\":[{\"@type\":\"BlogPosting\",\"@id\":\"https:\\\/\\\/www.worldrally.eu\\\/index.php\\\/2023\\\/04\\\/22\\\/evans-nie-oddaje-prowadzenia\\\/#blogposting\",\"name\":\"Evans nie oddaje prowadzenia. \\u00bb WorldRally.eu\",\"headline\":\"Evans nie oddaje prowadzenia.\",\"author\":{\"@id\":\"https:\\\/\\\/www.worldrally.eu\\\/index.php\\\/author\\\/admin\\\/#author\"},\"publisher\":{\"@id\":\"https:\\\/\\\/www.worldrally.eu\\\/#organization\"},\"image\":{\"@type\":\"ImageObject\",\"url\":\"https:\\\/\\\/www.worldrally.eu\\\/wp-content\\\/uploads\\\/2023\\\/04\\\/342335465_9921046704588130_692705618397698895_n.jpg\",\"width\":2048,\"height\":1366,\"caption\":\"2023 FIA World Rally Championship \\\/ Round 04 \\\/ Rally Croatia \\\/ 20-23 April, 2023 \\\/\\\/ Worldwide Copyright: Toyota Gazoo Racing WRT\"},\"datePublished\":\"2023-04-22T21:56:40+00:00\",\"dateModified\":\"2023-04-22T21:56:41+00:00\",\"inLanguage\":\"en-GB\",\"mainEntityOfPage\":{\"@id\":\"https:\\\/\\\/www.worldrally.eu\\\/index.php\\\/2023\\\/04\\\/22\\\/evans-nie-oddaje-prowadzenia\\\/#webpage\"},\"isPartOf\":{\"@id\":\"https:\\\/\\\/www.worldrally.eu\\\/index.php\\\/2023\\\/04\\\/22\\\/evans-nie-oddaje-prowadzenia\\\/#webpage\"},\"articleSection\":\"WRC\"},{\"@type\":\"BreadcrumbList\",\"@id\":\"https:\\\/\\\/www.worldrally.eu\\\/index.php\\\/2023\\\/04\\\/22\\\/evans-nie-oddaje-prowadzenia\\\/#breadcrumblist\",\"itemListElement\":[{\"@type\":\"ListItem\",\"@id\":\"https:\\\/\\\/www.worldrally.eu#listItem\",\"position\":1,\"name\":\"Home\",\"item\":\"https:\\\/\\\/www.worldrally.eu\",\"nextItem\":{\"@type\":\"ListItem\",\"@id\":\"https:\\\/\\\/www.worldrally.eu\\\/index.php\\\/category\\\/wrc\\\/#listItem\",\"name\":\"WRC\"}},{\"@type\":\"ListItem\",\"@id\":\"https:\\\/\\\/www.worldrally.eu\\\/index.php\\\/category\\\/wrc\\\/#listItem\",\"position\":2,\"name\":\"WRC\",\"item\":\"https:\\\/\\\/www.worldrally.eu\\\/index.php\\\/category\\\/wrc\\\/\",\"nextItem\":{\"@type\":\"ListItem\",\"@id\":\"https:\\\/\\\/www.worldrally.eu\\\/index.php\\\/2023\\\/04\\\/22\\\/evans-nie-oddaje-prowadzenia\\\/#listItem\",\"name\":\"Evans nie oddaje prowadzenia.\"},\"previousItem\":{\"@type\":\"ListItem\",\"@id\":\"https:\\\/\\\/www.worldrally.eu#listItem\",\"name\":\"Home\"}},{\"@type\":\"ListItem\",\"@id\":\"https:\\\/\\\/www.worldrally.eu\\\/index.php\\\/2023\\\/04\\\/22\\\/evans-nie-oddaje-prowadzenia\\\/#listItem\",\"position\":3,\"name\":\"Evans nie oddaje prowadzenia.\",\"previousItem\":{\"@type\":\"ListItem\",\"@id\":\"https:\\\/\\\/www.worldrally.eu\\\/index.php\\\/category\\\/wrc\\\/#listItem\",\"name\":\"WRC\"}}]},{\"@type\":\"Organization\",\"@id\":\"https:\\\/\\\/www.worldrally.eu\\\/#organization\",\"name\":\"WorldRally.eu\",\"url\":\"https:\\\/\\\/www.worldrally.eu\\\/\",\"logo\":{\"@type\":\"ImageObject\",\"url\":\"https:\\\/\\\/www.worldrally.eu\\\/wp-content\\\/uploads\\\/2026\\\/01\\\/cropped-logo-3.png\",\"@id\":\"https:\\\/\\\/www.worldrally.eu\\\/index.php\\\/2023\\\/04\\\/22\\\/evans-nie-oddaje-prowadzenia\\\/#organizationLogo\",\"width\":2039,\"height\":756},\"image\":{\"@id\":\"https:\\\/\\\/www.worldrally.eu\\\/index.php\\\/2023\\\/04\\\/22\\\/evans-nie-oddaje-prowadzenia\\\/#organizationLogo\"}},{\"@type\":\"Person\",\"@id\":\"https:\\\/\\\/www.worldrally.eu\\\/index.php\\\/author\\\/admin\\\/#author\",\"url\":\"https:\\\/\\\/www.worldrally.eu\\\/index.php\\\/author\\\/admin\\\/\",\"name\":\"Junior\",\"image\":{\"@type\":\"ImageObject\",\"@id\":\"https:\\\/\\\/www.worldrally.eu\\\/index.php\\\/2023\\\/04\\\/22\\\/evans-nie-oddaje-prowadzenia\\\/#authorImage\",\"url\":\"https:\\\/\\\/secure.gravatar.com\\\/avatar\\\/5bd369ac0447285dc20b588693ca1756d0179a7f957258050a42a968bf3b9d0a?s=96&d=mm&r=g\",\"width\":96,\"height\":96,\"caption\":\"Junior\"}},{\"@type\":\"WebPage\",\"@id\":\"https:\\\/\\\/www.worldrally.eu\\\/index.php\\\/2023\\\/04\\\/22\\\/evans-nie-oddaje-prowadzenia\\\/#webpage\",\"url\":\"https:\\\/\\\/www.worldrally.eu\\\/index.php\\\/2023\\\/04\\\/22\\\/evans-nie-oddaje-prowadzenia\\\/\",\"name\":\"Evans nie oddaje prowadzenia. \\u00bb WorldRally.eu\",\"description\":\"Elfyn Evans, mimo Ze nie wygra\\u0142 \\u017cadnego odcinka specjalnego podczas drugiego etapu wci\\u0105\\u017c obejmuje prowadzenie w Rajdzie Chorwacji i staje przed wielk\\u0105 szansa na d\\u0142ugo oczekiwane zwyci\\u0119stwo w Rajdowych Mistrzostwach \\u015awiata. Kierowca Toyota Gazoo Racing wykorzysta\\u0142 swoj\\u0105 szans\\u0119 po tym jak Neuville w porannej p\\u0119tli uszkodzi\\u0142 ko\\u0142o uderzaj\\u0105c w betonow\\u0105 studzienk\\u0119 tym samym ko\\u0144cz\\u0105c swoje\",\"inLanguage\":\"en-GB\",\"isPartOf\":{\"@id\":\"https:\\\/\\\/www.worldrally.eu\\\/#website\"},\"breadcrumb\":{\"@id\":\"https:\\\/\\\/www.worldrally.eu\\\/index.php\\\/2023\\\/04\\\/22\\\/evans-nie-oddaje-prowadzenia\\\/#breadcrumblist\"},\"author\":{\"@id\":\"https:\\\/\\\/www.worldrally.eu\\\/index.php\\\/author\\\/admin\\\/#author\"},\"creator\":{\"@id\":\"https:\\\/\\\/www.worldrally.eu\\\/index.php\\\/author\\\/admin\\\/#author\"},\"image\":{\"@type\":\"ImageObject\",\"url\":\"https:\\\/\\\/www.worldrally.eu\\\/wp-content\\\/uploads\\\/2023\\\/04\\\/342335465_9921046704588130_692705618397698895_n.jpg\",\"@id\":\"https:\\\/\\\/www.worldrally.eu\\\/index.php\\\/2023\\\/04\\\/22\\\/evans-nie-oddaje-prowadzenia\\\/#mainImage\",\"width\":2048,\"height\":1366,\"caption\":\"2023 FIA World Rally Championship \\\/ Round 04 \\\/ Rally Croatia \\\/ 20-23 April, 2023 \\\/\\\/ Worldwide Copyright: Toyota Gazoo Racing WRT\"},\"primaryImageOfPage\":{\"@id\":\"https:\\\/\\\/www.worldrally.eu\\\/index.php\\\/2023\\\/04\\\/22\\\/evans-nie-oddaje-prowadzenia\\\/#mainImage\"},\"datePublished\":\"2023-04-22T21:56:40+00:00\",\"dateModified\":\"2023-04-22T21:56:41+00:00\"},{\"@type\":\"WebSite\",\"@id\":\"https:\\\/\\\/www.worldrally.eu\\\/#website\",\"url\":\"https:\\\/\\\/www.worldrally.eu\\\/\",\"name\":\"WorldRally.eu\",\"inLanguage\":\"en-GB\",\"publisher\":{\"@id\":\"https:\\\/\\\/www.worldrally.eu\\\/#organization\"}}]}\n\t\t<\/script>\n\t\t<!-- All in One SEO -->\n\n","aioseo_head_json":{"title":"Evans nie oddaje prowadzenia. \u00bb WorldRally.eu","description":"Elfyn Evans, mimo Ze nie wygra\u0142 \u017cadnego odcinka specjalnego podczas drugiego etapu wci\u0105\u017c obejmuje prowadzenie w Rajdzie Chorwacji i staje przed wielk\u0105 szansa na d\u0142ugo oczekiwane zwyci\u0119stwo w Rajdowych Mistrzostwach \u015awiata. Kierowca Toyota Gazoo Racing wykorzysta\u0142 swoj\u0105 szans\u0119 po tym jak Neuville w porannej p\u0119tli uszkodzi\u0142 ko\u0142o uderzaj\u0105c w betonow\u0105 studzienk\u0119 tym samym ko\u0144cz\u0105c swoje","canonical_url":"https:\/\/www.worldrally.eu\/index.php\/2023\/04\/22\/evans-nie-oddaje-prowadzenia\/","robots":"max-image-preview:large","keywords":"","webmasterTools":{"miscellaneous":""},"schema":{"@context":"https:\/\/schema.org","@graph":[{"@type":"BlogPosting","@id":"https:\/\/www.worldrally.eu\/index.php\/2023\/04\/22\/evans-nie-oddaje-prowadzenia\/#blogposting","name":"Evans nie oddaje prowadzenia. \u00bb WorldRally.eu","headline":"Evans nie oddaje prowadzenia.","author":{"@id":"https:\/\/www.worldrally.eu\/index.php\/author\/admin\/#author"},"publisher":{"@id":"https:\/\/www.worldrally.eu\/#organization"},"image":{"@type":"ImageObject","url":"https:\/\/www.worldrally.eu\/wp-content\/uploads\/2023\/04\/342335465_9921046704588130_692705618397698895_n.jpg","width":2048,"height":1366,"caption":"2023 FIA World Rally Championship \/ Round 04 \/ Rally Croatia \/ 20-23 April, 2023 \/\/ Worldwide Copyright: Toyota Gazoo Racing WRT"},"datePublished":"2023-04-22T21:56:40+00:00","dateModified":"2023-04-22T21:56:41+00:00","inLanguage":"en-GB","mainEntityOfPage":{"@id":"https:\/\/www.worldrally.eu\/index.php\/2023\/04\/22\/evans-nie-oddaje-prowadzenia\/#webpage"},"isPartOf":{"@id":"https:\/\/www.worldrally.eu\/index.php\/2023\/04\/22\/evans-nie-oddaje-prowadzenia\/#webpage"},"articleSection":"WRC"},{"@type":"BreadcrumbList","@id":"https:\/\/www.worldrally.eu\/index.php\/2023\/04\/22\/evans-nie-oddaje-prowadzenia\/#breadcrumblist","itemListElement":[{"@type":"ListItem","@id":"https:\/\/www.worldrally.eu#listItem","position":1,"name":"Home","item":"https:\/\/www.worldrally.eu","nextItem":{"@type":"ListItem","@id":"https:\/\/www.worldrally.eu\/index.php\/category\/wrc\/#listItem","name":"WRC"}},{"@type":"ListItem","@id":"https:\/\/www.worldrally.eu\/index.php\/category\/wrc\/#listItem","position":2,"name":"WRC","item":"https:\/\/www.worldrally.eu\/index.php\/category\/wrc\/","nextItem":{"@type":"ListItem","@id":"https:\/\/www.worldrally.eu\/index.php\/2023\/04\/22\/evans-nie-oddaje-prowadzenia\/#listItem","name":"Evans nie oddaje prowadzenia."},"previousItem":{"@type":"ListItem","@id":"https:\/\/www.worldrally.eu#listItem","name":"Home"}},{"@type":"ListItem","@id":"https:\/\/www.worldrally.eu\/index.php\/2023\/04\/22\/evans-nie-oddaje-prowadzenia\/#listItem","position":3,"name":"Evans nie oddaje prowadzenia.","previousItem":{"@type":"ListItem","@id":"https:\/\/www.worldrally.eu\/index.php\/category\/wrc\/#listItem","name":"WRC"}}]},{"@type":"Organization","@id":"https:\/\/www.worldrally.eu\/#organization","name":"WorldRally.eu","url":"https:\/\/www.worldrally.eu\/","logo":{"@type":"ImageObject","url":"https:\/\/www.worldrally.eu\/wp-content\/uploads\/2026\/01\/cropped-logo-3.png","@id":"https:\/\/www.worldrally.eu\/index.php\/2023\/04\/22\/evans-nie-oddaje-prowadzenia\/#organizationLogo","width":2039,"height":756},"image":{"@id":"https:\/\/www.worldrally.eu\/index.php\/2023\/04\/22\/evans-nie-oddaje-prowadzenia\/#organizationLogo"}},{"@type":"Person","@id":"https:\/\/www.worldrally.eu\/index.php\/author\/admin\/#author","url":"https:\/\/www.worldrally.eu\/index.php\/author\/admin\/","name":"Junior","image":{"@type":"ImageObject","@id":"https:\/\/www.worldrally.eu\/index.php\/2023\/04\/22\/evans-nie-oddaje-prowadzenia\/#authorImage","url":"https:\/\/secure.gravatar.com\/avatar\/5bd369ac0447285dc20b588693ca1756d0179a7f957258050a42a968bf3b9d0a?s=96&d=mm&r=g","width":96,"height":96,"caption":"Junior"}},{"@type":"WebPage","@id":"https:\/\/www.worldrally.eu\/index.php\/2023\/04\/22\/evans-nie-oddaje-prowadzenia\/#webpage","url":"https:\/\/www.worldrally.eu\/index.php\/2023\/04\/22\/evans-nie-oddaje-prowadzenia\/","name":"Evans nie oddaje prowadzenia. \u00bb WorldRally.eu","description":"Elfyn Evans, mimo Ze nie wygra\u0142 \u017cadnego odcinka specjalnego podczas drugiego etapu wci\u0105\u017c obejmuje prowadzenie w Rajdzie Chorwacji i staje przed wielk\u0105 szansa na d\u0142ugo oczekiwane zwyci\u0119stwo w Rajdowych Mistrzostwach \u015awiata. Kierowca Toyota Gazoo Racing wykorzysta\u0142 swoj\u0105 szans\u0119 po tym jak Neuville w porannej p\u0119tli uszkodzi\u0142 ko\u0142o uderzaj\u0105c w betonow\u0105 studzienk\u0119 tym samym ko\u0144cz\u0105c swoje","inLanguage":"en-GB","isPartOf":{"@id":"https:\/\/www.worldrally.eu\/#website"},"breadcrumb":{"@id":"https:\/\/www.worldrally.eu\/index.php\/2023\/04\/22\/evans-nie-oddaje-prowadzenia\/#breadcrumblist"},"author":{"@id":"https:\/\/www.worldrally.eu\/index.php\/author\/admin\/#author"},"creator":{"@id":"https:\/\/www.worldrally.eu\/index.php\/author\/admin\/#author"},"image":{"@type":"ImageObject","url":"https:\/\/www.worldrally.eu\/wp-content\/uploads\/2023\/04\/342335465_9921046704588130_692705618397698895_n.jpg","@id":"https:\/\/www.worldrally.eu\/index.php\/2023\/04\/22\/evans-nie-oddaje-prowadzenia\/#mainImage","width":2048,"height":1366,"caption":"2023 FIA World Rally Championship \/ Round 04 \/ Rally Croatia \/ 20-23 April, 2023 \/\/ Worldwide Copyright: Toyota Gazoo Racing WRT"},"primaryImageOfPage":{"@id":"https:\/\/www.worldrally.eu\/index.php\/2023\/04\/22\/evans-nie-oddaje-prowadzenia\/#mainImage"},"datePublished":"2023-04-22T21:56:40+00:00","dateModified":"2023-04-22T21:56:41+00:00"},{"@type":"WebSite","@id":"https:\/\/www.worldrally.eu\/#website","url":"https:\/\/www.worldrally.eu\/","name":"WorldRally.eu","inLanguage":"en-GB","publisher":{"@id":"https:\/\/www.worldrally.eu\/#organization"}}]},"og:locale":"en_GB","og:site_name":"WorldRally.eu \u00bb","og:type":"article","og:title":"Evans nie oddaje prowadzenia. \u00bb WorldRally.eu","og:description":"Elfyn Evans, mimo Ze nie wygra\u0142 \u017cadnego odcinka specjalnego podczas drugiego etapu wci\u0105\u017c obejmuje prowadzenie w Rajdzie Chorwacji i staje przed wielk\u0105 szansa na d\u0142ugo oczekiwane zwyci\u0119stwo w Rajdowych Mistrzostwach \u015awiata. Kierowca Toyota Gazoo Racing wykorzysta\u0142 swoj\u0105 szans\u0119 po tym jak Neuville w porannej p\u0119tli uszkodzi\u0142 ko\u0142o uderzaj\u0105c w betonow\u0105 studzienk\u0119 tym samym ko\u0144cz\u0105c swoje","og:url":"https:\/\/www.worldrally.eu\/index.php\/2023\/04\/22\/evans-nie-oddaje-prowadzenia\/","og:image":"https:\/\/www.worldrally.eu\/wp-content\/uploads\/2023\/04\/342335465_9921046704588130_692705618397698895_n.jpg","og:image:secure_url":"https:\/\/www.worldrally.eu\/wp-content\/uploads\/2023\/04\/342335465_9921046704588130_692705618397698895_n.jpg","og:image:width":2048,"og:image:height":1366,"article:published_time":"2023-04-22T21:56:40+00:00","article:modified_time":"2023-04-22T21:56:41+00:00","twitter:card":"summary_large_image","twitter:title":"Evans nie oddaje prowadzenia. \u00bb WorldRally.eu","twitter:description":"Elfyn Evans, mimo Ze nie wygra\u0142 \u017cadnego odcinka specjalnego podczas drugiego etapu wci\u0105\u017c obejmuje prowadzenie w Rajdzie Chorwacji i staje przed wielk\u0105 szansa na d\u0142ugo oczekiwane zwyci\u0119stwo w Rajdowych Mistrzostwach \u015awiata. Kierowca Toyota Gazoo Racing wykorzysta\u0142 swoj\u0105 szans\u0119 po tym jak Neuville w porannej p\u0119tli uszkodzi\u0142 ko\u0142o uderzaj\u0105c w betonow\u0105 studzienk\u0119 tym samym ko\u0144cz\u0105c swoje","twitter:image":"https:\/\/www.worldrally.eu\/wp-content\/uploads\/2023\/04\/342335465_9921046704588130_692705618397698895_n.jpg"},"aioseo_meta_data":{"post_id":"1218","title":null,"description":null,"keywords":null,"keyphrases":null,"primary_term":null,"canonical_url":null,"og_title":null,"og_description":null,"og_object_type":"default","og_image_type":"default","og_image_url":null,"og_image_width":null,"og_image_height":null,"og_image_custom_url":null,"og_image_custom_fields":null,"og_video":null,"og_custom_url":null,"og_article_section":null,"og_article_tags":null,"twitter_use_og":false,"twitter_card":"default","twitter_image_type":"default","twitter_image_url":null,"twitter_image_custom_url":null,"twitter_image_custom_fields":null,"twitter_title":null,"twitter_description":null,"schema":{"blockGraphs":[],"customGraphs":[],"default":{"data":{"Article":[],"Course":[],"Dataset":[],"FAQPage":[],"Movie":[],"Person":[],"Product":[],"ProductReview":[],"Car":[],"Recipe":[],"Service":[],"SoftwareApplication":[],"WebPage":[]},"graphName":"","isEnabled":true},"graphs":[]},"schema_type":"default","schema_type_options":null,"pillar_content":false,"robots_default":true,"robots_noindex":false,"robots_noarchive":false,"robots_nosnippet":false,"robots_nofollow":false,"robots_noimageindex":false,"robots_noodp":false,"robots_notranslate":false,"robots_max_snippet":null,"robots_max_videopreview":null,"robots_max_imagepreview":"large","priority":null,"frequency":null,"local_seo":null,"breadcrumb_settings":null,"limit_modified_date":false,"ai":null,"created":"2025-03-22 06:09:38","updated":"2025-10-26 10:06:19","seo_analyzer_scan_date":null},"aioseo_breadcrumb":"<div class=\"aioseo-breadcrumbs\"><span class=\"aioseo-breadcrumb\">\n\t\t\t<a href=\"https:\/\/www.worldrally.eu\" title=\"Home\">Home<\/a>\n\t\t<\/span><span class=\"aioseo-breadcrumb-separator\">&raquo;<\/span><span class=\"aioseo-breadcrumb\">\n\t\t\t<a href=\"https:\/\/www.worldrally.eu\/index.php\/category\/wrc\/\" title=\"WRC\">WRC<\/a>\n\t\t<\/span><span class=\"aioseo-breadcrumb-separator\">&raquo;<\/span><span class=\"aioseo-breadcrumb\">\n\t\t\tEvans nie oddaje prowadzenia.\n\t\t<\/span><\/div>","aioseo_breadcrumb_json":[{"label":"Home","link":"https:\/\/www.worldrally.eu"},{"label":"WRC","link":"https:\/\/www.worldrally.eu\/index.php\/category\/wrc\/"},{"label":"Evans nie oddaje prowadzenia.","link":"https:\/\/www.worldrally.eu\/index.php\/2023\/04\/22\/evans-nie-oddaje-prowadzenia\/"}],"cc_featured_image_caption":{"caption_text":"Foto - Evans FB","source_text":"","source_url":""},"_links":{"self":[{"href":"https:\/\/www.worldrally.eu\/index.php\/wp-json\/wp\/v2\/posts\/1218","targetHints":{"allow":["GET"]}}],"collection":[{"href":"https:\/\/www.worldrally.eu\/index.php\/wp-json\/wp\/v2\/posts"}],"about":[{"href":"https:\/\/www.worldrally.eu\/index.php\/wp-json\/wp\/v2\/types\/post"}],"author":[{"embeddable":true,"href":"https:\/\/www.worldrally.eu\/index.php\/wp-json\/wp\/v2\/users\/1"}],"replies":[{"embeddable":true,"href":"https:\/\/www.worldrally.eu\/index.php\/wp-json\/wp\/v2\/comments?post=1218"}],"version-history":[{"count":1,"href":"https:\/\/www.worldrally.eu\/index.php\/wp-json\/wp\/v2\/posts\/1218\/revisions"}],"predecessor-version":[{"id":1223,"href":"https:\/\/www.worldrally.eu\/index.php\/wp-json\/wp\/v2\/posts\/1218\/revisions\/1223"}],"wp:featuredmedia":[{"embeddable":true,"href":"https:\/\/www.worldrally.eu\/index.php\/wp-json\/wp\/v2\/media\/1219"}],"wp:attachment":[{"href":"https:\/\/www.worldrally.eu\/index.php\/wp-json\/wp\/v2\/media?parent=1218"}],"wp:term":[{"taxonomy":"category","embeddable":true,"href":"https:\/\/www.worldrally.eu\/index.php\/wp-json\/wp\/v2\/categories?post=1218"},{"taxonomy":"post_tag","embeddable":true,"href":"https:\/\/www.worldrally.eu\/index.php\/wp-json\/wp\/v2\/tags?post=1218"}],"curies":[{"name":"wp","href":"https:\/\/api.w.org\/{rel}","templated":true}]}}