{"id":1202,"date":"2023-04-21T22:43:28","date_gmt":"2023-04-21T22:43:28","guid":{"rendered":"https:\/\/www.worldrally.eu\/?p=1202"},"modified":"2023-04-21T22:47:55","modified_gmt":"2023-04-21T22:47:55","slug":"kara-dla-ogiera","status":"publish","type":"post","link":"https:\/\/www.worldrally.eu\/index.php\/2023\/04\/21\/kara-dla-ogiera\/","title":{"rendered":"Kara dla Ogiera"},"content":{"rendered":"\n<p class=\"wp-block-paragraph\">S\u00e9bastien Ogier zosta\u0142 ukarany minutow\u0105 kar\u0105 czasow\u0105 za nieprawid\u0142owe zapi\u0119cie pas\u00f3w bezpiecze\u0144stwa podczas jazdy na odcinku OS 2 Rajdu Chorwacji.<\/p>\n\n\n\n<p class=\"wp-block-paragraph\">Ogier wyja\u015bni\u0142, \u017ce po zmianie ko\u0142a na OS2 zapi\u0105\u0142 pasy bezpiecze\u0144stwa i zacz\u0105\u0142 jecha\u0107 pocz\u0105tkowo powoli, a\u017c pasy bezpiecze\u0144stwa zosta\u0142y prawid\u0142owo zapi\u0119te. Nast\u0119pnie poprosi\u0142 pilota Landaisa o potwierdzenie, czy jest gotowy i czy mog\u0105 rozpocz\u0105\u0107 jazd\u0119.<\/p>\n\n\n\n<p class=\"wp-block-paragraph\">Wyja\u015bni\u0142 te\u017c, \u017ce po rozpocz\u0119ciu szybszej jazdy pasy bezpiecze\u0144stwa zosta\u0142y zapi\u0119te, ale przyzna\u0142, \u017ce do ko\u0144ca etapu stara\u0142 si\u0119 ustawi\u0107 swoje urz\u0105dzenie FHR. Doda\u0142, \u017ce nie wiedzia\u0142, \u017ce Landais nie ustawi\u0142 swojego urz\u0105dzenia FHR ani \u017ce nieprawid\u0142owo zapi\u0105\u0142 pasy bezpiecze\u0144stwa, poniewa\u017c Landais potwierdzi\u0142, \u017ce jest gotowy do kontynuowania. Landais przeprosi\u0142 za t\u0119 pomy\u0142k\u0119<\/p>\n\n\n\n<p class=\"wp-block-paragraph\"><\/p>\n","protected":false},"excerpt":{"rendered":"<p>S\u00e9bastien Ogier zosta\u0142 ukarany minutow\u0105 kar\u0105 czasow\u0105 za nieprawid\u0142owe zapi\u0119cie pas\u00f3w bezpiecze\u0144stwa podczas jazdy na odcinku OS 2 Rajdu Chorwacji. Ogier wyja\u015bni\u0142, \u017ce po zmianie ko\u0142a na OS2 zapi\u0105\u0142 pasy bezpiecze\u0144stwa i zacz\u0105\u0142 jecha\u0107 pocz\u0105tkowo powoli, a\u017c pasy bezpiecze\u0144stwa zosta\u0142y prawid\u0142owo zapi\u0119te. Nast\u0119pnie poprosi\u0142 pilota Landaisa o potwierdzenie, czy jest gotowy i czy mog\u0105 rozpocz\u0105\u0107 [&hellip;]<\/p>\n","protected":false},"author":4,"featured_media":1204,"comment_status":"closed","ping_status":"closed","sticky":false,"template":"","format":"standard","meta":{"_monsterinsights_skip_tracking":false,"_monsterinsights_sitenote_active":false,"_monsterinsights_sitenote_note":"","_monsterinsights_sitenote_category":0,"footnotes":""},"categories":[3],"tags":[],"class_list":["post-1202","post","type-post","status-publish","format-standard","has-post-thumbnail","hentry","category-wrc"],"aioseo_notices":[],"aioseo_head":"\n\t\t<!-- All in One SEO 4.9.9 - aioseo.com -->\n\t<meta name=\"description\" content=\"S\u00e9bastien Ogier zosta\u0142 ukarany minutow\u0105 kar\u0105 czasow\u0105 za nieprawid\u0142owe zapi\u0119cie pas\u00f3w bezpiecze\u0144stwa podczas jazdy na odcinku OS 2 Rajdu Chorwacji. Ogier wyja\u015bni\u0142, \u017ce po zmianie ko\u0142a na OS2 zapi\u0105\u0142 pasy bezpiecze\u0144stwa i zacz\u0105\u0142 jecha\u0107 pocz\u0105tkowo powoli, a\u017c pasy bezpiecze\u0144stwa zosta\u0142y prawid\u0142owo zapi\u0119te. Nast\u0119pnie poprosi\u0142 pilota Landaisa o potwierdzenie, czy jest gotowy i czy mog\u0105 rozpocz\u0105\u0107\" \/>\n\t<meta name=\"robots\" content=\"max-image-preview:large\" \/>\n\t<meta name=\"author\" content=\"Slawek\"\/>\n\t<link rel=\"canonical\" href=\"https:\/\/www.worldrally.eu\/index.php\/2023\/04\/21\/kara-dla-ogiera\/\" \/>\n\t<meta name=\"generator\" content=\"All in One SEO (AIOSEO) 4.9.9\" \/>\n\t\t<meta property=\"og:locale\" content=\"en_GB\" \/>\n\t\t<meta property=\"og:site_name\" content=\"WorldRally.eu \u00bb\" \/>\n\t\t<meta property=\"og:type\" content=\"article\" \/>\n\t\t<meta property=\"og:title\" content=\"Kara dla Ogiera \u00bb WorldRally.eu\" \/>\n\t\t<meta property=\"og:description\" content=\"S\u00e9bastien Ogier zosta\u0142 ukarany minutow\u0105 kar\u0105 czasow\u0105 za nieprawid\u0142owe zapi\u0119cie pas\u00f3w bezpiecze\u0144stwa podczas jazdy na odcinku OS 2 Rajdu Chorwacji. Ogier wyja\u015bni\u0142, \u017ce po zmianie ko\u0142a na OS2 zapi\u0105\u0142 pasy bezpiecze\u0144stwa i zacz\u0105\u0142 jecha\u0107 pocz\u0105tkowo powoli, a\u017c pasy bezpiecze\u0144stwa zosta\u0142y prawid\u0142owo zapi\u0119te. Nast\u0119pnie poprosi\u0142 pilota Landaisa o potwierdzenie, czy jest gotowy i czy mog\u0105 rozpocz\u0105\u0107\" \/>\n\t\t<meta property=\"og:url\" content=\"https:\/\/www.worldrally.eu\/index.php\/2023\/04\/21\/kara-dla-ogiera\/\" \/>\n\t\t<meta property=\"og:image\" content=\"https:\/\/www.worldrally.eu\/wp-content\/uploads\/2023\/04\/210423_OGIER_PENALTY_270f7_f_1400x788-1.jpg\" \/>\n\t\t<meta property=\"og:image:secure_url\" content=\"https:\/\/www.worldrally.eu\/wp-content\/uploads\/2023\/04\/210423_OGIER_PENALTY_270f7_f_1400x788-1.jpg\" \/>\n\t\t<meta property=\"og:image:width\" content=\"1400\" \/>\n\t\t<meta property=\"og:image:height\" content=\"788\" \/>\n\t\t<meta property=\"article:published_time\" content=\"2023-04-21T22:43:28+00:00\" \/>\n\t\t<meta property=\"article:modified_time\" content=\"2023-04-21T22:47:55+00:00\" \/>\n\t\t<meta name=\"twitter:card\" content=\"summary_large_image\" \/>\n\t\t<meta name=\"twitter:title\" content=\"Kara dla Ogiera \u00bb WorldRally.eu\" \/>\n\t\t<meta name=\"twitter:description\" content=\"S\u00e9bastien Ogier zosta\u0142 ukarany minutow\u0105 kar\u0105 czasow\u0105 za nieprawid\u0142owe zapi\u0119cie pas\u00f3w bezpiecze\u0144stwa podczas jazdy na odcinku OS 2 Rajdu Chorwacji. Ogier wyja\u015bni\u0142, \u017ce po zmianie ko\u0142a na OS2 zapi\u0105\u0142 pasy bezpiecze\u0144stwa i zacz\u0105\u0142 jecha\u0107 pocz\u0105tkowo powoli, a\u017c pasy bezpiecze\u0144stwa zosta\u0142y prawid\u0142owo zapi\u0119te. Nast\u0119pnie poprosi\u0142 pilota Landaisa o potwierdzenie, czy jest gotowy i czy mog\u0105 rozpocz\u0105\u0107\" \/>\n\t\t<meta name=\"twitter:image\" content=\"https:\/\/www.worldrally.eu\/wp-content\/uploads\/2023\/04\/210423_OGIER_PENALTY_270f7_f_1400x788-1.jpg\" \/>\n\t\t<script type=\"application\/ld+json\" class=\"aioseo-schema\">\n\t\t\t{\"@context\":\"https:\\\/\\\/schema.org\",\"@graph\":[{\"@type\":\"BlogPosting\",\"@id\":\"https:\\\/\\\/www.worldrally.eu\\\/index.php\\\/2023\\\/04\\\/21\\\/kara-dla-ogiera\\\/#blogposting\",\"name\":\"Kara dla Ogiera \\u00bb WorldRally.eu\",\"headline\":\"Kara dla Ogiera\",\"author\":{\"@id\":\"https:\\\/\\\/www.worldrally.eu\\\/index.php\\\/author\\\/slawek\\\/#author\"},\"publisher\":{\"@id\":\"https:\\\/\\\/www.worldrally.eu\\\/#organization\"},\"image\":{\"@type\":\"ImageObject\",\"url\":\"https:\\\/\\\/www.worldrally.eu\\\/wp-content\\\/uploads\\\/2023\\\/04\\\/210423_OGIER_PENALTY_270f7_f_1400x788-1.jpg\",\"width\":1400,\"height\":788},\"datePublished\":\"2023-04-21T22:43:28+00:00\",\"dateModified\":\"2023-04-21T22:47:55+00:00\",\"inLanguage\":\"en-GB\",\"mainEntityOfPage\":{\"@id\":\"https:\\\/\\\/www.worldrally.eu\\\/index.php\\\/2023\\\/04\\\/21\\\/kara-dla-ogiera\\\/#webpage\"},\"isPartOf\":{\"@id\":\"https:\\\/\\\/www.worldrally.eu\\\/index.php\\\/2023\\\/04\\\/21\\\/kara-dla-ogiera\\\/#webpage\"},\"articleSection\":\"WRC\"},{\"@type\":\"BreadcrumbList\",\"@id\":\"https:\\\/\\\/www.worldrally.eu\\\/index.php\\\/2023\\\/04\\\/21\\\/kara-dla-ogiera\\\/#breadcrumblist\",\"itemListElement\":[{\"@type\":\"ListItem\",\"@id\":\"https:\\\/\\\/www.worldrally.eu#listItem\",\"position\":1,\"name\":\"Home\",\"item\":\"https:\\\/\\\/www.worldrally.eu\",\"nextItem\":{\"@type\":\"ListItem\",\"@id\":\"https:\\\/\\\/www.worldrally.eu\\\/index.php\\\/category\\\/wrc\\\/#listItem\",\"name\":\"WRC\"}},{\"@type\":\"ListItem\",\"@id\":\"https:\\\/\\\/www.worldrally.eu\\\/index.php\\\/category\\\/wrc\\\/#listItem\",\"position\":2,\"name\":\"WRC\",\"item\":\"https:\\\/\\\/www.worldrally.eu\\\/index.php\\\/category\\\/wrc\\\/\",\"nextItem\":{\"@type\":\"ListItem\",\"@id\":\"https:\\\/\\\/www.worldrally.eu\\\/index.php\\\/2023\\\/04\\\/21\\\/kara-dla-ogiera\\\/#listItem\",\"name\":\"Kara dla Ogiera\"},\"previousItem\":{\"@type\":\"ListItem\",\"@id\":\"https:\\\/\\\/www.worldrally.eu#listItem\",\"name\":\"Home\"}},{\"@type\":\"ListItem\",\"@id\":\"https:\\\/\\\/www.worldrally.eu\\\/index.php\\\/2023\\\/04\\\/21\\\/kara-dla-ogiera\\\/#listItem\",\"position\":3,\"name\":\"Kara dla Ogiera\",\"previousItem\":{\"@type\":\"ListItem\",\"@id\":\"https:\\\/\\\/www.worldrally.eu\\\/index.php\\\/category\\\/wrc\\\/#listItem\",\"name\":\"WRC\"}}]},{\"@type\":\"Organization\",\"@id\":\"https:\\\/\\\/www.worldrally.eu\\\/#organization\",\"name\":\"WorldRally.eu\",\"url\":\"https:\\\/\\\/www.worldrally.eu\\\/\",\"logo\":{\"@type\":\"ImageObject\",\"url\":\"https:\\\/\\\/www.worldrally.eu\\\/wp-content\\\/uploads\\\/2026\\\/01\\\/cropped-logo-3.png\",\"@id\":\"https:\\\/\\\/www.worldrally.eu\\\/index.php\\\/2023\\\/04\\\/21\\\/kara-dla-ogiera\\\/#organizationLogo\",\"width\":2039,\"height\":756},\"image\":{\"@id\":\"https:\\\/\\\/www.worldrally.eu\\\/index.php\\\/2023\\\/04\\\/21\\\/kara-dla-ogiera\\\/#organizationLogo\"}},{\"@type\":\"Person\",\"@id\":\"https:\\\/\\\/www.worldrally.eu\\\/index.php\\\/author\\\/slawek\\\/#author\",\"url\":\"https:\\\/\\\/www.worldrally.eu\\\/index.php\\\/author\\\/slawek\\\/\",\"name\":\"Slawek\",\"image\":{\"@type\":\"ImageObject\",\"@id\":\"https:\\\/\\\/www.worldrally.eu\\\/index.php\\\/2023\\\/04\\\/21\\\/kara-dla-ogiera\\\/#authorImage\",\"url\":\"https:\\\/\\\/secure.gravatar.com\\\/avatar\\\/69f360f7dae72083ae4bc4ab808684e60db7862f2a4c55f482a5c339df672fd5?s=96&d=mm&r=g\",\"width\":96,\"height\":96,\"caption\":\"Slawek\"}},{\"@type\":\"WebPage\",\"@id\":\"https:\\\/\\\/www.worldrally.eu\\\/index.php\\\/2023\\\/04\\\/21\\\/kara-dla-ogiera\\\/#webpage\",\"url\":\"https:\\\/\\\/www.worldrally.eu\\\/index.php\\\/2023\\\/04\\\/21\\\/kara-dla-ogiera\\\/\",\"name\":\"Kara dla Ogiera \\u00bb WorldRally.eu\",\"description\":\"S\\u00e9bastien Ogier zosta\\u0142 ukarany minutow\\u0105 kar\\u0105 czasow\\u0105 za nieprawid\\u0142owe zapi\\u0119cie pas\\u00f3w bezpiecze\\u0144stwa podczas jazdy na odcinku OS 2 Rajdu Chorwacji. Ogier wyja\\u015bni\\u0142, \\u017ce po zmianie ko\\u0142a na OS2 zapi\\u0105\\u0142 pasy bezpiecze\\u0144stwa i zacz\\u0105\\u0142 jecha\\u0107 pocz\\u0105tkowo powoli, a\\u017c pasy bezpiecze\\u0144stwa zosta\\u0142y prawid\\u0142owo zapi\\u0119te. Nast\\u0119pnie poprosi\\u0142 pilota Landaisa o potwierdzenie, czy jest gotowy i czy mog\\u0105 rozpocz\\u0105\\u0107\",\"inLanguage\":\"en-GB\",\"isPartOf\":{\"@id\":\"https:\\\/\\\/www.worldrally.eu\\\/#website\"},\"breadcrumb\":{\"@id\":\"https:\\\/\\\/www.worldrally.eu\\\/index.php\\\/2023\\\/04\\\/21\\\/kara-dla-ogiera\\\/#breadcrumblist\"},\"author\":{\"@id\":\"https:\\\/\\\/www.worldrally.eu\\\/index.php\\\/author\\\/slawek\\\/#author\"},\"creator\":{\"@id\":\"https:\\\/\\\/www.worldrally.eu\\\/index.php\\\/author\\\/slawek\\\/#author\"},\"image\":{\"@type\":\"ImageObject\",\"url\":\"https:\\\/\\\/www.worldrally.eu\\\/wp-content\\\/uploads\\\/2023\\\/04\\\/210423_OGIER_PENALTY_270f7_f_1400x788-1.jpg\",\"@id\":\"https:\\\/\\\/www.worldrally.eu\\\/index.php\\\/2023\\\/04\\\/21\\\/kara-dla-ogiera\\\/#mainImage\",\"width\":1400,\"height\":788},\"primaryImageOfPage\":{\"@id\":\"https:\\\/\\\/www.worldrally.eu\\\/index.php\\\/2023\\\/04\\\/21\\\/kara-dla-ogiera\\\/#mainImage\"},\"datePublished\":\"2023-04-21T22:43:28+00:00\",\"dateModified\":\"2023-04-21T22:47:55+00:00\"},{\"@type\":\"WebSite\",\"@id\":\"https:\\\/\\\/www.worldrally.eu\\\/#website\",\"url\":\"https:\\\/\\\/www.worldrally.eu\\\/\",\"name\":\"WorldRally.eu\",\"inLanguage\":\"en-GB\",\"publisher\":{\"@id\":\"https:\\\/\\\/www.worldrally.eu\\\/#organization\"}}]}\n\t\t<\/script>\n\t\t<!-- All in One SEO -->\n\n","aioseo_head_json":{"title":"Kara dla Ogiera \u00bb WorldRally.eu","description":"S\u00e9bastien Ogier zosta\u0142 ukarany minutow\u0105 kar\u0105 czasow\u0105 za nieprawid\u0142owe zapi\u0119cie pas\u00f3w bezpiecze\u0144stwa podczas jazdy na odcinku OS 2 Rajdu Chorwacji. Ogier wyja\u015bni\u0142, \u017ce po zmianie ko\u0142a na OS2 zapi\u0105\u0142 pasy bezpiecze\u0144stwa i zacz\u0105\u0142 jecha\u0107 pocz\u0105tkowo powoli, a\u017c pasy bezpiecze\u0144stwa zosta\u0142y prawid\u0142owo zapi\u0119te. Nast\u0119pnie poprosi\u0142 pilota Landaisa o potwierdzenie, czy jest gotowy i czy mog\u0105 rozpocz\u0105\u0107","canonical_url":"https:\/\/www.worldrally.eu\/index.php\/2023\/04\/21\/kara-dla-ogiera\/","robots":"max-image-preview:large","keywords":"","webmasterTools":{"miscellaneous":""},"schema":{"@context":"https:\/\/schema.org","@graph":[{"@type":"BlogPosting","@id":"https:\/\/www.worldrally.eu\/index.php\/2023\/04\/21\/kara-dla-ogiera\/#blogposting","name":"Kara dla Ogiera \u00bb WorldRally.eu","headline":"Kara dla Ogiera","author":{"@id":"https:\/\/www.worldrally.eu\/index.php\/author\/slawek\/#author"},"publisher":{"@id":"https:\/\/www.worldrally.eu\/#organization"},"image":{"@type":"ImageObject","url":"https:\/\/www.worldrally.eu\/wp-content\/uploads\/2023\/04\/210423_OGIER_PENALTY_270f7_f_1400x788-1.jpg","width":1400,"height":788},"datePublished":"2023-04-21T22:43:28+00:00","dateModified":"2023-04-21T22:47:55+00:00","inLanguage":"en-GB","mainEntityOfPage":{"@id":"https:\/\/www.worldrally.eu\/index.php\/2023\/04\/21\/kara-dla-ogiera\/#webpage"},"isPartOf":{"@id":"https:\/\/www.worldrally.eu\/index.php\/2023\/04\/21\/kara-dla-ogiera\/#webpage"},"articleSection":"WRC"},{"@type":"BreadcrumbList","@id":"https:\/\/www.worldrally.eu\/index.php\/2023\/04\/21\/kara-dla-ogiera\/#breadcrumblist","itemListElement":[{"@type":"ListItem","@id":"https:\/\/www.worldrally.eu#listItem","position":1,"name":"Home","item":"https:\/\/www.worldrally.eu","nextItem":{"@type":"ListItem","@id":"https:\/\/www.worldrally.eu\/index.php\/category\/wrc\/#listItem","name":"WRC"}},{"@type":"ListItem","@id":"https:\/\/www.worldrally.eu\/index.php\/category\/wrc\/#listItem","position":2,"name":"WRC","item":"https:\/\/www.worldrally.eu\/index.php\/category\/wrc\/","nextItem":{"@type":"ListItem","@id":"https:\/\/www.worldrally.eu\/index.php\/2023\/04\/21\/kara-dla-ogiera\/#listItem","name":"Kara dla Ogiera"},"previousItem":{"@type":"ListItem","@id":"https:\/\/www.worldrally.eu#listItem","name":"Home"}},{"@type":"ListItem","@id":"https:\/\/www.worldrally.eu\/index.php\/2023\/04\/21\/kara-dla-ogiera\/#listItem","position":3,"name":"Kara dla Ogiera","previousItem":{"@type":"ListItem","@id":"https:\/\/www.worldrally.eu\/index.php\/category\/wrc\/#listItem","name":"WRC"}}]},{"@type":"Organization","@id":"https:\/\/www.worldrally.eu\/#organization","name":"WorldRally.eu","url":"https:\/\/www.worldrally.eu\/","logo":{"@type":"ImageObject","url":"https:\/\/www.worldrally.eu\/wp-content\/uploads\/2026\/01\/cropped-logo-3.png","@id":"https:\/\/www.worldrally.eu\/index.php\/2023\/04\/21\/kara-dla-ogiera\/#organizationLogo","width":2039,"height":756},"image":{"@id":"https:\/\/www.worldrally.eu\/index.php\/2023\/04\/21\/kara-dla-ogiera\/#organizationLogo"}},{"@type":"Person","@id":"https:\/\/www.worldrally.eu\/index.php\/author\/slawek\/#author","url":"https:\/\/www.worldrally.eu\/index.php\/author\/slawek\/","name":"Slawek","image":{"@type":"ImageObject","@id":"https:\/\/www.worldrally.eu\/index.php\/2023\/04\/21\/kara-dla-ogiera\/#authorImage","url":"https:\/\/secure.gravatar.com\/avatar\/69f360f7dae72083ae4bc4ab808684e60db7862f2a4c55f482a5c339df672fd5?s=96&d=mm&r=g","width":96,"height":96,"caption":"Slawek"}},{"@type":"WebPage","@id":"https:\/\/www.worldrally.eu\/index.php\/2023\/04\/21\/kara-dla-ogiera\/#webpage","url":"https:\/\/www.worldrally.eu\/index.php\/2023\/04\/21\/kara-dla-ogiera\/","name":"Kara dla Ogiera \u00bb WorldRally.eu","description":"S\u00e9bastien Ogier zosta\u0142 ukarany minutow\u0105 kar\u0105 czasow\u0105 za nieprawid\u0142owe zapi\u0119cie pas\u00f3w bezpiecze\u0144stwa podczas jazdy na odcinku OS 2 Rajdu Chorwacji. Ogier wyja\u015bni\u0142, \u017ce po zmianie ko\u0142a na OS2 zapi\u0105\u0142 pasy bezpiecze\u0144stwa i zacz\u0105\u0142 jecha\u0107 pocz\u0105tkowo powoli, a\u017c pasy bezpiecze\u0144stwa zosta\u0142y prawid\u0142owo zapi\u0119te. Nast\u0119pnie poprosi\u0142 pilota Landaisa o potwierdzenie, czy jest gotowy i czy mog\u0105 rozpocz\u0105\u0107","inLanguage":"en-GB","isPartOf":{"@id":"https:\/\/www.worldrally.eu\/#website"},"breadcrumb":{"@id":"https:\/\/www.worldrally.eu\/index.php\/2023\/04\/21\/kara-dla-ogiera\/#breadcrumblist"},"author":{"@id":"https:\/\/www.worldrally.eu\/index.php\/author\/slawek\/#author"},"creator":{"@id":"https:\/\/www.worldrally.eu\/index.php\/author\/slawek\/#author"},"image":{"@type":"ImageObject","url":"https:\/\/www.worldrally.eu\/wp-content\/uploads\/2023\/04\/210423_OGIER_PENALTY_270f7_f_1400x788-1.jpg","@id":"https:\/\/www.worldrally.eu\/index.php\/2023\/04\/21\/kara-dla-ogiera\/#mainImage","width":1400,"height":788},"primaryImageOfPage":{"@id":"https:\/\/www.worldrally.eu\/index.php\/2023\/04\/21\/kara-dla-ogiera\/#mainImage"},"datePublished":"2023-04-21T22:43:28+00:00","dateModified":"2023-04-21T22:47:55+00:00"},{"@type":"WebSite","@id":"https:\/\/www.worldrally.eu\/#website","url":"https:\/\/www.worldrally.eu\/","name":"WorldRally.eu","inLanguage":"en-GB","publisher":{"@id":"https:\/\/www.worldrally.eu\/#organization"}}]},"og:locale":"en_GB","og:site_name":"WorldRally.eu \u00bb","og:type":"article","og:title":"Kara dla Ogiera \u00bb WorldRally.eu","og:description":"S\u00e9bastien Ogier zosta\u0142 ukarany minutow\u0105 kar\u0105 czasow\u0105 za nieprawid\u0142owe zapi\u0119cie pas\u00f3w bezpiecze\u0144stwa podczas jazdy na odcinku OS 2 Rajdu Chorwacji. Ogier wyja\u015bni\u0142, \u017ce po zmianie ko\u0142a na OS2 zapi\u0105\u0142 pasy bezpiecze\u0144stwa i zacz\u0105\u0142 jecha\u0107 pocz\u0105tkowo powoli, a\u017c pasy bezpiecze\u0144stwa zosta\u0142y prawid\u0142owo zapi\u0119te. Nast\u0119pnie poprosi\u0142 pilota Landaisa o potwierdzenie, czy jest gotowy i czy mog\u0105 rozpocz\u0105\u0107","og:url":"https:\/\/www.worldrally.eu\/index.php\/2023\/04\/21\/kara-dla-ogiera\/","og:image":"https:\/\/www.worldrally.eu\/wp-content\/uploads\/2023\/04\/210423_OGIER_PENALTY_270f7_f_1400x788-1.jpg","og:image:secure_url":"https:\/\/www.worldrally.eu\/wp-content\/uploads\/2023\/04\/210423_OGIER_PENALTY_270f7_f_1400x788-1.jpg","og:image:width":1400,"og:image:height":788,"article:published_time":"2023-04-21T22:43:28+00:00","article:modified_time":"2023-04-21T22:47:55+00:00","twitter:card":"summary_large_image","twitter:title":"Kara dla Ogiera \u00bb WorldRally.eu","twitter:description":"S\u00e9bastien Ogier zosta\u0142 ukarany minutow\u0105 kar\u0105 czasow\u0105 za nieprawid\u0142owe zapi\u0119cie pas\u00f3w bezpiecze\u0144stwa podczas jazdy na odcinku OS 2 Rajdu Chorwacji. Ogier wyja\u015bni\u0142, \u017ce po zmianie ko\u0142a na OS2 zapi\u0105\u0142 pasy bezpiecze\u0144stwa i zacz\u0105\u0142 jecha\u0107 pocz\u0105tkowo powoli, a\u017c pasy bezpiecze\u0144stwa zosta\u0142y prawid\u0142owo zapi\u0119te. Nast\u0119pnie poprosi\u0142 pilota Landaisa o potwierdzenie, czy jest gotowy i czy mog\u0105 rozpocz\u0105\u0107","twitter:image":"https:\/\/www.worldrally.eu\/wp-content\/uploads\/2023\/04\/210423_OGIER_PENALTY_270f7_f_1400x788-1.jpg"},"aioseo_meta_data":{"post_id":"1202","title":null,"description":null,"keywords":null,"keyphrases":null,"primary_term":null,"canonical_url":null,"og_title":null,"og_description":null,"og_object_type":"default","og_image_type":"default","og_image_url":null,"og_image_width":null,"og_image_height":null,"og_image_custom_url":null,"og_image_custom_fields":null,"og_video":null,"og_custom_url":null,"og_article_section":null,"og_article_tags":null,"twitter_use_og":false,"twitter_card":"default","twitter_image_type":"default","twitter_image_url":null,"twitter_image_custom_url":null,"twitter_image_custom_fields":null,"twitter_title":null,"twitter_description":null,"schema":{"blockGraphs":[],"customGraphs":[],"default":{"data":{"Article":[],"Course":[],"Dataset":[],"FAQPage":[],"Movie":[],"Person":[],"Product":[],"ProductReview":[],"Car":[],"Recipe":[],"Service":[],"SoftwareApplication":[],"WebPage":[]},"graphName":"","isEnabled":true},"graphs":[]},"schema_type":"default","schema_type_options":null,"pillar_content":false,"robots_default":true,"robots_noindex":false,"robots_noarchive":false,"robots_nosnippet":false,"robots_nofollow":false,"robots_noimageindex":false,"robots_noodp":false,"robots_notranslate":false,"robots_max_snippet":null,"robots_max_videopreview":null,"robots_max_imagepreview":"large","priority":null,"frequency":null,"local_seo":null,"breadcrumb_settings":null,"limit_modified_date":false,"ai":null,"created":"2025-03-22 06:09:38","updated":"2025-10-26 10:02:09","seo_analyzer_scan_date":null},"aioseo_breadcrumb":"<div class=\"aioseo-breadcrumbs\"><span class=\"aioseo-breadcrumb\">\n\t\t\t<a href=\"https:\/\/www.worldrally.eu\" title=\"Home\">Home<\/a>\n\t\t<\/span><span class=\"aioseo-breadcrumb-separator\">&raquo;<\/span><span class=\"aioseo-breadcrumb\">\n\t\t\t<a href=\"https:\/\/www.worldrally.eu\/index.php\/category\/wrc\/\" title=\"WRC\">WRC<\/a>\n\t\t<\/span><span class=\"aioseo-breadcrumb-separator\">&raquo;<\/span><span class=\"aioseo-breadcrumb\">\n\t\t\tKara dla Ogiera\n\t\t<\/span><\/div>","aioseo_breadcrumb_json":[{"label":"Home","link":"https:\/\/www.worldrally.eu"},{"label":"WRC","link":"https:\/\/www.worldrally.eu\/index.php\/category\/wrc\/"},{"label":"Kara dla Ogiera","link":"https:\/\/www.worldrally.eu\/index.php\/2023\/04\/21\/kara-dla-ogiera\/"}],"cc_featured_image_caption":{"caption_text":"Foto-WRCcom","source_text":"","source_url":""},"_links":{"self":[{"href":"https:\/\/www.worldrally.eu\/index.php\/wp-json\/wp\/v2\/posts\/1202","targetHints":{"allow":["GET"]}}],"collection":[{"href":"https:\/\/www.worldrally.eu\/index.php\/wp-json\/wp\/v2\/posts"}],"about":[{"href":"https:\/\/www.worldrally.eu\/index.php\/wp-json\/wp\/v2\/types\/post"}],"author":[{"embeddable":true,"href":"https:\/\/www.worldrally.eu\/index.php\/wp-json\/wp\/v2\/users\/4"}],"replies":[{"embeddable":true,"href":"https:\/\/www.worldrally.eu\/index.php\/wp-json\/wp\/v2\/comments?post=1202"}],"version-history":[{"count":2,"href":"https:\/\/www.worldrally.eu\/index.php\/wp-json\/wp\/v2\/posts\/1202\/revisions"}],"predecessor-version":[{"id":1206,"href":"https:\/\/www.worldrally.eu\/index.php\/wp-json\/wp\/v2\/posts\/1202\/revisions\/1206"}],"wp:featuredmedia":[{"embeddable":true,"href":"https:\/\/www.worldrally.eu\/index.php\/wp-json\/wp\/v2\/media\/1204"}],"wp:attachment":[{"href":"https:\/\/www.worldrally.eu\/index.php\/wp-json\/wp\/v2\/media?parent=1202"}],"wp:term":[{"taxonomy":"category","embeddable":true,"href":"https:\/\/www.worldrally.eu\/index.php\/wp-json\/wp\/v2\/categories?post=1202"},{"taxonomy":"post_tag","embeddable":true,"href":"https:\/\/www.worldrally.eu\/index.php\/wp-json\/wp\/v2\/tags?post=1202"}],"curies":[{"name":"wp","href":"https:\/\/api.w.org\/{rel}","templated":true}]}}