{"id":1149,"date":"2021-06-26T17:14:00","date_gmt":"2021-06-26T17:14:00","guid":{"rendered":"https:\/\/www.worldrally.eu\/?p=1149"},"modified":"2023-04-12T17:23:00","modified_gmt":"2023-04-12T17:23:00","slug":"breen-to-sprawilo-mi-duzo-przyjemnosci","status":"publish","type":"post","link":"https:\/\/www.worldrally.eu\/index.php\/2021\/06\/26\/breen-to-sprawilo-mi-duzo-przyjemnosci\/","title":{"rendered":"Breen, to sprawi\u0142o mi du\u017co przyjemno\u015bci."},"content":{"rendered":"\n<p class=\"wp-block-paragraph\">Trzy zwyci\u0119stwa etapowe Craiga Breena na ORLEN 77. Rajdzie Polski w ubieg\u0142y weekend nie tylko pomog\u0142y mu w z\u0142apaniu pewno\u015bci siebie ale pokaza\u0142o te\u017c jak dobrze zesp\u00f3\u0142 MRF Tyres sobie radzi\u0142 z przeciwno\u015bciami.<\/p>\n\n\n\n<p class=\"wp-block-paragraph\">Breen by\u0142 w pierwszej pi\u0105tce otwieraj\u0105cego sezon Rajdowych Mistrzostw Europy, kiedy zosta\u0142 wypchni\u0119ty na si\u00f3dmym etapie przez zepsute zawieszenie. Ale jego niedzielny powr\u00f3t by\u0142 bardzo imponuj\u0105cy dzi\u0119ki trzem zwyci\u0119stwom etapowym i zdobyciu drugiego miejsca za kierownic\u0105 Hyundaia i20 R5, kt\u00f3rym dzieli si\u0119 z pilotem Paulem Naglem.<\/p>\n\n\n\n<blockquote class=\"wp-block-quote is-layout-flow wp-block-quote-is-layout-flow\">\n<p class=\"wp-block-paragraph\">Dowiedzieli\u015bmy si\u0119, \u017ce opony id\u0105 w dobrym kierunku, wa\u017cne by\u0142o zdobycie trzech zwyci\u0119stw etapowych. By\u0142o przyjemnie, dobrze znowu wsi\u0105\u015b\u0107 do samochodu i przejecha\u0107 troch\u0119 dobrego przebiegu. Dobrze jest mie\u0107 tempo, troch\u0119 czasu zajmuje ponowne wsiadanie do samochodu R5 , trudno jest wr\u00f3ci\u0107 do tego z powrotem. Ale w ko\u0144cu wysz\u0142o dobrze i musimy by\u0107 ca\u0142kiem zadowoleni ze wszystkiego.<\/p>\n<cite>powiedzia\u0142 Breen<\/cite><\/blockquote>\n","protected":false},"excerpt":{"rendered":"<p>Trzy zwyci\u0119stwa etapowe Craiga Breena na ORLEN 77. Rajdzie Polski w ubieg\u0142y weekend nie tylko pomog\u0142y mu w z\u0142apaniu pewno\u015bci siebie ale pokaza\u0142o te\u017c jak dobrze zesp\u00f3\u0142 MRF Tyres sobie radzi\u0142 z przeciwno\u015bciami. Breen by\u0142 w pierwszej pi\u0105tce otwieraj\u0105cego sezon Rajdowych Mistrzostw Europy, kiedy zosta\u0142 wypchni\u0119ty na si\u00f3dmym etapie przez zepsute zawieszenie. Ale jego niedzielny [&hellip;]<\/p>\n","protected":false},"author":1,"featured_media":1150,"comment_status":"closed","ping_status":"closed","sticky":false,"template":"","format":"standard","meta":{"_monsterinsights_skip_tracking":false,"_monsterinsights_sitenote_active":false,"_monsterinsights_sitenote_note":"","_monsterinsights_sitenote_category":0,"footnotes":""},"categories":[4],"tags":[],"class_list":["post-1149","post","type-post","status-publish","format-standard","has-post-thumbnail","hentry","category-erc"],"aioseo_notices":[],"aioseo_head":"\n\t\t<!-- All in One SEO 4.9.9 - aioseo.com -->\n\t<meta name=\"description\" content=\"Trzy zwyci\u0119stwa etapowe Craiga Breena na ORLEN 77. Rajdzie Polski w ubieg\u0142y weekend nie tylko pomog\u0142y mu w z\u0142apaniu pewno\u015bci siebie ale pokaza\u0142o te\u017c jak dobrze zesp\u00f3\u0142 MRF Tyres sobie radzi\u0142 z przeciwno\u015bciami. Breen by\u0142 w pierwszej pi\u0105tce otwieraj\u0105cego sezon Rajdowych Mistrzostw Europy, kiedy zosta\u0142 wypchni\u0119ty na si\u00f3dmym etapie przez zepsute zawieszenie. Ale jego niedzielny\" \/>\n\t<meta name=\"robots\" content=\"max-image-preview:large\" \/>\n\t<meta name=\"author\" content=\"Junior\"\/>\n\t<link rel=\"canonical\" href=\"https:\/\/www.worldrally.eu\/index.php\/2021\/06\/26\/breen-to-sprawilo-mi-duzo-przyjemnosci\/\" \/>\n\t<meta name=\"generator\" content=\"All in One SEO (AIOSEO) 4.9.9\" \/>\n\t\t<meta property=\"og:locale\" content=\"en_GB\" \/>\n\t\t<meta property=\"og:site_name\" content=\"WorldRally.eu \u00bb\" \/>\n\t\t<meta property=\"og:type\" content=\"article\" \/>\n\t\t<meta property=\"og:title\" content=\"Breen, to sprawi\u0142o mi du\u017co przyjemno\u015bci. \u00bb WorldRally.eu\" \/>\n\t\t<meta property=\"og:description\" content=\"Trzy zwyci\u0119stwa etapowe Craiga Breena na ORLEN 77. Rajdzie Polski w ubieg\u0142y weekend nie tylko pomog\u0142y mu w z\u0142apaniu pewno\u015bci siebie ale pokaza\u0142o te\u017c jak dobrze zesp\u00f3\u0142 MRF Tyres sobie radzi\u0142 z przeciwno\u015bciami. Breen by\u0142 w pierwszej pi\u0105tce otwieraj\u0105cego sezon Rajdowych Mistrzostw Europy, kiedy zosta\u0142 wypchni\u0119ty na si\u00f3dmym etapie przez zepsute zawieszenie. Ale jego niedzielny\" \/>\n\t\t<meta property=\"og:url\" content=\"https:\/\/www.worldrally.eu\/index.php\/2021\/06\/26\/breen-to-sprawilo-mi-duzo-przyjemnosci\/\" \/>\n\t\t<meta property=\"og:image\" content=\"https:\/\/www.worldrally.eu\/wp-content\/uploads\/2023\/04\/IMG_6872.jpg\" \/>\n\t\t<meta property=\"og:image:secure_url\" content=\"https:\/\/www.worldrally.eu\/wp-content\/uploads\/2023\/04\/IMG_6872.jpg\" \/>\n\t\t<meta property=\"og:image:width\" content=\"1620\" \/>\n\t\t<meta property=\"og:image:height\" content=\"1080\" \/>\n\t\t<meta property=\"article:published_time\" content=\"2021-06-26T17:14:00+00:00\" \/>\n\t\t<meta property=\"article:modified_time\" content=\"2023-04-12T17:23:00+00:00\" \/>\n\t\t<meta name=\"twitter:card\" content=\"summary_large_image\" \/>\n\t\t<meta name=\"twitter:title\" content=\"Breen, to sprawi\u0142o mi du\u017co przyjemno\u015bci. \u00bb WorldRally.eu\" \/>\n\t\t<meta name=\"twitter:description\" content=\"Trzy zwyci\u0119stwa etapowe Craiga Breena na ORLEN 77. Rajdzie Polski w ubieg\u0142y weekend nie tylko pomog\u0142y mu w z\u0142apaniu pewno\u015bci siebie ale pokaza\u0142o te\u017c jak dobrze zesp\u00f3\u0142 MRF Tyres sobie radzi\u0142 z przeciwno\u015bciami. Breen by\u0142 w pierwszej pi\u0105tce otwieraj\u0105cego sezon Rajdowych Mistrzostw Europy, kiedy zosta\u0142 wypchni\u0119ty na si\u00f3dmym etapie przez zepsute zawieszenie. Ale jego niedzielny\" \/>\n\t\t<meta name=\"twitter:image\" content=\"https:\/\/www.worldrally.eu\/wp-content\/uploads\/2023\/04\/IMG_6872.jpg\" \/>\n\t\t<script type=\"application\/ld+json\" class=\"aioseo-schema\">\n\t\t\t{\"@context\":\"https:\\\/\\\/schema.org\",\"@graph\":[{\"@type\":\"BlogPosting\",\"@id\":\"https:\\\/\\\/www.worldrally.eu\\\/index.php\\\/2021\\\/06\\\/26\\\/breen-to-sprawilo-mi-duzo-przyjemnosci\\\/#blogposting\",\"name\":\"Breen, to sprawi\\u0142o mi du\\u017co przyjemno\\u015bci. \\u00bb WorldRally.eu\",\"headline\":\"Breen, to sprawi\\u0142o mi du\\u017co przyjemno\\u015bci.\",\"author\":{\"@id\":\"https:\\\/\\\/www.worldrally.eu\\\/index.php\\\/author\\\/admin\\\/#author\"},\"publisher\":{\"@id\":\"https:\\\/\\\/www.worldrally.eu\\\/#organization\"},\"image\":{\"@type\":\"ImageObject\",\"url\":\"https:\\\/\\\/www.worldrally.eu\\\/wp-content\\\/uploads\\\/2023\\\/04\\\/IMG_6872.jpg\",\"width\":1620,\"height\":1080},\"datePublished\":\"2021-06-26T17:14:00+00:00\",\"dateModified\":\"2023-04-12T17:23:00+00:00\",\"inLanguage\":\"en-GB\",\"mainEntityOfPage\":{\"@id\":\"https:\\\/\\\/www.worldrally.eu\\\/index.php\\\/2021\\\/06\\\/26\\\/breen-to-sprawilo-mi-duzo-przyjemnosci\\\/#webpage\"},\"isPartOf\":{\"@id\":\"https:\\\/\\\/www.worldrally.eu\\\/index.php\\\/2021\\\/06\\\/26\\\/breen-to-sprawilo-mi-duzo-przyjemnosci\\\/#webpage\"},\"articleSection\":\"ERC\"},{\"@type\":\"BreadcrumbList\",\"@id\":\"https:\\\/\\\/www.worldrally.eu\\\/index.php\\\/2021\\\/06\\\/26\\\/breen-to-sprawilo-mi-duzo-przyjemnosci\\\/#breadcrumblist\",\"itemListElement\":[{\"@type\":\"ListItem\",\"@id\":\"https:\\\/\\\/www.worldrally.eu#listItem\",\"position\":1,\"name\":\"Home\",\"item\":\"https:\\\/\\\/www.worldrally.eu\",\"nextItem\":{\"@type\":\"ListItem\",\"@id\":\"https:\\\/\\\/www.worldrally.eu\\\/index.php\\\/category\\\/erc\\\/#listItem\",\"name\":\"ERC\"}},{\"@type\":\"ListItem\",\"@id\":\"https:\\\/\\\/www.worldrally.eu\\\/index.php\\\/category\\\/erc\\\/#listItem\",\"position\":2,\"name\":\"ERC\",\"item\":\"https:\\\/\\\/www.worldrally.eu\\\/index.php\\\/category\\\/erc\\\/\",\"nextItem\":{\"@type\":\"ListItem\",\"@id\":\"https:\\\/\\\/www.worldrally.eu\\\/index.php\\\/2021\\\/06\\\/26\\\/breen-to-sprawilo-mi-duzo-przyjemnosci\\\/#listItem\",\"name\":\"Breen, to sprawi\\u0142o mi du\\u017co przyjemno\\u015bci.\"},\"previousItem\":{\"@type\":\"ListItem\",\"@id\":\"https:\\\/\\\/www.worldrally.eu#listItem\",\"name\":\"Home\"}},{\"@type\":\"ListItem\",\"@id\":\"https:\\\/\\\/www.worldrally.eu\\\/index.php\\\/2021\\\/06\\\/26\\\/breen-to-sprawilo-mi-duzo-przyjemnosci\\\/#listItem\",\"position\":3,\"name\":\"Breen, to sprawi\\u0142o mi du\\u017co przyjemno\\u015bci.\",\"previousItem\":{\"@type\":\"ListItem\",\"@id\":\"https:\\\/\\\/www.worldrally.eu\\\/index.php\\\/category\\\/erc\\\/#listItem\",\"name\":\"ERC\"}}]},{\"@type\":\"Organization\",\"@id\":\"https:\\\/\\\/www.worldrally.eu\\\/#organization\",\"name\":\"WorldRally.eu\",\"url\":\"https:\\\/\\\/www.worldrally.eu\\\/\",\"logo\":{\"@type\":\"ImageObject\",\"url\":\"https:\\\/\\\/www.worldrally.eu\\\/wp-content\\\/uploads\\\/2026\\\/01\\\/cropped-logo-3.png\",\"@id\":\"https:\\\/\\\/www.worldrally.eu\\\/index.php\\\/2021\\\/06\\\/26\\\/breen-to-sprawilo-mi-duzo-przyjemnosci\\\/#organizationLogo\",\"width\":2039,\"height\":756},\"image\":{\"@id\":\"https:\\\/\\\/www.worldrally.eu\\\/index.php\\\/2021\\\/06\\\/26\\\/breen-to-sprawilo-mi-duzo-przyjemnosci\\\/#organizationLogo\"}},{\"@type\":\"Person\",\"@id\":\"https:\\\/\\\/www.worldrally.eu\\\/index.php\\\/author\\\/admin\\\/#author\",\"url\":\"https:\\\/\\\/www.worldrally.eu\\\/index.php\\\/author\\\/admin\\\/\",\"name\":\"Junior\",\"image\":{\"@type\":\"ImageObject\",\"@id\":\"https:\\\/\\\/www.worldrally.eu\\\/index.php\\\/2021\\\/06\\\/26\\\/breen-to-sprawilo-mi-duzo-przyjemnosci\\\/#authorImage\",\"url\":\"https:\\\/\\\/secure.gravatar.com\\\/avatar\\\/5bd369ac0447285dc20b588693ca1756d0179a7f957258050a42a968bf3b9d0a?s=96&d=mm&r=g\",\"width\":96,\"height\":96,\"caption\":\"Junior\"}},{\"@type\":\"WebPage\",\"@id\":\"https:\\\/\\\/www.worldrally.eu\\\/index.php\\\/2021\\\/06\\\/26\\\/breen-to-sprawilo-mi-duzo-przyjemnosci\\\/#webpage\",\"url\":\"https:\\\/\\\/www.worldrally.eu\\\/index.php\\\/2021\\\/06\\\/26\\\/breen-to-sprawilo-mi-duzo-przyjemnosci\\\/\",\"name\":\"Breen, to sprawi\\u0142o mi du\\u017co przyjemno\\u015bci. \\u00bb WorldRally.eu\",\"description\":\"Trzy zwyci\\u0119stwa etapowe Craiga Breena na ORLEN 77. Rajdzie Polski w ubieg\\u0142y weekend nie tylko pomog\\u0142y mu w z\\u0142apaniu pewno\\u015bci siebie ale pokaza\\u0142o te\\u017c jak dobrze zesp\\u00f3\\u0142 MRF Tyres sobie radzi\\u0142 z przeciwno\\u015bciami. Breen by\\u0142 w pierwszej pi\\u0105tce otwieraj\\u0105cego sezon Rajdowych Mistrzostw Europy, kiedy zosta\\u0142 wypchni\\u0119ty na si\\u00f3dmym etapie przez zepsute zawieszenie. Ale jego niedzielny\",\"inLanguage\":\"en-GB\",\"isPartOf\":{\"@id\":\"https:\\\/\\\/www.worldrally.eu\\\/#website\"},\"breadcrumb\":{\"@id\":\"https:\\\/\\\/www.worldrally.eu\\\/index.php\\\/2021\\\/06\\\/26\\\/breen-to-sprawilo-mi-duzo-przyjemnosci\\\/#breadcrumblist\"},\"author\":{\"@id\":\"https:\\\/\\\/www.worldrally.eu\\\/index.php\\\/author\\\/admin\\\/#author\"},\"creator\":{\"@id\":\"https:\\\/\\\/www.worldrally.eu\\\/index.php\\\/author\\\/admin\\\/#author\"},\"image\":{\"@type\":\"ImageObject\",\"url\":\"https:\\\/\\\/www.worldrally.eu\\\/wp-content\\\/uploads\\\/2023\\\/04\\\/IMG_6872.jpg\",\"@id\":\"https:\\\/\\\/www.worldrally.eu\\\/index.php\\\/2021\\\/06\\\/26\\\/breen-to-sprawilo-mi-duzo-przyjemnosci\\\/#mainImage\",\"width\":1620,\"height\":1080},\"primaryImageOfPage\":{\"@id\":\"https:\\\/\\\/www.worldrally.eu\\\/index.php\\\/2021\\\/06\\\/26\\\/breen-to-sprawilo-mi-duzo-przyjemnosci\\\/#mainImage\"},\"datePublished\":\"2021-06-26T17:14:00+00:00\",\"dateModified\":\"2023-04-12T17:23:00+00:00\"},{\"@type\":\"WebSite\",\"@id\":\"https:\\\/\\\/www.worldrally.eu\\\/#website\",\"url\":\"https:\\\/\\\/www.worldrally.eu\\\/\",\"name\":\"WorldRally.eu\",\"inLanguage\":\"en-GB\",\"publisher\":{\"@id\":\"https:\\\/\\\/www.worldrally.eu\\\/#organization\"}}]}\n\t\t<\/script>\n\t\t<!-- All in One SEO -->\n\n","aioseo_head_json":{"title":"Breen, to sprawi\u0142o mi du\u017co przyjemno\u015bci. \u00bb WorldRally.eu","description":"Trzy zwyci\u0119stwa etapowe Craiga Breena na ORLEN 77. Rajdzie Polski w ubieg\u0142y weekend nie tylko pomog\u0142y mu w z\u0142apaniu pewno\u015bci siebie ale pokaza\u0142o te\u017c jak dobrze zesp\u00f3\u0142 MRF Tyres sobie radzi\u0142 z przeciwno\u015bciami. Breen by\u0142 w pierwszej pi\u0105tce otwieraj\u0105cego sezon Rajdowych Mistrzostw Europy, kiedy zosta\u0142 wypchni\u0119ty na si\u00f3dmym etapie przez zepsute zawieszenie. Ale jego niedzielny","canonical_url":"https:\/\/www.worldrally.eu\/index.php\/2021\/06\/26\/breen-to-sprawilo-mi-duzo-przyjemnosci\/","robots":"max-image-preview:large","keywords":"","webmasterTools":{"miscellaneous":""},"schema":{"@context":"https:\/\/schema.org","@graph":[{"@type":"BlogPosting","@id":"https:\/\/www.worldrally.eu\/index.php\/2021\/06\/26\/breen-to-sprawilo-mi-duzo-przyjemnosci\/#blogposting","name":"Breen, to sprawi\u0142o mi du\u017co przyjemno\u015bci. \u00bb WorldRally.eu","headline":"Breen, to sprawi\u0142o mi du\u017co przyjemno\u015bci.","author":{"@id":"https:\/\/www.worldrally.eu\/index.php\/author\/admin\/#author"},"publisher":{"@id":"https:\/\/www.worldrally.eu\/#organization"},"image":{"@type":"ImageObject","url":"https:\/\/www.worldrally.eu\/wp-content\/uploads\/2023\/04\/IMG_6872.jpg","width":1620,"height":1080},"datePublished":"2021-06-26T17:14:00+00:00","dateModified":"2023-04-12T17:23:00+00:00","inLanguage":"en-GB","mainEntityOfPage":{"@id":"https:\/\/www.worldrally.eu\/index.php\/2021\/06\/26\/breen-to-sprawilo-mi-duzo-przyjemnosci\/#webpage"},"isPartOf":{"@id":"https:\/\/www.worldrally.eu\/index.php\/2021\/06\/26\/breen-to-sprawilo-mi-duzo-przyjemnosci\/#webpage"},"articleSection":"ERC"},{"@type":"BreadcrumbList","@id":"https:\/\/www.worldrally.eu\/index.php\/2021\/06\/26\/breen-to-sprawilo-mi-duzo-przyjemnosci\/#breadcrumblist","itemListElement":[{"@type":"ListItem","@id":"https:\/\/www.worldrally.eu#listItem","position":1,"name":"Home","item":"https:\/\/www.worldrally.eu","nextItem":{"@type":"ListItem","@id":"https:\/\/www.worldrally.eu\/index.php\/category\/erc\/#listItem","name":"ERC"}},{"@type":"ListItem","@id":"https:\/\/www.worldrally.eu\/index.php\/category\/erc\/#listItem","position":2,"name":"ERC","item":"https:\/\/www.worldrally.eu\/index.php\/category\/erc\/","nextItem":{"@type":"ListItem","@id":"https:\/\/www.worldrally.eu\/index.php\/2021\/06\/26\/breen-to-sprawilo-mi-duzo-przyjemnosci\/#listItem","name":"Breen, to sprawi\u0142o mi du\u017co przyjemno\u015bci."},"previousItem":{"@type":"ListItem","@id":"https:\/\/www.worldrally.eu#listItem","name":"Home"}},{"@type":"ListItem","@id":"https:\/\/www.worldrally.eu\/index.php\/2021\/06\/26\/breen-to-sprawilo-mi-duzo-przyjemnosci\/#listItem","position":3,"name":"Breen, to sprawi\u0142o mi du\u017co przyjemno\u015bci.","previousItem":{"@type":"ListItem","@id":"https:\/\/www.worldrally.eu\/index.php\/category\/erc\/#listItem","name":"ERC"}}]},{"@type":"Organization","@id":"https:\/\/www.worldrally.eu\/#organization","name":"WorldRally.eu","url":"https:\/\/www.worldrally.eu\/","logo":{"@type":"ImageObject","url":"https:\/\/www.worldrally.eu\/wp-content\/uploads\/2026\/01\/cropped-logo-3.png","@id":"https:\/\/www.worldrally.eu\/index.php\/2021\/06\/26\/breen-to-sprawilo-mi-duzo-przyjemnosci\/#organizationLogo","width":2039,"height":756},"image":{"@id":"https:\/\/www.worldrally.eu\/index.php\/2021\/06\/26\/breen-to-sprawilo-mi-duzo-przyjemnosci\/#organizationLogo"}},{"@type":"Person","@id":"https:\/\/www.worldrally.eu\/index.php\/author\/admin\/#author","url":"https:\/\/www.worldrally.eu\/index.php\/author\/admin\/","name":"Junior","image":{"@type":"ImageObject","@id":"https:\/\/www.worldrally.eu\/index.php\/2021\/06\/26\/breen-to-sprawilo-mi-duzo-przyjemnosci\/#authorImage","url":"https:\/\/secure.gravatar.com\/avatar\/5bd369ac0447285dc20b588693ca1756d0179a7f957258050a42a968bf3b9d0a?s=96&d=mm&r=g","width":96,"height":96,"caption":"Junior"}},{"@type":"WebPage","@id":"https:\/\/www.worldrally.eu\/index.php\/2021\/06\/26\/breen-to-sprawilo-mi-duzo-przyjemnosci\/#webpage","url":"https:\/\/www.worldrally.eu\/index.php\/2021\/06\/26\/breen-to-sprawilo-mi-duzo-przyjemnosci\/","name":"Breen, to sprawi\u0142o mi du\u017co przyjemno\u015bci. \u00bb WorldRally.eu","description":"Trzy zwyci\u0119stwa etapowe Craiga Breena na ORLEN 77. Rajdzie Polski w ubieg\u0142y weekend nie tylko pomog\u0142y mu w z\u0142apaniu pewno\u015bci siebie ale pokaza\u0142o te\u017c jak dobrze zesp\u00f3\u0142 MRF Tyres sobie radzi\u0142 z przeciwno\u015bciami. Breen by\u0142 w pierwszej pi\u0105tce otwieraj\u0105cego sezon Rajdowych Mistrzostw Europy, kiedy zosta\u0142 wypchni\u0119ty na si\u00f3dmym etapie przez zepsute zawieszenie. Ale jego niedzielny","inLanguage":"en-GB","isPartOf":{"@id":"https:\/\/www.worldrally.eu\/#website"},"breadcrumb":{"@id":"https:\/\/www.worldrally.eu\/index.php\/2021\/06\/26\/breen-to-sprawilo-mi-duzo-przyjemnosci\/#breadcrumblist"},"author":{"@id":"https:\/\/www.worldrally.eu\/index.php\/author\/admin\/#author"},"creator":{"@id":"https:\/\/www.worldrally.eu\/index.php\/author\/admin\/#author"},"image":{"@type":"ImageObject","url":"https:\/\/www.worldrally.eu\/wp-content\/uploads\/2023\/04\/IMG_6872.jpg","@id":"https:\/\/www.worldrally.eu\/index.php\/2021\/06\/26\/breen-to-sprawilo-mi-duzo-przyjemnosci\/#mainImage","width":1620,"height":1080},"primaryImageOfPage":{"@id":"https:\/\/www.worldrally.eu\/index.php\/2021\/06\/26\/breen-to-sprawilo-mi-duzo-przyjemnosci\/#mainImage"},"datePublished":"2021-06-26T17:14:00+00:00","dateModified":"2023-04-12T17:23:00+00:00"},{"@type":"WebSite","@id":"https:\/\/www.worldrally.eu\/#website","url":"https:\/\/www.worldrally.eu\/","name":"WorldRally.eu","inLanguage":"en-GB","publisher":{"@id":"https:\/\/www.worldrally.eu\/#organization"}}]},"og:locale":"en_GB","og:site_name":"WorldRally.eu \u00bb","og:type":"article","og:title":"Breen, to sprawi\u0142o mi du\u017co przyjemno\u015bci. \u00bb WorldRally.eu","og:description":"Trzy zwyci\u0119stwa etapowe Craiga Breena na ORLEN 77. Rajdzie Polski w ubieg\u0142y weekend nie tylko pomog\u0142y mu w z\u0142apaniu pewno\u015bci siebie ale pokaza\u0142o te\u017c jak dobrze zesp\u00f3\u0142 MRF Tyres sobie radzi\u0142 z przeciwno\u015bciami. Breen by\u0142 w pierwszej pi\u0105tce otwieraj\u0105cego sezon Rajdowych Mistrzostw Europy, kiedy zosta\u0142 wypchni\u0119ty na si\u00f3dmym etapie przez zepsute zawieszenie. Ale jego niedzielny","og:url":"https:\/\/www.worldrally.eu\/index.php\/2021\/06\/26\/breen-to-sprawilo-mi-duzo-przyjemnosci\/","og:image":"https:\/\/www.worldrally.eu\/wp-content\/uploads\/2023\/04\/IMG_6872.jpg","og:image:secure_url":"https:\/\/www.worldrally.eu\/wp-content\/uploads\/2023\/04\/IMG_6872.jpg","og:image:width":1620,"og:image:height":1080,"article:published_time":"2021-06-26T17:14:00+00:00","article:modified_time":"2023-04-12T17:23:00+00:00","twitter:card":"summary_large_image","twitter:title":"Breen, to sprawi\u0142o mi du\u017co przyjemno\u015bci. \u00bb WorldRally.eu","twitter:description":"Trzy zwyci\u0119stwa etapowe Craiga Breena na ORLEN 77. Rajdzie Polski w ubieg\u0142y weekend nie tylko pomog\u0142y mu w z\u0142apaniu pewno\u015bci siebie ale pokaza\u0142o te\u017c jak dobrze zesp\u00f3\u0142 MRF Tyres sobie radzi\u0142 z przeciwno\u015bciami. Breen by\u0142 w pierwszej pi\u0105tce otwieraj\u0105cego sezon Rajdowych Mistrzostw Europy, kiedy zosta\u0142 wypchni\u0119ty na si\u00f3dmym etapie przez zepsute zawieszenie. Ale jego niedzielny","twitter:image":"https:\/\/www.worldrally.eu\/wp-content\/uploads\/2023\/04\/IMG_6872.jpg"},"aioseo_meta_data":{"post_id":"1149","title":null,"description":null,"keywords":null,"keyphrases":null,"primary_term":null,"canonical_url":null,"og_title":null,"og_description":null,"og_object_type":"default","og_image_type":"default","og_image_url":null,"og_image_width":null,"og_image_height":null,"og_image_custom_url":null,"og_image_custom_fields":null,"og_video":null,"og_custom_url":null,"og_article_section":null,"og_article_tags":null,"twitter_use_og":false,"twitter_card":"default","twitter_image_type":"default","twitter_image_url":null,"twitter_image_custom_url":null,"twitter_image_custom_fields":null,"twitter_title":null,"twitter_description":null,"schema":{"blockGraphs":[],"customGraphs":[],"default":{"data":{"Article":[],"Course":[],"Dataset":[],"FAQPage":[],"Movie":[],"Person":[],"Product":[],"ProductReview":[],"Car":[],"Recipe":[],"Service":[],"SoftwareApplication":[],"WebPage":[]},"graphName":"","isEnabled":true},"graphs":[]},"schema_type":"default","schema_type_options":null,"pillar_content":false,"robots_default":true,"robots_noindex":false,"robots_noarchive":false,"robots_nosnippet":false,"robots_nofollow":false,"robots_noimageindex":false,"robots_noodp":false,"robots_notranslate":false,"robots_max_snippet":null,"robots_max_videopreview":null,"robots_max_imagepreview":"large","priority":null,"frequency":null,"local_seo":null,"breadcrumb_settings":null,"limit_modified_date":false,"ai":null,"created":"2025-03-22 05:47:35","updated":"2025-10-26 08:04:41","seo_analyzer_scan_date":null},"aioseo_breadcrumb":"<div class=\"aioseo-breadcrumbs\"><span class=\"aioseo-breadcrumb\">\n\t\t\t<a href=\"https:\/\/www.worldrally.eu\" title=\"Home\">Home<\/a>\n\t\t<\/span><span class=\"aioseo-breadcrumb-separator\">&raquo;<\/span><span class=\"aioseo-breadcrumb\">\n\t\t\t<a href=\"https:\/\/www.worldrally.eu\/index.php\/category\/erc\/\" title=\"ERC\">ERC<\/a>\n\t\t<\/span><span class=\"aioseo-breadcrumb-separator\">&raquo;<\/span><span class=\"aioseo-breadcrumb\">\n\t\t\tBreen, to sprawi\u0142o mi du\u017co przyjemno\u015bci.\n\t\t<\/span><\/div>","aioseo_breadcrumb_json":[{"label":"Home","link":"https:\/\/www.worldrally.eu"},{"label":"ERC","link":"https:\/\/www.worldrally.eu\/index.php\/category\/erc\/"},{"label":"Breen, to sprawi\u0142o mi du\u017co przyjemno\u015bci.","link":"https:\/\/www.worldrally.eu\/index.php\/2021\/06\/26\/breen-to-sprawilo-mi-duzo-przyjemnosci\/"}],"cc_featured_image_caption":{"caption_text":"Foto - PhotoMS \/ Adam Owczarek","source_text":"","source_url":""},"_links":{"self":[{"href":"https:\/\/www.worldrally.eu\/index.php\/wp-json\/wp\/v2\/posts\/1149","targetHints":{"allow":["GET"]}}],"collection":[{"href":"https:\/\/www.worldrally.eu\/index.php\/wp-json\/wp\/v2\/posts"}],"about":[{"href":"https:\/\/www.worldrally.eu\/index.php\/wp-json\/wp\/v2\/types\/post"}],"author":[{"embeddable":true,"href":"https:\/\/www.worldrally.eu\/index.php\/wp-json\/wp\/v2\/users\/1"}],"replies":[{"embeddable":true,"href":"https:\/\/www.worldrally.eu\/index.php\/wp-json\/wp\/v2\/comments?post=1149"}],"version-history":[{"count":1,"href":"https:\/\/www.worldrally.eu\/index.php\/wp-json\/wp\/v2\/posts\/1149\/revisions"}],"predecessor-version":[{"id":1151,"href":"https:\/\/www.worldrally.eu\/index.php\/wp-json\/wp\/v2\/posts\/1149\/revisions\/1151"}],"wp:featuredmedia":[{"embeddable":true,"href":"https:\/\/www.worldrally.eu\/index.php\/wp-json\/wp\/v2\/media\/1150"}],"wp:attachment":[{"href":"https:\/\/www.worldrally.eu\/index.php\/wp-json\/wp\/v2\/media?parent=1149"}],"wp:term":[{"taxonomy":"category","embeddable":true,"href":"https:\/\/www.worldrally.eu\/index.php\/wp-json\/wp\/v2\/categories?post=1149"},{"taxonomy":"post_tag","embeddable":true,"href":"https:\/\/www.worldrally.eu\/index.php\/wp-json\/wp\/v2\/tags?post=1149"}],"curies":[{"name":"wp","href":"https:\/\/api.w.org\/{rel}","templated":true}]}}