{"id":1146,"date":"2021-06-24T16:50:00","date_gmt":"2021-06-24T16:50:00","guid":{"rendered":"https:\/\/www.worldrally.eu\/?p=1146"},"modified":"2023-04-12T16:52:34","modified_gmt":"2023-04-12T16:52:34","slug":"solans-mozna-osiagnac-znacznie-wiecej","status":"publish","type":"post","link":"https:\/\/www.worldrally.eu\/index.php\/2021\/06\/24\/solans-mozna-osiagnac-znacznie-wiecej\/","title":{"rendered":"Solans, mo\u017cna osi\u0105gn\u0105\u0107 znacznie wiecej."},"content":{"rendered":"\n<p class=\"wp-block-paragraph\">Nil Solans twierdzi, \u017ce w Rajdowych Mistrzostwach Europy FIA mo\u017cna osi\u0105gn\u0105\u0107 o wiele wi\u0119cej. Pilotowany przez Marca Mart\u00ed, Solans zaj\u0105\u0142 dobre czwarte miejsce w swoim debiucie w ORLEN 77. Rajdzie Polski, co by\u0142o jednocze\u015bnie jego drugim wyst\u0119pem w ERC i pierwszym na szutrze.<\/p>\n\n\n\n<p class=\"wp-block-paragraph\">Jednak kierowca Rallye Team Spain uwa\u017ca, \u017ce jego osi\u0105gi nie by\u0142y prawdziwym odzwierciedleniem jego maksymalnej pr\u0119dko\u015bci ze wzgl\u0119du na problemy z ustawieniami, kt\u00f3re ma nadziej\u0119 naprawi\u0107 przed przysz\u0142otygodniowym Rajdem Lipawy<\/p>\n\n\n\n<blockquote class=\"wp-block-quote is-layout-flow wp-block-quote-is-layout-flow\">\n<p class=\"wp-block-paragraph\">Musz\u0119 by\u0107 szcz\u0119\u015bliwy, ale na pewno nie jestem szcz\u0119\u015bliwy. Nie jestem w pe\u0142ni skupiony na samochodzie tak, jak bym chcia\u0142, samoch\u00f3d nie dzia\u0142a przy moim stylu jazdy. Zdobyli\u015bmy troch\u0119 punkt\u00f3w, ale na pewno nie jest to nasze tempo<\/p>\n<cite>powiedzia\u0142 Solans<\/cite><\/blockquote>\n","protected":false},"excerpt":{"rendered":"<p>Nil Solans twierdzi, \u017ce w Rajdowych Mistrzostwach Europy FIA mo\u017cna osi\u0105gn\u0105\u0107 o wiele wi\u0119cej. Pilotowany przez Marca Mart\u00ed, Solans zaj\u0105\u0142 dobre czwarte miejsce w swoim debiucie w ORLEN 77. Rajdzie Polski, co by\u0142o jednocze\u015bnie jego drugim wyst\u0119pem w ERC i pierwszym na szutrze. Jednak kierowca Rallye Team Spain uwa\u017ca, \u017ce jego osi\u0105gi nie by\u0142y prawdziwym [&hellip;]<\/p>\n","protected":false},"author":1,"featured_media":1147,"comment_status":"closed","ping_status":"closed","sticky":false,"template":"","format":"standard","meta":{"_monsterinsights_skip_tracking":false,"_monsterinsights_sitenote_active":false,"_monsterinsights_sitenote_note":"","_monsterinsights_sitenote_category":0,"footnotes":""},"categories":[4],"tags":[],"class_list":["post-1146","post","type-post","status-publish","format-standard","has-post-thumbnail","hentry","category-erc"],"aioseo_notices":[],"aioseo_head":"\n\t\t<!-- All in One SEO 4.9.9 - aioseo.com -->\n\t<meta name=\"description\" content=\"Nil Solans twierdzi, \u017ce w Rajdowych Mistrzostwach Europy FIA mo\u017cna osi\u0105gn\u0105\u0107 o wiele wi\u0119cej. Pilotowany przez Marca Mart\u00ed, Solans zaj\u0105\u0142 dobre czwarte miejsce w swoim debiucie w ORLEN 77. Rajdzie Polski, co by\u0142o jednocze\u015bnie jego drugim wyst\u0119pem w ERC i pierwszym na szutrze. Jednak kierowca Rallye Team Spain uwa\u017ca, \u017ce jego osi\u0105gi nie by\u0142y prawdziwym\" \/>\n\t<meta name=\"robots\" content=\"max-image-preview:large\" \/>\n\t<meta name=\"author\" content=\"Junior\"\/>\n\t<link rel=\"canonical\" href=\"https:\/\/www.worldrally.eu\/index.php\/2021\/06\/24\/solans-mozna-osiagnac-znacznie-wiecej\/\" \/>\n\t<meta name=\"generator\" content=\"All in One SEO (AIOSEO) 4.9.9\" \/>\n\t\t<meta property=\"og:locale\" content=\"en_GB\" \/>\n\t\t<meta property=\"og:site_name\" content=\"WorldRally.eu \u00bb\" \/>\n\t\t<meta property=\"og:type\" content=\"article\" \/>\n\t\t<meta property=\"og:title\" content=\"Solans, mo\u017cna osi\u0105gn\u0105\u0107 znacznie wiecej. \u00bb WorldRally.eu\" \/>\n\t\t<meta property=\"og:description\" content=\"Nil Solans twierdzi, \u017ce w Rajdowych Mistrzostwach Europy FIA mo\u017cna osi\u0105gn\u0105\u0107 o wiele wi\u0119cej. Pilotowany przez Marca Mart\u00ed, Solans zaj\u0105\u0142 dobre czwarte miejsce w swoim debiucie w ORLEN 77. Rajdzie Polski, co by\u0142o jednocze\u015bnie jego drugim wyst\u0119pem w ERC i pierwszym na szutrze. Jednak kierowca Rallye Team Spain uwa\u017ca, \u017ce jego osi\u0105gi nie by\u0142y prawdziwym\" \/>\n\t\t<meta property=\"og:url\" content=\"https:\/\/www.worldrally.eu\/index.php\/2021\/06\/24\/solans-mozna-osiagnac-znacznie-wiecej\/\" \/>\n\t\t<meta property=\"og:image\" content=\"https:\/\/www.worldrally.eu\/wp-content\/uploads\/2023\/04\/IMG_5458.jpg\" \/>\n\t\t<meta property=\"og:image:secure_url\" content=\"https:\/\/www.worldrally.eu\/wp-content\/uploads\/2023\/04\/IMG_5458.jpg\" \/>\n\t\t<meta property=\"og:image:width\" content=\"1620\" \/>\n\t\t<meta property=\"og:image:height\" content=\"1080\" \/>\n\t\t<meta property=\"article:published_time\" content=\"2021-06-24T16:50:00+00:00\" \/>\n\t\t<meta property=\"article:modified_time\" content=\"2023-04-12T16:52:34+00:00\" \/>\n\t\t<meta name=\"twitter:card\" content=\"summary_large_image\" \/>\n\t\t<meta name=\"twitter:title\" content=\"Solans, mo\u017cna osi\u0105gn\u0105\u0107 znacznie wiecej. \u00bb WorldRally.eu\" \/>\n\t\t<meta name=\"twitter:description\" content=\"Nil Solans twierdzi, \u017ce w Rajdowych Mistrzostwach Europy FIA mo\u017cna osi\u0105gn\u0105\u0107 o wiele wi\u0119cej. Pilotowany przez Marca Mart\u00ed, Solans zaj\u0105\u0142 dobre czwarte miejsce w swoim debiucie w ORLEN 77. Rajdzie Polski, co by\u0142o jednocze\u015bnie jego drugim wyst\u0119pem w ERC i pierwszym na szutrze. Jednak kierowca Rallye Team Spain uwa\u017ca, \u017ce jego osi\u0105gi nie by\u0142y prawdziwym\" \/>\n\t\t<meta name=\"twitter:image\" content=\"https:\/\/www.worldrally.eu\/wp-content\/uploads\/2023\/04\/IMG_5458.jpg\" \/>\n\t\t<script type=\"application\/ld+json\" class=\"aioseo-schema\">\n\t\t\t{\"@context\":\"https:\\\/\\\/schema.org\",\"@graph\":[{\"@type\":\"BlogPosting\",\"@id\":\"https:\\\/\\\/www.worldrally.eu\\\/index.php\\\/2021\\\/06\\\/24\\\/solans-mozna-osiagnac-znacznie-wiecej\\\/#blogposting\",\"name\":\"Solans, mo\\u017cna osi\\u0105gn\\u0105\\u0107 znacznie wiecej. \\u00bb WorldRally.eu\",\"headline\":\"Solans, mo\\u017cna osi\\u0105gn\\u0105\\u0107 znacznie wiecej.\",\"author\":{\"@id\":\"https:\\\/\\\/www.worldrally.eu\\\/index.php\\\/author\\\/admin\\\/#author\"},\"publisher\":{\"@id\":\"https:\\\/\\\/www.worldrally.eu\\\/#organization\"},\"image\":{\"@type\":\"ImageObject\",\"url\":\"https:\\\/\\\/www.worldrally.eu\\\/wp-content\\\/uploads\\\/2023\\\/04\\\/IMG_5458.jpg\",\"width\":1620,\"height\":1080},\"datePublished\":\"2021-06-24T16:50:00+00:00\",\"dateModified\":\"2023-04-12T16:52:34+00:00\",\"inLanguage\":\"en-GB\",\"mainEntityOfPage\":{\"@id\":\"https:\\\/\\\/www.worldrally.eu\\\/index.php\\\/2021\\\/06\\\/24\\\/solans-mozna-osiagnac-znacznie-wiecej\\\/#webpage\"},\"isPartOf\":{\"@id\":\"https:\\\/\\\/www.worldrally.eu\\\/index.php\\\/2021\\\/06\\\/24\\\/solans-mozna-osiagnac-znacznie-wiecej\\\/#webpage\"},\"articleSection\":\"ERC\"},{\"@type\":\"BreadcrumbList\",\"@id\":\"https:\\\/\\\/www.worldrally.eu\\\/index.php\\\/2021\\\/06\\\/24\\\/solans-mozna-osiagnac-znacznie-wiecej\\\/#breadcrumblist\",\"itemListElement\":[{\"@type\":\"ListItem\",\"@id\":\"https:\\\/\\\/www.worldrally.eu#listItem\",\"position\":1,\"name\":\"Home\",\"item\":\"https:\\\/\\\/www.worldrally.eu\",\"nextItem\":{\"@type\":\"ListItem\",\"@id\":\"https:\\\/\\\/www.worldrally.eu\\\/index.php\\\/category\\\/erc\\\/#listItem\",\"name\":\"ERC\"}},{\"@type\":\"ListItem\",\"@id\":\"https:\\\/\\\/www.worldrally.eu\\\/index.php\\\/category\\\/erc\\\/#listItem\",\"position\":2,\"name\":\"ERC\",\"item\":\"https:\\\/\\\/www.worldrally.eu\\\/index.php\\\/category\\\/erc\\\/\",\"nextItem\":{\"@type\":\"ListItem\",\"@id\":\"https:\\\/\\\/www.worldrally.eu\\\/index.php\\\/2021\\\/06\\\/24\\\/solans-mozna-osiagnac-znacznie-wiecej\\\/#listItem\",\"name\":\"Solans, mo\\u017cna osi\\u0105gn\\u0105\\u0107 znacznie wiecej.\"},\"previousItem\":{\"@type\":\"ListItem\",\"@id\":\"https:\\\/\\\/www.worldrally.eu#listItem\",\"name\":\"Home\"}},{\"@type\":\"ListItem\",\"@id\":\"https:\\\/\\\/www.worldrally.eu\\\/index.php\\\/2021\\\/06\\\/24\\\/solans-mozna-osiagnac-znacznie-wiecej\\\/#listItem\",\"position\":3,\"name\":\"Solans, mo\\u017cna osi\\u0105gn\\u0105\\u0107 znacznie wiecej.\",\"previousItem\":{\"@type\":\"ListItem\",\"@id\":\"https:\\\/\\\/www.worldrally.eu\\\/index.php\\\/category\\\/erc\\\/#listItem\",\"name\":\"ERC\"}}]},{\"@type\":\"Organization\",\"@id\":\"https:\\\/\\\/www.worldrally.eu\\\/#organization\",\"name\":\"WorldRally.eu\",\"url\":\"https:\\\/\\\/www.worldrally.eu\\\/\",\"logo\":{\"@type\":\"ImageObject\",\"url\":\"https:\\\/\\\/www.worldrally.eu\\\/wp-content\\\/uploads\\\/2026\\\/01\\\/cropped-logo-3.png\",\"@id\":\"https:\\\/\\\/www.worldrally.eu\\\/index.php\\\/2021\\\/06\\\/24\\\/solans-mozna-osiagnac-znacznie-wiecej\\\/#organizationLogo\",\"width\":2039,\"height\":756},\"image\":{\"@id\":\"https:\\\/\\\/www.worldrally.eu\\\/index.php\\\/2021\\\/06\\\/24\\\/solans-mozna-osiagnac-znacznie-wiecej\\\/#organizationLogo\"}},{\"@type\":\"Person\",\"@id\":\"https:\\\/\\\/www.worldrally.eu\\\/index.php\\\/author\\\/admin\\\/#author\",\"url\":\"https:\\\/\\\/www.worldrally.eu\\\/index.php\\\/author\\\/admin\\\/\",\"name\":\"Junior\",\"image\":{\"@type\":\"ImageObject\",\"@id\":\"https:\\\/\\\/www.worldrally.eu\\\/index.php\\\/2021\\\/06\\\/24\\\/solans-mozna-osiagnac-znacznie-wiecej\\\/#authorImage\",\"url\":\"https:\\\/\\\/secure.gravatar.com\\\/avatar\\\/5bd369ac0447285dc20b588693ca1756d0179a7f957258050a42a968bf3b9d0a?s=96&d=mm&r=g\",\"width\":96,\"height\":96,\"caption\":\"Junior\"}},{\"@type\":\"WebPage\",\"@id\":\"https:\\\/\\\/www.worldrally.eu\\\/index.php\\\/2021\\\/06\\\/24\\\/solans-mozna-osiagnac-znacznie-wiecej\\\/#webpage\",\"url\":\"https:\\\/\\\/www.worldrally.eu\\\/index.php\\\/2021\\\/06\\\/24\\\/solans-mozna-osiagnac-znacznie-wiecej\\\/\",\"name\":\"Solans, mo\\u017cna osi\\u0105gn\\u0105\\u0107 znacznie wiecej. \\u00bb WorldRally.eu\",\"description\":\"Nil Solans twierdzi, \\u017ce w Rajdowych Mistrzostwach Europy FIA mo\\u017cna osi\\u0105gn\\u0105\\u0107 o wiele wi\\u0119cej. Pilotowany przez Marca Mart\\u00ed, Solans zaj\\u0105\\u0142 dobre czwarte miejsce w swoim debiucie w ORLEN 77. Rajdzie Polski, co by\\u0142o jednocze\\u015bnie jego drugim wyst\\u0119pem w ERC i pierwszym na szutrze. Jednak kierowca Rallye Team Spain uwa\\u017ca, \\u017ce jego osi\\u0105gi nie by\\u0142y prawdziwym\",\"inLanguage\":\"en-GB\",\"isPartOf\":{\"@id\":\"https:\\\/\\\/www.worldrally.eu\\\/#website\"},\"breadcrumb\":{\"@id\":\"https:\\\/\\\/www.worldrally.eu\\\/index.php\\\/2021\\\/06\\\/24\\\/solans-mozna-osiagnac-znacznie-wiecej\\\/#breadcrumblist\"},\"author\":{\"@id\":\"https:\\\/\\\/www.worldrally.eu\\\/index.php\\\/author\\\/admin\\\/#author\"},\"creator\":{\"@id\":\"https:\\\/\\\/www.worldrally.eu\\\/index.php\\\/author\\\/admin\\\/#author\"},\"image\":{\"@type\":\"ImageObject\",\"url\":\"https:\\\/\\\/www.worldrally.eu\\\/wp-content\\\/uploads\\\/2023\\\/04\\\/IMG_5458.jpg\",\"@id\":\"https:\\\/\\\/www.worldrally.eu\\\/index.php\\\/2021\\\/06\\\/24\\\/solans-mozna-osiagnac-znacznie-wiecej\\\/#mainImage\",\"width\":1620,\"height\":1080},\"primaryImageOfPage\":{\"@id\":\"https:\\\/\\\/www.worldrally.eu\\\/index.php\\\/2021\\\/06\\\/24\\\/solans-mozna-osiagnac-znacznie-wiecej\\\/#mainImage\"},\"datePublished\":\"2021-06-24T16:50:00+00:00\",\"dateModified\":\"2023-04-12T16:52:34+00:00\"},{\"@type\":\"WebSite\",\"@id\":\"https:\\\/\\\/www.worldrally.eu\\\/#website\",\"url\":\"https:\\\/\\\/www.worldrally.eu\\\/\",\"name\":\"WorldRally.eu\",\"inLanguage\":\"en-GB\",\"publisher\":{\"@id\":\"https:\\\/\\\/www.worldrally.eu\\\/#organization\"}}]}\n\t\t<\/script>\n\t\t<!-- All in One SEO -->\n\n","aioseo_head_json":{"title":"Solans, mo\u017cna osi\u0105gn\u0105\u0107 znacznie wiecej. \u00bb WorldRally.eu","description":"Nil Solans twierdzi, \u017ce w Rajdowych Mistrzostwach Europy FIA mo\u017cna osi\u0105gn\u0105\u0107 o wiele wi\u0119cej. Pilotowany przez Marca Mart\u00ed, Solans zaj\u0105\u0142 dobre czwarte miejsce w swoim debiucie w ORLEN 77. Rajdzie Polski, co by\u0142o jednocze\u015bnie jego drugim wyst\u0119pem w ERC i pierwszym na szutrze. Jednak kierowca Rallye Team Spain uwa\u017ca, \u017ce jego osi\u0105gi nie by\u0142y prawdziwym","canonical_url":"https:\/\/www.worldrally.eu\/index.php\/2021\/06\/24\/solans-mozna-osiagnac-znacznie-wiecej\/","robots":"max-image-preview:large","keywords":"","webmasterTools":{"miscellaneous":""},"schema":{"@context":"https:\/\/schema.org","@graph":[{"@type":"BlogPosting","@id":"https:\/\/www.worldrally.eu\/index.php\/2021\/06\/24\/solans-mozna-osiagnac-znacznie-wiecej\/#blogposting","name":"Solans, mo\u017cna osi\u0105gn\u0105\u0107 znacznie wiecej. \u00bb WorldRally.eu","headline":"Solans, mo\u017cna osi\u0105gn\u0105\u0107 znacznie wiecej.","author":{"@id":"https:\/\/www.worldrally.eu\/index.php\/author\/admin\/#author"},"publisher":{"@id":"https:\/\/www.worldrally.eu\/#organization"},"image":{"@type":"ImageObject","url":"https:\/\/www.worldrally.eu\/wp-content\/uploads\/2023\/04\/IMG_5458.jpg","width":1620,"height":1080},"datePublished":"2021-06-24T16:50:00+00:00","dateModified":"2023-04-12T16:52:34+00:00","inLanguage":"en-GB","mainEntityOfPage":{"@id":"https:\/\/www.worldrally.eu\/index.php\/2021\/06\/24\/solans-mozna-osiagnac-znacznie-wiecej\/#webpage"},"isPartOf":{"@id":"https:\/\/www.worldrally.eu\/index.php\/2021\/06\/24\/solans-mozna-osiagnac-znacznie-wiecej\/#webpage"},"articleSection":"ERC"},{"@type":"BreadcrumbList","@id":"https:\/\/www.worldrally.eu\/index.php\/2021\/06\/24\/solans-mozna-osiagnac-znacznie-wiecej\/#breadcrumblist","itemListElement":[{"@type":"ListItem","@id":"https:\/\/www.worldrally.eu#listItem","position":1,"name":"Home","item":"https:\/\/www.worldrally.eu","nextItem":{"@type":"ListItem","@id":"https:\/\/www.worldrally.eu\/index.php\/category\/erc\/#listItem","name":"ERC"}},{"@type":"ListItem","@id":"https:\/\/www.worldrally.eu\/index.php\/category\/erc\/#listItem","position":2,"name":"ERC","item":"https:\/\/www.worldrally.eu\/index.php\/category\/erc\/","nextItem":{"@type":"ListItem","@id":"https:\/\/www.worldrally.eu\/index.php\/2021\/06\/24\/solans-mozna-osiagnac-znacznie-wiecej\/#listItem","name":"Solans, mo\u017cna osi\u0105gn\u0105\u0107 znacznie wiecej."},"previousItem":{"@type":"ListItem","@id":"https:\/\/www.worldrally.eu#listItem","name":"Home"}},{"@type":"ListItem","@id":"https:\/\/www.worldrally.eu\/index.php\/2021\/06\/24\/solans-mozna-osiagnac-znacznie-wiecej\/#listItem","position":3,"name":"Solans, mo\u017cna osi\u0105gn\u0105\u0107 znacznie wiecej.","previousItem":{"@type":"ListItem","@id":"https:\/\/www.worldrally.eu\/index.php\/category\/erc\/#listItem","name":"ERC"}}]},{"@type":"Organization","@id":"https:\/\/www.worldrally.eu\/#organization","name":"WorldRally.eu","url":"https:\/\/www.worldrally.eu\/","logo":{"@type":"ImageObject","url":"https:\/\/www.worldrally.eu\/wp-content\/uploads\/2026\/01\/cropped-logo-3.png","@id":"https:\/\/www.worldrally.eu\/index.php\/2021\/06\/24\/solans-mozna-osiagnac-znacznie-wiecej\/#organizationLogo","width":2039,"height":756},"image":{"@id":"https:\/\/www.worldrally.eu\/index.php\/2021\/06\/24\/solans-mozna-osiagnac-znacznie-wiecej\/#organizationLogo"}},{"@type":"Person","@id":"https:\/\/www.worldrally.eu\/index.php\/author\/admin\/#author","url":"https:\/\/www.worldrally.eu\/index.php\/author\/admin\/","name":"Junior","image":{"@type":"ImageObject","@id":"https:\/\/www.worldrally.eu\/index.php\/2021\/06\/24\/solans-mozna-osiagnac-znacznie-wiecej\/#authorImage","url":"https:\/\/secure.gravatar.com\/avatar\/5bd369ac0447285dc20b588693ca1756d0179a7f957258050a42a968bf3b9d0a?s=96&d=mm&r=g","width":96,"height":96,"caption":"Junior"}},{"@type":"WebPage","@id":"https:\/\/www.worldrally.eu\/index.php\/2021\/06\/24\/solans-mozna-osiagnac-znacznie-wiecej\/#webpage","url":"https:\/\/www.worldrally.eu\/index.php\/2021\/06\/24\/solans-mozna-osiagnac-znacznie-wiecej\/","name":"Solans, mo\u017cna osi\u0105gn\u0105\u0107 znacznie wiecej. \u00bb WorldRally.eu","description":"Nil Solans twierdzi, \u017ce w Rajdowych Mistrzostwach Europy FIA mo\u017cna osi\u0105gn\u0105\u0107 o wiele wi\u0119cej. Pilotowany przez Marca Mart\u00ed, Solans zaj\u0105\u0142 dobre czwarte miejsce w swoim debiucie w ORLEN 77. Rajdzie Polski, co by\u0142o jednocze\u015bnie jego drugim wyst\u0119pem w ERC i pierwszym na szutrze. Jednak kierowca Rallye Team Spain uwa\u017ca, \u017ce jego osi\u0105gi nie by\u0142y prawdziwym","inLanguage":"en-GB","isPartOf":{"@id":"https:\/\/www.worldrally.eu\/#website"},"breadcrumb":{"@id":"https:\/\/www.worldrally.eu\/index.php\/2021\/06\/24\/solans-mozna-osiagnac-znacznie-wiecej\/#breadcrumblist"},"author":{"@id":"https:\/\/www.worldrally.eu\/index.php\/author\/admin\/#author"},"creator":{"@id":"https:\/\/www.worldrally.eu\/index.php\/author\/admin\/#author"},"image":{"@type":"ImageObject","url":"https:\/\/www.worldrally.eu\/wp-content\/uploads\/2023\/04\/IMG_5458.jpg","@id":"https:\/\/www.worldrally.eu\/index.php\/2021\/06\/24\/solans-mozna-osiagnac-znacznie-wiecej\/#mainImage","width":1620,"height":1080},"primaryImageOfPage":{"@id":"https:\/\/www.worldrally.eu\/index.php\/2021\/06\/24\/solans-mozna-osiagnac-znacznie-wiecej\/#mainImage"},"datePublished":"2021-06-24T16:50:00+00:00","dateModified":"2023-04-12T16:52:34+00:00"},{"@type":"WebSite","@id":"https:\/\/www.worldrally.eu\/#website","url":"https:\/\/www.worldrally.eu\/","name":"WorldRally.eu","inLanguage":"en-GB","publisher":{"@id":"https:\/\/www.worldrally.eu\/#organization"}}]},"og:locale":"en_GB","og:site_name":"WorldRally.eu \u00bb","og:type":"article","og:title":"Solans, mo\u017cna osi\u0105gn\u0105\u0107 znacznie wiecej. \u00bb WorldRally.eu","og:description":"Nil Solans twierdzi, \u017ce w Rajdowych Mistrzostwach Europy FIA mo\u017cna osi\u0105gn\u0105\u0107 o wiele wi\u0119cej. Pilotowany przez Marca Mart\u00ed, Solans zaj\u0105\u0142 dobre czwarte miejsce w swoim debiucie w ORLEN 77. Rajdzie Polski, co by\u0142o jednocze\u015bnie jego drugim wyst\u0119pem w ERC i pierwszym na szutrze. Jednak kierowca Rallye Team Spain uwa\u017ca, \u017ce jego osi\u0105gi nie by\u0142y prawdziwym","og:url":"https:\/\/www.worldrally.eu\/index.php\/2021\/06\/24\/solans-mozna-osiagnac-znacznie-wiecej\/","og:image":"https:\/\/www.worldrally.eu\/wp-content\/uploads\/2023\/04\/IMG_5458.jpg","og:image:secure_url":"https:\/\/www.worldrally.eu\/wp-content\/uploads\/2023\/04\/IMG_5458.jpg","og:image:width":1620,"og:image:height":1080,"article:published_time":"2021-06-24T16:50:00+00:00","article:modified_time":"2023-04-12T16:52:34+00:00","twitter:card":"summary_large_image","twitter:title":"Solans, mo\u017cna osi\u0105gn\u0105\u0107 znacznie wiecej. \u00bb WorldRally.eu","twitter:description":"Nil Solans twierdzi, \u017ce w Rajdowych Mistrzostwach Europy FIA mo\u017cna osi\u0105gn\u0105\u0107 o wiele wi\u0119cej. Pilotowany przez Marca Mart\u00ed, Solans zaj\u0105\u0142 dobre czwarte miejsce w swoim debiucie w ORLEN 77. Rajdzie Polski, co by\u0142o jednocze\u015bnie jego drugim wyst\u0119pem w ERC i pierwszym na szutrze. Jednak kierowca Rallye Team Spain uwa\u017ca, \u017ce jego osi\u0105gi nie by\u0142y prawdziwym","twitter:image":"https:\/\/www.worldrally.eu\/wp-content\/uploads\/2023\/04\/IMG_5458.jpg"},"aioseo_meta_data":{"post_id":"1146","title":null,"description":null,"keywords":null,"keyphrases":null,"primary_term":null,"canonical_url":null,"og_title":null,"og_description":null,"og_object_type":"default","og_image_type":"default","og_image_url":null,"og_image_width":null,"og_image_height":null,"og_image_custom_url":null,"og_image_custom_fields":null,"og_video":null,"og_custom_url":null,"og_article_section":null,"og_article_tags":null,"twitter_use_og":false,"twitter_card":"default","twitter_image_type":"default","twitter_image_url":null,"twitter_image_custom_url":null,"twitter_image_custom_fields":null,"twitter_title":null,"twitter_description":null,"schema":{"blockGraphs":[],"customGraphs":[],"default":{"data":{"Article":[],"Course":[],"Dataset":[],"FAQPage":[],"Movie":[],"Person":[],"Product":[],"ProductReview":[],"Car":[],"Recipe":[],"Service":[],"SoftwareApplication":[],"WebPage":[]},"graphName":"","isEnabled":true},"graphs":[]},"schema_type":"default","schema_type_options":null,"pillar_content":false,"robots_default":true,"robots_noindex":false,"robots_noarchive":false,"robots_nosnippet":false,"robots_nofollow":false,"robots_noimageindex":false,"robots_noodp":false,"robots_notranslate":false,"robots_max_snippet":null,"robots_max_videopreview":null,"robots_max_imagepreview":"large","priority":null,"frequency":null,"local_seo":null,"breadcrumb_settings":null,"limit_modified_date":false,"ai":null,"created":"2025-03-22 05:47:35","updated":"2025-10-26 08:04:41","seo_analyzer_scan_date":null},"aioseo_breadcrumb":"<div class=\"aioseo-breadcrumbs\"><span class=\"aioseo-breadcrumb\">\n\t\t\t<a href=\"https:\/\/www.worldrally.eu\" title=\"Home\">Home<\/a>\n\t\t<\/span><span class=\"aioseo-breadcrumb-separator\">&raquo;<\/span><span class=\"aioseo-breadcrumb\">\n\t\t\t<a href=\"https:\/\/www.worldrally.eu\/index.php\/category\/erc\/\" title=\"ERC\">ERC<\/a>\n\t\t<\/span><span class=\"aioseo-breadcrumb-separator\">&raquo;<\/span><span class=\"aioseo-breadcrumb\">\n\t\t\tSolans, mo\u017cna osi\u0105gn\u0105\u0107 znacznie wiecej.\n\t\t<\/span><\/div>","aioseo_breadcrumb_json":[{"label":"Home","link":"https:\/\/www.worldrally.eu"},{"label":"ERC","link":"https:\/\/www.worldrally.eu\/index.php\/category\/erc\/"},{"label":"Solans, mo\u017cna osi\u0105gn\u0105\u0107 znacznie wiecej.","link":"https:\/\/www.worldrally.eu\/index.php\/2021\/06\/24\/solans-mozna-osiagnac-znacznie-wiecej\/"}],"cc_featured_image_caption":{"caption_text":"Foto - PhotoMS \/ Adam Owczarek","source_text":"","source_url":""},"_links":{"self":[{"href":"https:\/\/www.worldrally.eu\/index.php\/wp-json\/wp\/v2\/posts\/1146","targetHints":{"allow":["GET"]}}],"collection":[{"href":"https:\/\/www.worldrally.eu\/index.php\/wp-json\/wp\/v2\/posts"}],"about":[{"href":"https:\/\/www.worldrally.eu\/index.php\/wp-json\/wp\/v2\/types\/post"}],"author":[{"embeddable":true,"href":"https:\/\/www.worldrally.eu\/index.php\/wp-json\/wp\/v2\/users\/1"}],"replies":[{"embeddable":true,"href":"https:\/\/www.worldrally.eu\/index.php\/wp-json\/wp\/v2\/comments?post=1146"}],"version-history":[{"count":1,"href":"https:\/\/www.worldrally.eu\/index.php\/wp-json\/wp\/v2\/posts\/1146\/revisions"}],"predecessor-version":[{"id":1148,"href":"https:\/\/www.worldrally.eu\/index.php\/wp-json\/wp\/v2\/posts\/1146\/revisions\/1148"}],"wp:featuredmedia":[{"embeddable":true,"href":"https:\/\/www.worldrally.eu\/index.php\/wp-json\/wp\/v2\/media\/1147"}],"wp:attachment":[{"href":"https:\/\/www.worldrally.eu\/index.php\/wp-json\/wp\/v2\/media?parent=1146"}],"wp:term":[{"taxonomy":"category","embeddable":true,"href":"https:\/\/www.worldrally.eu\/index.php\/wp-json\/wp\/v2\/categories?post=1146"},{"taxonomy":"post_tag","embeddable":true,"href":"https:\/\/www.worldrally.eu\/index.php\/wp-json\/wp\/v2\/tags?post=1146"}],"curies":[{"name":"wp","href":"https:\/\/api.w.org\/{rel}","templated":true}]}}