{"id":1143,"date":"2021-06-23T16:36:00","date_gmt":"2021-06-23T16:36:00","guid":{"rendered":"https:\/\/www.worldrally.eu\/?p=1143"},"modified":"2023-04-12T16:39:30","modified_gmt":"2023-04-12T16:39:30","slug":"mabellini-to-byl-trudny-rajd","status":"publish","type":"post","link":"https:\/\/www.worldrally.eu\/index.php\/2021\/06\/23\/mabellini-to-byl-trudny-rajd\/","title":{"rendered":"Mabellini, to by\u0142 trudny rajd."},"content":{"rendered":"\n<p class=\"wp-block-paragraph\">Zawodnik Clio Trophy by Toksport WRT, Andrea Mabellini, powiedzia\u0142, \u017ce do\u015bwiadczenie, kt\u00f3re zdoby\u0142 podczas jazdy po szutrze w Rajdowych Mistrzostwach Europy , pomog\u0142o mu zrekompensowa\u0107 uko\u0144czenie ORLEN 77. Rajdu Polski poza miejscami na podium.<\/p>\n\n\n\n<p class=\"wp-block-paragraph\"><span class=\"HwtZe\" lang=\"pl\"><span class=\"jCAhz ChMk0b\"><span class=\"ryNqvb\">Starania Mabelliniego o dobry wynik w jego Renault Clio Rally5 zosta\u0142y zniweczone przez uszkodzenie opon na obu nogach otwieraj\u0105cego Rajdowe Mistrzostwa Europy<\/span><\/span><\/span>.<\/p>\n\n\n\n<blockquote class=\"wp-block-quote is-layout-flow wp-block-quote-is-layout-flow\">\n<p class=\"wp-block-paragraph\">To by\u0142 trudny rajd, mieli\u015bmy dwie przebicia, ale musimy poprawi\u0107 szutr. Widzieli\u015bmy dobre czasy, nie jeste\u015bmy zadowoleni z wynik, ale zadowolony z naszego do\u015bwiadczenia.<\/p>\n<\/blockquote>\n\n\n\n<figure class=\"wp-block-table\"><table><tbody><tr><td>1.<\/td><td><img decoding=\"async\" src=\"https:\/\/www.ewrc-results.com\/images\/flags2\/argentina.png\" alt=\"flag\"><br>#72<\/td><td><img decoding=\"async\" src=\"https:\/\/www.ewrc-results.com\/images\/icon\/renault2015.png\" alt=\"logo\"> <a href=\"https:\/\/www.ewrc-results.com\/entryinfo\/68541-orlen-rajd-polski-rally-poland-2021\/3055471\/\">Soria Paulo &#8211; Der Ohannesian M.<\/a><br>Renault Clio Rally5 <img decoding=\"async\" src=\"https:\/\/www.ewrc-results.com\/images\/tyres\/michelin_red.png\" alt=\"tyre\"><\/td><td>RC5<\/td><td>2:08:31.0<br><\/td><td><\/td><td>94.7<\/td><\/tr><tr><td>2.<\/td><td><img decoding=\"async\" src=\"https:\/\/www.ewrc-results.com\/images\/flags2\/france.png\" alt=\"flag\"><br>#71<\/td><td><img decoding=\"async\" src=\"https:\/\/www.ewrc-results.com\/images\/icon\/renault2015.png\" alt=\"logo\"> <a href=\"https:\/\/www.ewrc-results.com\/entryinfo\/68541-orlen-rajd-polski-rally-poland-2021\/3055470\/\">Rossi Ghjuvanni &#8211; Volpei Baptiste<\/a><br>Renault Clio Rally5 <img decoding=\"async\" src=\"https:\/\/www.ewrc-results.com\/images\/tyres\/michelin_red.png\" alt=\"tyre\"><\/td><td>RC5<\/td><td>2:12:49.0<br><\/td><td>+4:18.0<br>+4:18.0<\/td><td>91.6<br>1.27<\/td><\/tr><tr><td>3.<\/td><td><img decoding=\"async\" src=\"https:\/\/www.ewrc-results.com\/images\/flags2\/france.png\" alt=\"flag\"><br>#70<\/td><td><img decoding=\"async\" src=\"https:\/\/www.ewrc-results.com\/images\/icon\/renault2015.png\" alt=\"logo\"> <a href=\"https:\/\/www.ewrc-results.com\/entryinfo\/68541-orlen-rajd-polski-rally-poland-2021\/3055469\/\">Bergounhe Bastien &#8211; Descharne M.<\/a><br>Renault Clio Rally5 <img decoding=\"async\" src=\"https:\/\/www.ewrc-results.com\/images\/tyres\/michelin_red.png\" alt=\"tyre\"><\/td><td>RC5<\/td><td>2:14:18.8<br><\/td><td>+5:47.8<br>+1:29.8<\/td><td>90.6<br>1.72<\/td><\/tr><tr><td>4.<\/td><td><img decoding=\"async\" src=\"https:\/\/www.ewrc-results.com\/images\/flags2\/italy.png\" alt=\"flag\"><br>#69<\/td><td><img decoding=\"async\" src=\"https:\/\/www.ewrc-results.com\/images\/icon\/renault2015.png\" alt=\"logo\"> <a href=\"https:\/\/www.ewrc-results.com\/entryinfo\/68541-orlen-rajd-polski-rally-poland-2021\/3055468\/\">Mabellini Andrea &#8211; Lenzi Virginia<\/a><br>Renault Clio Rally5 <img decoding=\"async\" src=\"https:\/\/www.ewrc-results.com\/images\/tyres\/michelin_red.png\" alt=\"tyre\"><\/td><td>RC5<\/td><td>2:15:25.9<br><\/td><td>+6:54.9<br>+1:07.1<\/td><td>89.8<br>2.05<\/td><\/tr><\/tbody><\/table><\/figure>\n","protected":false},"excerpt":{"rendered":"<p>Zawodnik Clio Trophy by Toksport WRT, Andrea Mabellini, powiedzia\u0142, \u017ce do\u015bwiadczenie, kt\u00f3re zdoby\u0142 podczas jazdy po szutrze w Rajdowych Mistrzostwach Europy , pomog\u0142o mu zrekompensowa\u0107 uko\u0144czenie ORLEN 77. Rajdu Polski poza miejscami na podium. Starania Mabelliniego o dobry wynik w jego Renault Clio Rally5 zosta\u0142y zniweczone przez uszkodzenie opon na obu nogach otwieraj\u0105cego Rajdowe Mistrzostwa [&hellip;]<\/p>\n","protected":false},"author":1,"featured_media":1144,"comment_status":"closed","ping_status":"closed","sticky":false,"template":"","format":"standard","meta":{"_monsterinsights_skip_tracking":false,"_monsterinsights_sitenote_active":false,"_monsterinsights_sitenote_note":"","_monsterinsights_sitenote_category":0,"footnotes":""},"categories":[4],"tags":[],"class_list":["post-1143","post","type-post","status-publish","format-standard","has-post-thumbnail","hentry","category-erc"],"aioseo_notices":[],"aioseo_head":"\n\t\t<!-- All in One SEO 4.9.9 - aioseo.com -->\n\t<meta name=\"description\" content=\"Zawodnik Clio Trophy by Toksport WRT, Andrea Mabellini, powiedzia\u0142, \u017ce do\u015bwiadczenie, kt\u00f3re zdoby\u0142 podczas jazdy po szutrze w Rajdowych Mistrzostwach Europy , pomog\u0142o mu zrekompensowa\u0107 uko\u0144czenie ORLEN 77. Rajdu Polski poza miejscami na podium. Starania Mabelliniego o dobry wynik w jego Renault Clio Rally5 zosta\u0142y zniweczone przez uszkodzenie opon na obu nogach otwieraj\u0105cego Rajdowe Mistrzostwa\" \/>\n\t<meta name=\"robots\" content=\"max-image-preview:large\" \/>\n\t<meta name=\"author\" content=\"Junior\"\/>\n\t<link rel=\"canonical\" href=\"https:\/\/www.worldrally.eu\/index.php\/2021\/06\/23\/mabellini-to-byl-trudny-rajd\/\" \/>\n\t<meta name=\"generator\" content=\"All in One SEO (AIOSEO) 4.9.9\" \/>\n\t\t<meta property=\"og:locale\" content=\"en_GB\" \/>\n\t\t<meta property=\"og:site_name\" content=\"WorldRally.eu \u00bb\" \/>\n\t\t<meta property=\"og:type\" content=\"article\" \/>\n\t\t<meta property=\"og:title\" content=\"Mabellini, to by\u0142 trudny rajd. \u00bb WorldRally.eu\" \/>\n\t\t<meta property=\"og:description\" content=\"Zawodnik Clio Trophy by Toksport WRT, Andrea Mabellini, powiedzia\u0142, \u017ce do\u015bwiadczenie, kt\u00f3re zdoby\u0142 podczas jazdy po szutrze w Rajdowych Mistrzostwach Europy , pomog\u0142o mu zrekompensowa\u0107 uko\u0144czenie ORLEN 77. Rajdu Polski poza miejscami na podium. Starania Mabelliniego o dobry wynik w jego Renault Clio Rally5 zosta\u0142y zniweczone przez uszkodzenie opon na obu nogach otwieraj\u0105cego Rajdowe Mistrzostwa\" \/>\n\t\t<meta property=\"og:url\" content=\"https:\/\/www.worldrally.eu\/index.php\/2021\/06\/23\/mabellini-to-byl-trudny-rajd\/\" \/>\n\t\t<meta property=\"og:image\" content=\"https:\/\/www.worldrally.eu\/wp-content\/uploads\/2023\/04\/IMG_4339.jpg\" \/>\n\t\t<meta property=\"og:image:secure_url\" content=\"https:\/\/www.worldrally.eu\/wp-content\/uploads\/2023\/04\/IMG_4339.jpg\" \/>\n\t\t<meta property=\"og:image:width\" content=\"1620\" \/>\n\t\t<meta property=\"og:image:height\" content=\"1080\" \/>\n\t\t<meta property=\"article:published_time\" content=\"2021-06-23T16:36:00+00:00\" \/>\n\t\t<meta property=\"article:modified_time\" content=\"2023-04-12T16:39:30+00:00\" \/>\n\t\t<meta name=\"twitter:card\" content=\"summary_large_image\" \/>\n\t\t<meta name=\"twitter:title\" content=\"Mabellini, to by\u0142 trudny rajd. \u00bb WorldRally.eu\" \/>\n\t\t<meta name=\"twitter:description\" content=\"Zawodnik Clio Trophy by Toksport WRT, Andrea Mabellini, powiedzia\u0142, \u017ce do\u015bwiadczenie, kt\u00f3re zdoby\u0142 podczas jazdy po szutrze w Rajdowych Mistrzostwach Europy , pomog\u0142o mu zrekompensowa\u0107 uko\u0144czenie ORLEN 77. Rajdu Polski poza miejscami na podium. Starania Mabelliniego o dobry wynik w jego Renault Clio Rally5 zosta\u0142y zniweczone przez uszkodzenie opon na obu nogach otwieraj\u0105cego Rajdowe Mistrzostwa\" \/>\n\t\t<meta name=\"twitter:image\" content=\"https:\/\/www.worldrally.eu\/wp-content\/uploads\/2023\/04\/IMG_4339.jpg\" \/>\n\t\t<script type=\"application\/ld+json\" class=\"aioseo-schema\">\n\t\t\t{\"@context\":\"https:\\\/\\\/schema.org\",\"@graph\":[{\"@type\":\"BlogPosting\",\"@id\":\"https:\\\/\\\/www.worldrally.eu\\\/index.php\\\/2021\\\/06\\\/23\\\/mabellini-to-byl-trudny-rajd\\\/#blogposting\",\"name\":\"Mabellini, to by\\u0142 trudny rajd. \\u00bb WorldRally.eu\",\"headline\":\"Mabellini, to by\\u0142 trudny rajd.\",\"author\":{\"@id\":\"https:\\\/\\\/www.worldrally.eu\\\/index.php\\\/author\\\/admin\\\/#author\"},\"publisher\":{\"@id\":\"https:\\\/\\\/www.worldrally.eu\\\/#organization\"},\"image\":{\"@type\":\"ImageObject\",\"url\":\"https:\\\/\\\/www.worldrally.eu\\\/wp-content\\\/uploads\\\/2023\\\/04\\\/IMG_4339.jpg\",\"width\":1620,\"height\":1080},\"datePublished\":\"2021-06-23T16:36:00+00:00\",\"dateModified\":\"2023-04-12T16:39:30+00:00\",\"inLanguage\":\"en-GB\",\"mainEntityOfPage\":{\"@id\":\"https:\\\/\\\/www.worldrally.eu\\\/index.php\\\/2021\\\/06\\\/23\\\/mabellini-to-byl-trudny-rajd\\\/#webpage\"},\"isPartOf\":{\"@id\":\"https:\\\/\\\/www.worldrally.eu\\\/index.php\\\/2021\\\/06\\\/23\\\/mabellini-to-byl-trudny-rajd\\\/#webpage\"},\"articleSection\":\"ERC\"},{\"@type\":\"BreadcrumbList\",\"@id\":\"https:\\\/\\\/www.worldrally.eu\\\/index.php\\\/2021\\\/06\\\/23\\\/mabellini-to-byl-trudny-rajd\\\/#breadcrumblist\",\"itemListElement\":[{\"@type\":\"ListItem\",\"@id\":\"https:\\\/\\\/www.worldrally.eu#listItem\",\"position\":1,\"name\":\"Home\",\"item\":\"https:\\\/\\\/www.worldrally.eu\",\"nextItem\":{\"@type\":\"ListItem\",\"@id\":\"https:\\\/\\\/www.worldrally.eu\\\/index.php\\\/category\\\/erc\\\/#listItem\",\"name\":\"ERC\"}},{\"@type\":\"ListItem\",\"@id\":\"https:\\\/\\\/www.worldrally.eu\\\/index.php\\\/category\\\/erc\\\/#listItem\",\"position\":2,\"name\":\"ERC\",\"item\":\"https:\\\/\\\/www.worldrally.eu\\\/index.php\\\/category\\\/erc\\\/\",\"nextItem\":{\"@type\":\"ListItem\",\"@id\":\"https:\\\/\\\/www.worldrally.eu\\\/index.php\\\/2021\\\/06\\\/23\\\/mabellini-to-byl-trudny-rajd\\\/#listItem\",\"name\":\"Mabellini, to by\\u0142 trudny rajd.\"},\"previousItem\":{\"@type\":\"ListItem\",\"@id\":\"https:\\\/\\\/www.worldrally.eu#listItem\",\"name\":\"Home\"}},{\"@type\":\"ListItem\",\"@id\":\"https:\\\/\\\/www.worldrally.eu\\\/index.php\\\/2021\\\/06\\\/23\\\/mabellini-to-byl-trudny-rajd\\\/#listItem\",\"position\":3,\"name\":\"Mabellini, to by\\u0142 trudny rajd.\",\"previousItem\":{\"@type\":\"ListItem\",\"@id\":\"https:\\\/\\\/www.worldrally.eu\\\/index.php\\\/category\\\/erc\\\/#listItem\",\"name\":\"ERC\"}}]},{\"@type\":\"Organization\",\"@id\":\"https:\\\/\\\/www.worldrally.eu\\\/#organization\",\"name\":\"WorldRally.eu\",\"url\":\"https:\\\/\\\/www.worldrally.eu\\\/\",\"logo\":{\"@type\":\"ImageObject\",\"url\":\"https:\\\/\\\/www.worldrally.eu\\\/wp-content\\\/uploads\\\/2026\\\/01\\\/cropped-logo-3.png\",\"@id\":\"https:\\\/\\\/www.worldrally.eu\\\/index.php\\\/2021\\\/06\\\/23\\\/mabellini-to-byl-trudny-rajd\\\/#organizationLogo\",\"width\":2039,\"height\":756},\"image\":{\"@id\":\"https:\\\/\\\/www.worldrally.eu\\\/index.php\\\/2021\\\/06\\\/23\\\/mabellini-to-byl-trudny-rajd\\\/#organizationLogo\"}},{\"@type\":\"Person\",\"@id\":\"https:\\\/\\\/www.worldrally.eu\\\/index.php\\\/author\\\/admin\\\/#author\",\"url\":\"https:\\\/\\\/www.worldrally.eu\\\/index.php\\\/author\\\/admin\\\/\",\"name\":\"Junior\",\"image\":{\"@type\":\"ImageObject\",\"@id\":\"https:\\\/\\\/www.worldrally.eu\\\/index.php\\\/2021\\\/06\\\/23\\\/mabellini-to-byl-trudny-rajd\\\/#authorImage\",\"url\":\"https:\\\/\\\/secure.gravatar.com\\\/avatar\\\/5bd369ac0447285dc20b588693ca1756d0179a7f957258050a42a968bf3b9d0a?s=96&d=mm&r=g\",\"width\":96,\"height\":96,\"caption\":\"Junior\"}},{\"@type\":\"WebPage\",\"@id\":\"https:\\\/\\\/www.worldrally.eu\\\/index.php\\\/2021\\\/06\\\/23\\\/mabellini-to-byl-trudny-rajd\\\/#webpage\",\"url\":\"https:\\\/\\\/www.worldrally.eu\\\/index.php\\\/2021\\\/06\\\/23\\\/mabellini-to-byl-trudny-rajd\\\/\",\"name\":\"Mabellini, to by\\u0142 trudny rajd. \\u00bb WorldRally.eu\",\"description\":\"Zawodnik Clio Trophy by Toksport WRT, Andrea Mabellini, powiedzia\\u0142, \\u017ce do\\u015bwiadczenie, kt\\u00f3re zdoby\\u0142 podczas jazdy po szutrze w Rajdowych Mistrzostwach Europy , pomog\\u0142o mu zrekompensowa\\u0107 uko\\u0144czenie ORLEN 77. Rajdu Polski poza miejscami na podium. Starania Mabelliniego o dobry wynik w jego Renault Clio Rally5 zosta\\u0142y zniweczone przez uszkodzenie opon na obu nogach otwieraj\\u0105cego Rajdowe Mistrzostwa\",\"inLanguage\":\"en-GB\",\"isPartOf\":{\"@id\":\"https:\\\/\\\/www.worldrally.eu\\\/#website\"},\"breadcrumb\":{\"@id\":\"https:\\\/\\\/www.worldrally.eu\\\/index.php\\\/2021\\\/06\\\/23\\\/mabellini-to-byl-trudny-rajd\\\/#breadcrumblist\"},\"author\":{\"@id\":\"https:\\\/\\\/www.worldrally.eu\\\/index.php\\\/author\\\/admin\\\/#author\"},\"creator\":{\"@id\":\"https:\\\/\\\/www.worldrally.eu\\\/index.php\\\/author\\\/admin\\\/#author\"},\"image\":{\"@type\":\"ImageObject\",\"url\":\"https:\\\/\\\/www.worldrally.eu\\\/wp-content\\\/uploads\\\/2023\\\/04\\\/IMG_4339.jpg\",\"@id\":\"https:\\\/\\\/www.worldrally.eu\\\/index.php\\\/2021\\\/06\\\/23\\\/mabellini-to-byl-trudny-rajd\\\/#mainImage\",\"width\":1620,\"height\":1080},\"primaryImageOfPage\":{\"@id\":\"https:\\\/\\\/www.worldrally.eu\\\/index.php\\\/2021\\\/06\\\/23\\\/mabellini-to-byl-trudny-rajd\\\/#mainImage\"},\"datePublished\":\"2021-06-23T16:36:00+00:00\",\"dateModified\":\"2023-04-12T16:39:30+00:00\"},{\"@type\":\"WebSite\",\"@id\":\"https:\\\/\\\/www.worldrally.eu\\\/#website\",\"url\":\"https:\\\/\\\/www.worldrally.eu\\\/\",\"name\":\"WorldRally.eu\",\"inLanguage\":\"en-GB\",\"publisher\":{\"@id\":\"https:\\\/\\\/www.worldrally.eu\\\/#organization\"}}]}\n\t\t<\/script>\n\t\t<!-- All in One SEO -->\n\n","aioseo_head_json":{"title":"Mabellini, to by\u0142 trudny rajd. \u00bb WorldRally.eu","description":"Zawodnik Clio Trophy by Toksport WRT, Andrea Mabellini, powiedzia\u0142, \u017ce do\u015bwiadczenie, kt\u00f3re zdoby\u0142 podczas jazdy po szutrze w Rajdowych Mistrzostwach Europy , pomog\u0142o mu zrekompensowa\u0107 uko\u0144czenie ORLEN 77. Rajdu Polski poza miejscami na podium. Starania Mabelliniego o dobry wynik w jego Renault Clio Rally5 zosta\u0142y zniweczone przez uszkodzenie opon na obu nogach otwieraj\u0105cego Rajdowe Mistrzostwa","canonical_url":"https:\/\/www.worldrally.eu\/index.php\/2021\/06\/23\/mabellini-to-byl-trudny-rajd\/","robots":"max-image-preview:large","keywords":"","webmasterTools":{"miscellaneous":""},"schema":{"@context":"https:\/\/schema.org","@graph":[{"@type":"BlogPosting","@id":"https:\/\/www.worldrally.eu\/index.php\/2021\/06\/23\/mabellini-to-byl-trudny-rajd\/#blogposting","name":"Mabellini, to by\u0142 trudny rajd. \u00bb WorldRally.eu","headline":"Mabellini, to by\u0142 trudny rajd.","author":{"@id":"https:\/\/www.worldrally.eu\/index.php\/author\/admin\/#author"},"publisher":{"@id":"https:\/\/www.worldrally.eu\/#organization"},"image":{"@type":"ImageObject","url":"https:\/\/www.worldrally.eu\/wp-content\/uploads\/2023\/04\/IMG_4339.jpg","width":1620,"height":1080},"datePublished":"2021-06-23T16:36:00+00:00","dateModified":"2023-04-12T16:39:30+00:00","inLanguage":"en-GB","mainEntityOfPage":{"@id":"https:\/\/www.worldrally.eu\/index.php\/2021\/06\/23\/mabellini-to-byl-trudny-rajd\/#webpage"},"isPartOf":{"@id":"https:\/\/www.worldrally.eu\/index.php\/2021\/06\/23\/mabellini-to-byl-trudny-rajd\/#webpage"},"articleSection":"ERC"},{"@type":"BreadcrumbList","@id":"https:\/\/www.worldrally.eu\/index.php\/2021\/06\/23\/mabellini-to-byl-trudny-rajd\/#breadcrumblist","itemListElement":[{"@type":"ListItem","@id":"https:\/\/www.worldrally.eu#listItem","position":1,"name":"Home","item":"https:\/\/www.worldrally.eu","nextItem":{"@type":"ListItem","@id":"https:\/\/www.worldrally.eu\/index.php\/category\/erc\/#listItem","name":"ERC"}},{"@type":"ListItem","@id":"https:\/\/www.worldrally.eu\/index.php\/category\/erc\/#listItem","position":2,"name":"ERC","item":"https:\/\/www.worldrally.eu\/index.php\/category\/erc\/","nextItem":{"@type":"ListItem","@id":"https:\/\/www.worldrally.eu\/index.php\/2021\/06\/23\/mabellini-to-byl-trudny-rajd\/#listItem","name":"Mabellini, to by\u0142 trudny rajd."},"previousItem":{"@type":"ListItem","@id":"https:\/\/www.worldrally.eu#listItem","name":"Home"}},{"@type":"ListItem","@id":"https:\/\/www.worldrally.eu\/index.php\/2021\/06\/23\/mabellini-to-byl-trudny-rajd\/#listItem","position":3,"name":"Mabellini, to by\u0142 trudny rajd.","previousItem":{"@type":"ListItem","@id":"https:\/\/www.worldrally.eu\/index.php\/category\/erc\/#listItem","name":"ERC"}}]},{"@type":"Organization","@id":"https:\/\/www.worldrally.eu\/#organization","name":"WorldRally.eu","url":"https:\/\/www.worldrally.eu\/","logo":{"@type":"ImageObject","url":"https:\/\/www.worldrally.eu\/wp-content\/uploads\/2026\/01\/cropped-logo-3.png","@id":"https:\/\/www.worldrally.eu\/index.php\/2021\/06\/23\/mabellini-to-byl-trudny-rajd\/#organizationLogo","width":2039,"height":756},"image":{"@id":"https:\/\/www.worldrally.eu\/index.php\/2021\/06\/23\/mabellini-to-byl-trudny-rajd\/#organizationLogo"}},{"@type":"Person","@id":"https:\/\/www.worldrally.eu\/index.php\/author\/admin\/#author","url":"https:\/\/www.worldrally.eu\/index.php\/author\/admin\/","name":"Junior","image":{"@type":"ImageObject","@id":"https:\/\/www.worldrally.eu\/index.php\/2021\/06\/23\/mabellini-to-byl-trudny-rajd\/#authorImage","url":"https:\/\/secure.gravatar.com\/avatar\/5bd369ac0447285dc20b588693ca1756d0179a7f957258050a42a968bf3b9d0a?s=96&d=mm&r=g","width":96,"height":96,"caption":"Junior"}},{"@type":"WebPage","@id":"https:\/\/www.worldrally.eu\/index.php\/2021\/06\/23\/mabellini-to-byl-trudny-rajd\/#webpage","url":"https:\/\/www.worldrally.eu\/index.php\/2021\/06\/23\/mabellini-to-byl-trudny-rajd\/","name":"Mabellini, to by\u0142 trudny rajd. \u00bb WorldRally.eu","description":"Zawodnik Clio Trophy by Toksport WRT, Andrea Mabellini, powiedzia\u0142, \u017ce do\u015bwiadczenie, kt\u00f3re zdoby\u0142 podczas jazdy po szutrze w Rajdowych Mistrzostwach Europy , pomog\u0142o mu zrekompensowa\u0107 uko\u0144czenie ORLEN 77. Rajdu Polski poza miejscami na podium. Starania Mabelliniego o dobry wynik w jego Renault Clio Rally5 zosta\u0142y zniweczone przez uszkodzenie opon na obu nogach otwieraj\u0105cego Rajdowe Mistrzostwa","inLanguage":"en-GB","isPartOf":{"@id":"https:\/\/www.worldrally.eu\/#website"},"breadcrumb":{"@id":"https:\/\/www.worldrally.eu\/index.php\/2021\/06\/23\/mabellini-to-byl-trudny-rajd\/#breadcrumblist"},"author":{"@id":"https:\/\/www.worldrally.eu\/index.php\/author\/admin\/#author"},"creator":{"@id":"https:\/\/www.worldrally.eu\/index.php\/author\/admin\/#author"},"image":{"@type":"ImageObject","url":"https:\/\/www.worldrally.eu\/wp-content\/uploads\/2023\/04\/IMG_4339.jpg","@id":"https:\/\/www.worldrally.eu\/index.php\/2021\/06\/23\/mabellini-to-byl-trudny-rajd\/#mainImage","width":1620,"height":1080},"primaryImageOfPage":{"@id":"https:\/\/www.worldrally.eu\/index.php\/2021\/06\/23\/mabellini-to-byl-trudny-rajd\/#mainImage"},"datePublished":"2021-06-23T16:36:00+00:00","dateModified":"2023-04-12T16:39:30+00:00"},{"@type":"WebSite","@id":"https:\/\/www.worldrally.eu\/#website","url":"https:\/\/www.worldrally.eu\/","name":"WorldRally.eu","inLanguage":"en-GB","publisher":{"@id":"https:\/\/www.worldrally.eu\/#organization"}}]},"og:locale":"en_GB","og:site_name":"WorldRally.eu \u00bb","og:type":"article","og:title":"Mabellini, to by\u0142 trudny rajd. \u00bb WorldRally.eu","og:description":"Zawodnik Clio Trophy by Toksport WRT, Andrea Mabellini, powiedzia\u0142, \u017ce do\u015bwiadczenie, kt\u00f3re zdoby\u0142 podczas jazdy po szutrze w Rajdowych Mistrzostwach Europy , pomog\u0142o mu zrekompensowa\u0107 uko\u0144czenie ORLEN 77. Rajdu Polski poza miejscami na podium. Starania Mabelliniego o dobry wynik w jego Renault Clio Rally5 zosta\u0142y zniweczone przez uszkodzenie opon na obu nogach otwieraj\u0105cego Rajdowe Mistrzostwa","og:url":"https:\/\/www.worldrally.eu\/index.php\/2021\/06\/23\/mabellini-to-byl-trudny-rajd\/","og:image":"https:\/\/www.worldrally.eu\/wp-content\/uploads\/2023\/04\/IMG_4339.jpg","og:image:secure_url":"https:\/\/www.worldrally.eu\/wp-content\/uploads\/2023\/04\/IMG_4339.jpg","og:image:width":1620,"og:image:height":1080,"article:published_time":"2021-06-23T16:36:00+00:00","article:modified_time":"2023-04-12T16:39:30+00:00","twitter:card":"summary_large_image","twitter:title":"Mabellini, to by\u0142 trudny rajd. \u00bb WorldRally.eu","twitter:description":"Zawodnik Clio Trophy by Toksport WRT, Andrea Mabellini, powiedzia\u0142, \u017ce do\u015bwiadczenie, kt\u00f3re zdoby\u0142 podczas jazdy po szutrze w Rajdowych Mistrzostwach Europy , pomog\u0142o mu zrekompensowa\u0107 uko\u0144czenie ORLEN 77. Rajdu Polski poza miejscami na podium. Starania Mabelliniego o dobry wynik w jego Renault Clio Rally5 zosta\u0142y zniweczone przez uszkodzenie opon na obu nogach otwieraj\u0105cego Rajdowe Mistrzostwa","twitter:image":"https:\/\/www.worldrally.eu\/wp-content\/uploads\/2023\/04\/IMG_4339.jpg"},"aioseo_meta_data":{"post_id":"1143","title":null,"description":null,"keywords":null,"keyphrases":null,"primary_term":null,"canonical_url":null,"og_title":null,"og_description":null,"og_object_type":"default","og_image_type":"default","og_image_url":null,"og_image_width":null,"og_image_height":null,"og_image_custom_url":null,"og_image_custom_fields":null,"og_video":null,"og_custom_url":null,"og_article_section":null,"og_article_tags":null,"twitter_use_og":false,"twitter_card":"default","twitter_image_type":"default","twitter_image_url":null,"twitter_image_custom_url":null,"twitter_image_custom_fields":null,"twitter_title":null,"twitter_description":null,"schema":{"blockGraphs":[],"customGraphs":[],"default":{"data":{"Article":[],"Course":[],"Dataset":[],"FAQPage":[],"Movie":[],"Person":[],"Product":[],"ProductReview":[],"Car":[],"Recipe":[],"Service":[],"SoftwareApplication":[],"WebPage":[]},"graphName":"","isEnabled":true},"graphs":[]},"schema_type":"default","schema_type_options":null,"pillar_content":false,"robots_default":true,"robots_noindex":false,"robots_noarchive":false,"robots_nosnippet":false,"robots_nofollow":false,"robots_noimageindex":false,"robots_noodp":false,"robots_notranslate":false,"robots_max_snippet":null,"robots_max_videopreview":null,"robots_max_imagepreview":"large","priority":null,"frequency":null,"local_seo":null,"breadcrumb_settings":null,"limit_modified_date":false,"ai":null,"created":"2025-03-22 05:47:35","updated":"2025-10-26 08:00:00","seo_analyzer_scan_date":null},"aioseo_breadcrumb":"<div class=\"aioseo-breadcrumbs\"><span class=\"aioseo-breadcrumb\">\n\t\t\t<a href=\"https:\/\/www.worldrally.eu\" title=\"Home\">Home<\/a>\n\t\t<\/span><span class=\"aioseo-breadcrumb-separator\">&raquo;<\/span><span class=\"aioseo-breadcrumb\">\n\t\t\t<a href=\"https:\/\/www.worldrally.eu\/index.php\/category\/erc\/\" title=\"ERC\">ERC<\/a>\n\t\t<\/span><span class=\"aioseo-breadcrumb-separator\">&raquo;<\/span><span class=\"aioseo-breadcrumb\">\n\t\t\tMabellini, to by\u0142 trudny rajd.\n\t\t<\/span><\/div>","aioseo_breadcrumb_json":[{"label":"Home","link":"https:\/\/www.worldrally.eu"},{"label":"ERC","link":"https:\/\/www.worldrally.eu\/index.php\/category\/erc\/"},{"label":"Mabellini, to by\u0142 trudny rajd.","link":"https:\/\/www.worldrally.eu\/index.php\/2021\/06\/23\/mabellini-to-byl-trudny-rajd\/"}],"cc_featured_image_caption":{"caption_text":"Foto - PhotoMS \/ Adam Owczarek","source_text":"","source_url":""},"_links":{"self":[{"href":"https:\/\/www.worldrally.eu\/index.php\/wp-json\/wp\/v2\/posts\/1143","targetHints":{"allow":["GET"]}}],"collection":[{"href":"https:\/\/www.worldrally.eu\/index.php\/wp-json\/wp\/v2\/posts"}],"about":[{"href":"https:\/\/www.worldrally.eu\/index.php\/wp-json\/wp\/v2\/types\/post"}],"author":[{"embeddable":true,"href":"https:\/\/www.worldrally.eu\/index.php\/wp-json\/wp\/v2\/users\/1"}],"replies":[{"embeddable":true,"href":"https:\/\/www.worldrally.eu\/index.php\/wp-json\/wp\/v2\/comments?post=1143"}],"version-history":[{"count":1,"href":"https:\/\/www.worldrally.eu\/index.php\/wp-json\/wp\/v2\/posts\/1143\/revisions"}],"predecessor-version":[{"id":1145,"href":"https:\/\/www.worldrally.eu\/index.php\/wp-json\/wp\/v2\/posts\/1143\/revisions\/1145"}],"wp:featuredmedia":[{"embeddable":true,"href":"https:\/\/www.worldrally.eu\/index.php\/wp-json\/wp\/v2\/media\/1144"}],"wp:attachment":[{"href":"https:\/\/www.worldrally.eu\/index.php\/wp-json\/wp\/v2\/media?parent=1143"}],"wp:term":[{"taxonomy":"category","embeddable":true,"href":"https:\/\/www.worldrally.eu\/index.php\/wp-json\/wp\/v2\/categories?post=1143"},{"taxonomy":"post_tag","embeddable":true,"href":"https:\/\/www.worldrally.eu\/index.php\/wp-json\/wp\/v2\/tags?post=1143"}],"curies":[{"name":"wp","href":"https:\/\/api.w.org\/{rel}","templated":true}]}}