{"id":1141,"date":"2021-06-22T16:26:00","date_gmt":"2021-06-22T16:26:00","guid":{"rendered":"https:\/\/www.worldrally.eu\/?p=1141"},"modified":"2023-04-12T16:31:21","modified_gmt":"2023-04-12T16:31:21","slug":"rozczarowany-llarena","status":"publish","type":"post","link":"https:\/\/www.worldrally.eu\/index.php\/2021\/06\/22\/rozczarowany-llarena\/","title":{"rendered":"Rozczarowany Llarena"},"content":{"rendered":"\n<p>Efr\u00e9n Llarena uwa\u017ca, \u017ce jego nie zbyt dobry wyst\u0119p w otwarciu Mistrzostw Europy podczas Rajdu Polski by\u0142 spowodowany zbyt ma\u0142ym do\u015bwiadczeniem poznania Skody Fabia Rally2 Evo.<\/p>\n\n\n\n<p>Llarena by\u0142 19. po pierwszym pe\u0142nym etapie ORLEN 77. Rajdu Polski, ale walczy\u0142 po pocz\u0105tkowych zmaganiach, ko\u0144cz\u0105c wy\u015bcig ze strat\u0105 1,7 s do czterokrotnego mistrza W\u0119gier Norberta Hercziga.<\/p>\n\n\n\n<blockquote class=\"wp-block-quote is-layout-flow wp-block-quote-is-layout-flow\">\n<p>Na pewno musimy si\u0119 poprawi\u0107, ale od samego pocz\u0105tku zacz\u0119li\u015bmy poprawia\u0107 nasze czasy i tempo. Na pocz\u0105tku nie mieli\u015bmy pewno\u015bci siebie, ale po etapach j\u0105 zdobyli\u015bmy i stracili\u015bmy pi\u0105te miejsce zaledwie o 1,7 sekundy. Rajd by\u0142 do\u015b\u0107 d\u0142ugi, starali\u015bmy si\u0119 cisn\u0105\u0107, ale czasami trzeba wszystko ogarn\u0105\u0107: tempo, opony, przebicia. Gdyby\u015b zobaczy\u0142 list\u0119 startow\u0105, pomy\u015bla\u0142by\u015b, \u017ce m\u00f3j wynik by\u0142 szalony, poniewa\u017c by\u0142o du\u017co samochod\u00f3w i wielu naprawd\u0119 dobrych kierowc\u00f3w z mistrzostw \u015bwiata i krajowych. Nie byli\u015bmy tacy \u017ali, ale postaramy si\u0119 poprawi\u0107<\/p>\n<cite>powiedzia\u0142 Llarena<\/cite><\/blockquote>\n","protected":false},"excerpt":{"rendered":"<p>Efr\u00e9n Llarena uwa\u017ca, \u017ce jego nie zbyt dobry wyst\u0119p w otwarciu Mistrzostw Europy podczas Rajdu Polski by\u0142 spowodowany zbyt ma\u0142ym do\u015bwiadczeniem poznania Skody Fabia Rally2 Evo. Llarena by\u0142 19. po pierwszym pe\u0142nym etapie ORLEN 77. Rajdu Polski, ale walczy\u0142 po pocz\u0105tkowych zmaganiach, ko\u0144cz\u0105c wy\u015bcig ze strat\u0105 1,7 s do czterokrotnego mistrza W\u0119gier Norberta Hercziga. Na [&hellip;]<\/p>\n","protected":false},"author":2,"featured_media":1072,"comment_status":"closed","ping_status":"closed","sticky":false,"template":"","format":"standard","meta":{"footnotes":""},"categories":[4],"tags":[],"class_list":["post-1141","post","type-post","status-publish","format-standard","has-post-thumbnail","hentry","category-erc"],"aioseo_notices":[],"cc_featured_image_caption":{"caption_text":"Foto - PhotoMS \/ Adam Owczarek","source_text":"","source_url":""},"_links":{"self":[{"href":"https:\/\/www.worldrally.eu\/index.php\/wp-json\/wp\/v2\/posts\/1141","targetHints":{"allow":["GET"]}}],"collection":[{"href":"https:\/\/www.worldrally.eu\/index.php\/wp-json\/wp\/v2\/posts"}],"about":[{"href":"https:\/\/www.worldrally.eu\/index.php\/wp-json\/wp\/v2\/types\/post"}],"author":[{"embeddable":true,"href":"https:\/\/www.worldrally.eu\/index.php\/wp-json\/wp\/v2\/users\/2"}],"replies":[{"embeddable":true,"href":"https:\/\/www.worldrally.eu\/index.php\/wp-json\/wp\/v2\/comments?post=1141"}],"version-history":[{"count":1,"href":"https:\/\/www.worldrally.eu\/index.php\/wp-json\/wp\/v2\/posts\/1141\/revisions"}],"predecessor-version":[{"id":1142,"href":"https:\/\/www.worldrally.eu\/index.php\/wp-json\/wp\/v2\/posts\/1141\/revisions\/1142"}],"wp:featuredmedia":[{"embeddable":true,"href":"https:\/\/www.worldrally.eu\/index.php\/wp-json\/wp\/v2\/media\/1072"}],"wp:attachment":[{"href":"https:\/\/www.worldrally.eu\/index.php\/wp-json\/wp\/v2\/media?parent=1141"}],"wp:term":[{"taxonomy":"category","embeddable":true,"href":"https:\/\/www.worldrally.eu\/index.php\/wp-json\/wp\/v2\/categories?post=1141"},{"taxonomy":"post_tag","embeddable":true,"href":"https:\/\/www.worldrally.eu\/index.php\/wp-json\/wp\/v2\/tags?post=1141"}],"curies":[{"name":"wp","href":"https:\/\/api.w.org\/{rel}","templated":true}]}}