{"id":1138,"date":"2021-06-21T14:37:00","date_gmt":"2021-06-21T14:37:00","guid":{"rendered":"https:\/\/www.worldrally.eu\/?p=1138"},"modified":"2023-04-12T14:39:50","modified_gmt":"2023-04-12T14:39:50","slug":"cais-w-formie","status":"publish","type":"post","link":"https:\/\/www.worldrally.eu\/index.php\/2021\/06\/21\/cais-w-formie\/","title":{"rendered":"Cais w formie."},"content":{"rendered":"\n<p>Erik Cais rozpocz\u0105\u0142 sw\u00f3j drugi sezon w najwy\u017cszej klasie rozgrywkowej Rajdowych Mistrzostw Europy FIA mocnym dotarciem na dziewi\u0105te miejsce na 77. Rajdzie Polski ORLEN.<\/p>\n\n\n\n<blockquote class=\"wp-block-quote is-layout-flow wp-block-quote-is-layout-flow\">\n<p>W niedziel\u0119 nie by\u0142o \u0142atwo, poniewa\u017c oczy\u015bcili\u015bmy drog\u0119, a tak\u017ce nie by\u0142o \u0142atwo, poniewa\u017c nie wiedzia\u0142em, czego si\u0119 spodziewa\u0107 po tym rajdzie, poniewa\u017c nigdy nie startowa\u0142em tutaj samochodem R5 ca\u0142kiem nowy dla mnie, pr\u0119dko\u015b\u0107 by\u0142a naprawd\u0119 wysoka, a moje notatki w niekt\u00f3rych momentach nie by\u0142y tak dobre. Ale mimo wszystko musz\u0119 powiedzie\u0107, \u017ce jeste\u015bmy zadowoleni z pierwszej dziesi\u0105tki<\/p>\n<cite>powiedzia\u0142 Cais<\/cite><\/blockquote>\n\n\n\n<p>Cais zbli\u017cy\u0142o si\u0119 do \u00f3smego Yoanna Bonato z dok\u0142adno\u015bci\u0105 do 4,9 s na mecie po tym, jak w Citro\u00ebnie C3 Rally2 Francuza wyst\u0105pi\u0142a usterka silnika na ko\u0144cowych etapach.<\/p>\n\n\n\n<blockquote class=\"wp-block-quote is-layout-flow wp-block-quote-is-layout-flow\">\n<p>By\u0142em zmotywowany i da\u0142em z siebie wszystko, aby pokona\u0107 Yoanna, ale w drugim zakr\u0119cie SS14 wpad\u0142em w pe\u0142ny dryf i pomy\u015bla\u0142em \u201eco ja robi\u0119?\u201d i pr\u00f3bowa\u0142em si\u0119 uspokoi\u0107, wtedy by\u0142o znacznie lepiej. My\u015bl\u0119, \u017ce to, co straci\u0142em w tym zakr\u0119cie, odzyska\u0142em, ale to by\u0142a naprawd\u0119 dobra zabawa<\/p>\n<cite>doda\u0142<\/cite><\/blockquote>\n","protected":false},"excerpt":{"rendered":"<p>Erik Cais rozpocz\u0105\u0142 sw\u00f3j drugi sezon w najwy\u017cszej klasie rozgrywkowej Rajdowych Mistrzostw Europy FIA mocnym dotarciem na dziewi\u0105te miejsce na 77. Rajdzie Polski ORLEN. W niedziel\u0119 nie by\u0142o \u0142atwo, poniewa\u017c oczy\u015bcili\u015bmy drog\u0119, a tak\u017ce nie by\u0142o \u0142atwo, poniewa\u017c nie wiedzia\u0142em, czego si\u0119 spodziewa\u0107 po tym rajdzie, poniewa\u017c nigdy nie startowa\u0142em tutaj samochodem R5 ca\u0142kiem nowy [&hellip;]<\/p>\n","protected":false},"author":1,"featured_media":1139,"comment_status":"closed","ping_status":"closed","sticky":false,"template":"","format":"standard","meta":{"footnotes":""},"categories":[4],"tags":[],"class_list":["post-1138","post","type-post","status-publish","format-standard","has-post-thumbnail","hentry","category-erc"],"aioseo_notices":[],"cc_featured_image_caption":{"caption_text":"Foto - PhotoMS \/ Adam Owczarek","source_text":"","source_url":""},"_links":{"self":[{"href":"https:\/\/www.worldrally.eu\/index.php\/wp-json\/wp\/v2\/posts\/1138","targetHints":{"allow":["GET"]}}],"collection":[{"href":"https:\/\/www.worldrally.eu\/index.php\/wp-json\/wp\/v2\/posts"}],"about":[{"href":"https:\/\/www.worldrally.eu\/index.php\/wp-json\/wp\/v2\/types\/post"}],"author":[{"embeddable":true,"href":"https:\/\/www.worldrally.eu\/index.php\/wp-json\/wp\/v2\/users\/1"}],"replies":[{"embeddable":true,"href":"https:\/\/www.worldrally.eu\/index.php\/wp-json\/wp\/v2\/comments?post=1138"}],"version-history":[{"count":1,"href":"https:\/\/www.worldrally.eu\/index.php\/wp-json\/wp\/v2\/posts\/1138\/revisions"}],"predecessor-version":[{"id":1140,"href":"https:\/\/www.worldrally.eu\/index.php\/wp-json\/wp\/v2\/posts\/1138\/revisions\/1140"}],"wp:featuredmedia":[{"embeddable":true,"href":"https:\/\/www.worldrally.eu\/index.php\/wp-json\/wp\/v2\/media\/1139"}],"wp:attachment":[{"href":"https:\/\/www.worldrally.eu\/index.php\/wp-json\/wp\/v2\/media?parent=1138"}],"wp:term":[{"taxonomy":"category","embeddable":true,"href":"https:\/\/www.worldrally.eu\/index.php\/wp-json\/wp\/v2\/categories?post=1138"},{"taxonomy":"post_tag","embeddable":true,"href":"https:\/\/www.worldrally.eu\/index.php\/wp-json\/wp\/v2\/tags?post=1138"}],"curies":[{"name":"wp","href":"https:\/\/api.w.org\/{rel}","templated":true}]}}