{"id":1134,"date":"2021-06-21T14:15:00","date_gmt":"2021-06-21T14:15:00","guid":{"rendered":"https:\/\/www.worldrally.eu\/?p=1134"},"modified":"2023-04-12T14:26:20","modified_gmt":"2023-04-12T14:26:20","slug":"marczyk-to-podium-jest-jak-marzenie","status":"publish","type":"post","link":"https:\/\/www.worldrally.eu\/index.php\/2021\/06\/21\/marczyk-to-podium-jest-jak-marzenie\/","title":{"rendered":"Marczyk, to podium jest jak marzenie."},"content":{"rendered":"\n<p class=\"wp-block-paragraph\">Miko Marczyk powiedzia\u0142, \u017ce zdobycie pierwszego miejsca na podium w Rajdowych Mistrzostwach Europy FIA by\u0142o spe\u0142nieniem marze\u0144 i dowodem na post\u0119p, jaki robi.<\/p>\n\n\n\n<p class=\"wp-block-paragraph\">Trzecie miejsce Marczyka na ORLEN 77. Rajdzie Polski to jego dziewi\u0105ty start w ERC, kt\u00f3ry 25-latek ma nadziej\u0119 rozegra\u0107 przez ca\u0142y sezon za kierownic\u0105 \u0160kody Fabia Rally2 Evo, kt\u00f3r\u0105 pilotuje Szymon Gospodarczyk.<\/p>\n\n\n\n<blockquote class=\"wp-block-quote is-layout-flow wp-block-quote-is-layout-flow\">\n<p class=\"wp-block-paragraph\">To jak marzenie, jestem naprawd\u0119 szcz\u0119\u015bliwy. Szczerze m\u00f3wi\u0105c, pracuj\u0119 z Szymonem, aby by\u0107 coraz lepszym i robi\u0107 post\u0119py. Czasami na post\u0119p trzeba czeka\u0107 p\u00f3\u0142 roku, rok, ale ten rajd pokazuje, \u017ce zrobili\u015bmy post\u0119p, rozwijamy si\u0119, poprawiamy i zaczynamy by\u0107 silniejsi w ERC. Jeste\u015bmy na podium mistrzostw Europy i jest lepiej, dzi\u0119kuj\u0119 Szymon, dzi\u0119kuj\u0119 mojemu zespo\u0142owi, moim partnerom, ORLENowi, \u017ce latem mo\u017cemy by\u0107 tutaj w stolicy Polski i walczy\u0107 z najlepszymi kierowcami z ca\u0142ej \u015bwiecie tutaj, w moim kraju, jestem naprawd\u0119 szcz\u0119\u015bliwy i to jest dla nas co\u015b dobrego<\/p>\n<\/blockquote>\n","protected":false},"excerpt":{"rendered":"<p>Miko Marczyk powiedzia\u0142, \u017ce zdobycie pierwszego miejsca na podium w Rajdowych Mistrzostwach Europy FIA by\u0142o spe\u0142nieniem marze\u0144 i dowodem na post\u0119p, jaki robi. Trzecie miejsce Marczyka na ORLEN 77. Rajdzie Polski to jego dziewi\u0105ty start w ERC, kt\u00f3ry 25-latek ma nadziej\u0119 rozegra\u0107 przez ca\u0142y sezon za kierownic\u0105 \u0160kody Fabia Rally2 Evo, kt\u00f3r\u0105 pilotuje Szymon Gospodarczyk. [&hellip;]<\/p>\n","protected":false},"author":2,"featured_media":1135,"comment_status":"closed","ping_status":"closed","sticky":false,"template":"","format":"standard","meta":{"_monsterinsights_skip_tracking":false,"_monsterinsights_sitenote_active":false,"_monsterinsights_sitenote_note":"","_monsterinsights_sitenote_category":0,"footnotes":""},"categories":[4],"tags":[],"class_list":["post-1134","post","type-post","status-publish","format-standard","has-post-thumbnail","hentry","category-erc"],"aioseo_notices":[],"aioseo_head":"\n\t\t<!-- All in One SEO 4.9.9 - aioseo.com -->\n\t<meta name=\"description\" content=\"Miko Marczyk powiedzia\u0142, \u017ce zdobycie pierwszego miejsca na podium w Rajdowych Mistrzostwach Europy FIA by\u0142o spe\u0142nieniem marze\u0144 i dowodem na post\u0119p, jaki robi. Trzecie miejsce Marczyka na ORLEN 77. Rajdzie Polski to jego dziewi\u0105ty start w ERC, kt\u00f3ry 25-latek ma nadziej\u0119 rozegra\u0107 przez ca\u0142y sezon za kierownic\u0105 \u0160kody Fabia Rally2 Evo, kt\u00f3r\u0105 pilotuje Szymon Gospodarczyk.\" \/>\n\t<meta name=\"robots\" content=\"max-image-preview:large\" \/>\n\t<meta name=\"author\" content=\"Magdalena\"\/>\n\t<link rel=\"canonical\" href=\"https:\/\/www.worldrally.eu\/index.php\/2021\/06\/21\/marczyk-to-podium-jest-jak-marzenie\/\" \/>\n\t<meta name=\"generator\" content=\"All in One SEO (AIOSEO) 4.9.9\" \/>\n\t\t<meta property=\"og:locale\" content=\"en_GB\" \/>\n\t\t<meta property=\"og:site_name\" content=\"WorldRally.eu \u00bb\" \/>\n\t\t<meta property=\"og:type\" content=\"article\" \/>\n\t\t<meta property=\"og:title\" content=\"Marczyk, to podium jest jak marzenie. \u00bb WorldRally.eu\" \/>\n\t\t<meta property=\"og:description\" content=\"Miko Marczyk powiedzia\u0142, \u017ce zdobycie pierwszego miejsca na podium w Rajdowych Mistrzostwach Europy FIA by\u0142o spe\u0142nieniem marze\u0144 i dowodem na post\u0119p, jaki robi. Trzecie miejsce Marczyka na ORLEN 77. Rajdzie Polski to jego dziewi\u0105ty start w ERC, kt\u00f3ry 25-latek ma nadziej\u0119 rozegra\u0107 przez ca\u0142y sezon za kierownic\u0105 \u0160kody Fabia Rally2 Evo, kt\u00f3r\u0105 pilotuje Szymon Gospodarczyk.\" \/>\n\t\t<meta property=\"og:url\" content=\"https:\/\/www.worldrally.eu\/index.php\/2021\/06\/21\/marczyk-to-podium-jest-jak-marzenie\/\" \/>\n\t\t<meta property=\"og:image\" content=\"https:\/\/www.worldrally.eu\/wp-content\/uploads\/2023\/04\/IMG_4743.jpg\" \/>\n\t\t<meta property=\"og:image:secure_url\" content=\"https:\/\/www.worldrally.eu\/wp-content\/uploads\/2023\/04\/IMG_4743.jpg\" \/>\n\t\t<meta property=\"og:image:width\" content=\"1620\" \/>\n\t\t<meta property=\"og:image:height\" content=\"1080\" \/>\n\t\t<meta property=\"article:published_time\" content=\"2021-06-21T14:15:00+00:00\" \/>\n\t\t<meta property=\"article:modified_time\" content=\"2023-04-12T14:26:20+00:00\" \/>\n\t\t<meta name=\"twitter:card\" content=\"summary_large_image\" \/>\n\t\t<meta name=\"twitter:title\" content=\"Marczyk, to podium jest jak marzenie. \u00bb WorldRally.eu\" \/>\n\t\t<meta name=\"twitter:description\" content=\"Miko Marczyk powiedzia\u0142, \u017ce zdobycie pierwszego miejsca na podium w Rajdowych Mistrzostwach Europy FIA by\u0142o spe\u0142nieniem marze\u0144 i dowodem na post\u0119p, jaki robi. Trzecie miejsce Marczyka na ORLEN 77. Rajdzie Polski to jego dziewi\u0105ty start w ERC, kt\u00f3ry 25-latek ma nadziej\u0119 rozegra\u0107 przez ca\u0142y sezon za kierownic\u0105 \u0160kody Fabia Rally2 Evo, kt\u00f3r\u0105 pilotuje Szymon Gospodarczyk.\" \/>\n\t\t<meta name=\"twitter:image\" content=\"https:\/\/www.worldrally.eu\/wp-content\/uploads\/2023\/04\/IMG_4743.jpg\" \/>\n\t\t<script type=\"application\/ld+json\" class=\"aioseo-schema\">\n\t\t\t{\"@context\":\"https:\\\/\\\/schema.org\",\"@graph\":[{\"@type\":\"BlogPosting\",\"@id\":\"https:\\\/\\\/www.worldrally.eu\\\/index.php\\\/2021\\\/06\\\/21\\\/marczyk-to-podium-jest-jak-marzenie\\\/#blogposting\",\"name\":\"Marczyk, to podium jest jak marzenie. \\u00bb WorldRally.eu\",\"headline\":\"Marczyk, to podium jest jak marzenie.\",\"author\":{\"@id\":\"https:\\\/\\\/www.worldrally.eu\\\/index.php\\\/author\\\/magdalena\\\/#author\"},\"publisher\":{\"@id\":\"https:\\\/\\\/www.worldrally.eu\\\/#organization\"},\"image\":{\"@type\":\"ImageObject\",\"url\":\"https:\\\/\\\/www.worldrally.eu\\\/wp-content\\\/uploads\\\/2023\\\/04\\\/IMG_4743.jpg\",\"width\":1620,\"height\":1080},\"datePublished\":\"2021-06-21T14:15:00+00:00\",\"dateModified\":\"2023-04-12T14:26:20+00:00\",\"inLanguage\":\"en-GB\",\"mainEntityOfPage\":{\"@id\":\"https:\\\/\\\/www.worldrally.eu\\\/index.php\\\/2021\\\/06\\\/21\\\/marczyk-to-podium-jest-jak-marzenie\\\/#webpage\"},\"isPartOf\":{\"@id\":\"https:\\\/\\\/www.worldrally.eu\\\/index.php\\\/2021\\\/06\\\/21\\\/marczyk-to-podium-jest-jak-marzenie\\\/#webpage\"},\"articleSection\":\"ERC\"},{\"@type\":\"BreadcrumbList\",\"@id\":\"https:\\\/\\\/www.worldrally.eu\\\/index.php\\\/2021\\\/06\\\/21\\\/marczyk-to-podium-jest-jak-marzenie\\\/#breadcrumblist\",\"itemListElement\":[{\"@type\":\"ListItem\",\"@id\":\"https:\\\/\\\/www.worldrally.eu#listItem\",\"position\":1,\"name\":\"Home\",\"item\":\"https:\\\/\\\/www.worldrally.eu\",\"nextItem\":{\"@type\":\"ListItem\",\"@id\":\"https:\\\/\\\/www.worldrally.eu\\\/index.php\\\/category\\\/erc\\\/#listItem\",\"name\":\"ERC\"}},{\"@type\":\"ListItem\",\"@id\":\"https:\\\/\\\/www.worldrally.eu\\\/index.php\\\/category\\\/erc\\\/#listItem\",\"position\":2,\"name\":\"ERC\",\"item\":\"https:\\\/\\\/www.worldrally.eu\\\/index.php\\\/category\\\/erc\\\/\",\"nextItem\":{\"@type\":\"ListItem\",\"@id\":\"https:\\\/\\\/www.worldrally.eu\\\/index.php\\\/2021\\\/06\\\/21\\\/marczyk-to-podium-jest-jak-marzenie\\\/#listItem\",\"name\":\"Marczyk, to podium jest jak marzenie.\"},\"previousItem\":{\"@type\":\"ListItem\",\"@id\":\"https:\\\/\\\/www.worldrally.eu#listItem\",\"name\":\"Home\"}},{\"@type\":\"ListItem\",\"@id\":\"https:\\\/\\\/www.worldrally.eu\\\/index.php\\\/2021\\\/06\\\/21\\\/marczyk-to-podium-jest-jak-marzenie\\\/#listItem\",\"position\":3,\"name\":\"Marczyk, to podium jest jak marzenie.\",\"previousItem\":{\"@type\":\"ListItem\",\"@id\":\"https:\\\/\\\/www.worldrally.eu\\\/index.php\\\/category\\\/erc\\\/#listItem\",\"name\":\"ERC\"}}]},{\"@type\":\"Organization\",\"@id\":\"https:\\\/\\\/www.worldrally.eu\\\/#organization\",\"name\":\"WorldRally.eu\",\"url\":\"https:\\\/\\\/www.worldrally.eu\\\/\",\"logo\":{\"@type\":\"ImageObject\",\"url\":\"https:\\\/\\\/www.worldrally.eu\\\/wp-content\\\/uploads\\\/2026\\\/01\\\/cropped-logo-3.png\",\"@id\":\"https:\\\/\\\/www.worldrally.eu\\\/index.php\\\/2021\\\/06\\\/21\\\/marczyk-to-podium-jest-jak-marzenie\\\/#organizationLogo\",\"width\":2039,\"height\":756},\"image\":{\"@id\":\"https:\\\/\\\/www.worldrally.eu\\\/index.php\\\/2021\\\/06\\\/21\\\/marczyk-to-podium-jest-jak-marzenie\\\/#organizationLogo\"}},{\"@type\":\"Person\",\"@id\":\"https:\\\/\\\/www.worldrally.eu\\\/index.php\\\/author\\\/magdalena\\\/#author\",\"url\":\"https:\\\/\\\/www.worldrally.eu\\\/index.php\\\/author\\\/magdalena\\\/\",\"name\":\"Magdalena\",\"image\":{\"@type\":\"ImageObject\",\"@id\":\"https:\\\/\\\/www.worldrally.eu\\\/index.php\\\/2021\\\/06\\\/21\\\/marczyk-to-podium-jest-jak-marzenie\\\/#authorImage\",\"url\":\"https:\\\/\\\/secure.gravatar.com\\\/avatar\\\/853239b46cec38ba30b48d2b091f5538817cc78bdc0944c9ef7408579307e2ea?s=96&d=mm&r=g\",\"width\":96,\"height\":96,\"caption\":\"Magdalena\"}},{\"@type\":\"WebPage\",\"@id\":\"https:\\\/\\\/www.worldrally.eu\\\/index.php\\\/2021\\\/06\\\/21\\\/marczyk-to-podium-jest-jak-marzenie\\\/#webpage\",\"url\":\"https:\\\/\\\/www.worldrally.eu\\\/index.php\\\/2021\\\/06\\\/21\\\/marczyk-to-podium-jest-jak-marzenie\\\/\",\"name\":\"Marczyk, to podium jest jak marzenie. \\u00bb WorldRally.eu\",\"description\":\"Miko Marczyk powiedzia\\u0142, \\u017ce zdobycie pierwszego miejsca na podium w Rajdowych Mistrzostwach Europy FIA by\\u0142o spe\\u0142nieniem marze\\u0144 i dowodem na post\\u0119p, jaki robi. Trzecie miejsce Marczyka na ORLEN 77. Rajdzie Polski to jego dziewi\\u0105ty start w ERC, kt\\u00f3ry 25-latek ma nadziej\\u0119 rozegra\\u0107 przez ca\\u0142y sezon za kierownic\\u0105 \\u0160kody Fabia Rally2 Evo, kt\\u00f3r\\u0105 pilotuje Szymon Gospodarczyk.\",\"inLanguage\":\"en-GB\",\"isPartOf\":{\"@id\":\"https:\\\/\\\/www.worldrally.eu\\\/#website\"},\"breadcrumb\":{\"@id\":\"https:\\\/\\\/www.worldrally.eu\\\/index.php\\\/2021\\\/06\\\/21\\\/marczyk-to-podium-jest-jak-marzenie\\\/#breadcrumblist\"},\"author\":{\"@id\":\"https:\\\/\\\/www.worldrally.eu\\\/index.php\\\/author\\\/magdalena\\\/#author\"},\"creator\":{\"@id\":\"https:\\\/\\\/www.worldrally.eu\\\/index.php\\\/author\\\/magdalena\\\/#author\"},\"image\":{\"@type\":\"ImageObject\",\"url\":\"https:\\\/\\\/www.worldrally.eu\\\/wp-content\\\/uploads\\\/2023\\\/04\\\/IMG_4743.jpg\",\"@id\":\"https:\\\/\\\/www.worldrally.eu\\\/index.php\\\/2021\\\/06\\\/21\\\/marczyk-to-podium-jest-jak-marzenie\\\/#mainImage\",\"width\":1620,\"height\":1080},\"primaryImageOfPage\":{\"@id\":\"https:\\\/\\\/www.worldrally.eu\\\/index.php\\\/2021\\\/06\\\/21\\\/marczyk-to-podium-jest-jak-marzenie\\\/#mainImage\"},\"datePublished\":\"2021-06-21T14:15:00+00:00\",\"dateModified\":\"2023-04-12T14:26:20+00:00\"},{\"@type\":\"WebSite\",\"@id\":\"https:\\\/\\\/www.worldrally.eu\\\/#website\",\"url\":\"https:\\\/\\\/www.worldrally.eu\\\/\",\"name\":\"WorldRally.eu\",\"inLanguage\":\"en-GB\",\"publisher\":{\"@id\":\"https:\\\/\\\/www.worldrally.eu\\\/#organization\"}}]}\n\t\t<\/script>\n\t\t<!-- All in One SEO -->\n\n","aioseo_head_json":{"title":"Marczyk, to podium jest jak marzenie. \u00bb WorldRally.eu","description":"Miko Marczyk powiedzia\u0142, \u017ce zdobycie pierwszego miejsca na podium w Rajdowych Mistrzostwach Europy FIA by\u0142o spe\u0142nieniem marze\u0144 i dowodem na post\u0119p, jaki robi. Trzecie miejsce Marczyka na ORLEN 77. Rajdzie Polski to jego dziewi\u0105ty start w ERC, kt\u00f3ry 25-latek ma nadziej\u0119 rozegra\u0107 przez ca\u0142y sezon za kierownic\u0105 \u0160kody Fabia Rally2 Evo, kt\u00f3r\u0105 pilotuje Szymon Gospodarczyk.","canonical_url":"https:\/\/www.worldrally.eu\/index.php\/2021\/06\/21\/marczyk-to-podium-jest-jak-marzenie\/","robots":"max-image-preview:large","keywords":"","webmasterTools":{"miscellaneous":""},"schema":{"@context":"https:\/\/schema.org","@graph":[{"@type":"BlogPosting","@id":"https:\/\/www.worldrally.eu\/index.php\/2021\/06\/21\/marczyk-to-podium-jest-jak-marzenie\/#blogposting","name":"Marczyk, to podium jest jak marzenie. \u00bb WorldRally.eu","headline":"Marczyk, to podium jest jak marzenie.","author":{"@id":"https:\/\/www.worldrally.eu\/index.php\/author\/magdalena\/#author"},"publisher":{"@id":"https:\/\/www.worldrally.eu\/#organization"},"image":{"@type":"ImageObject","url":"https:\/\/www.worldrally.eu\/wp-content\/uploads\/2023\/04\/IMG_4743.jpg","width":1620,"height":1080},"datePublished":"2021-06-21T14:15:00+00:00","dateModified":"2023-04-12T14:26:20+00:00","inLanguage":"en-GB","mainEntityOfPage":{"@id":"https:\/\/www.worldrally.eu\/index.php\/2021\/06\/21\/marczyk-to-podium-jest-jak-marzenie\/#webpage"},"isPartOf":{"@id":"https:\/\/www.worldrally.eu\/index.php\/2021\/06\/21\/marczyk-to-podium-jest-jak-marzenie\/#webpage"},"articleSection":"ERC"},{"@type":"BreadcrumbList","@id":"https:\/\/www.worldrally.eu\/index.php\/2021\/06\/21\/marczyk-to-podium-jest-jak-marzenie\/#breadcrumblist","itemListElement":[{"@type":"ListItem","@id":"https:\/\/www.worldrally.eu#listItem","position":1,"name":"Home","item":"https:\/\/www.worldrally.eu","nextItem":{"@type":"ListItem","@id":"https:\/\/www.worldrally.eu\/index.php\/category\/erc\/#listItem","name":"ERC"}},{"@type":"ListItem","@id":"https:\/\/www.worldrally.eu\/index.php\/category\/erc\/#listItem","position":2,"name":"ERC","item":"https:\/\/www.worldrally.eu\/index.php\/category\/erc\/","nextItem":{"@type":"ListItem","@id":"https:\/\/www.worldrally.eu\/index.php\/2021\/06\/21\/marczyk-to-podium-jest-jak-marzenie\/#listItem","name":"Marczyk, to podium jest jak marzenie."},"previousItem":{"@type":"ListItem","@id":"https:\/\/www.worldrally.eu#listItem","name":"Home"}},{"@type":"ListItem","@id":"https:\/\/www.worldrally.eu\/index.php\/2021\/06\/21\/marczyk-to-podium-jest-jak-marzenie\/#listItem","position":3,"name":"Marczyk, to podium jest jak marzenie.","previousItem":{"@type":"ListItem","@id":"https:\/\/www.worldrally.eu\/index.php\/category\/erc\/#listItem","name":"ERC"}}]},{"@type":"Organization","@id":"https:\/\/www.worldrally.eu\/#organization","name":"WorldRally.eu","url":"https:\/\/www.worldrally.eu\/","logo":{"@type":"ImageObject","url":"https:\/\/www.worldrally.eu\/wp-content\/uploads\/2026\/01\/cropped-logo-3.png","@id":"https:\/\/www.worldrally.eu\/index.php\/2021\/06\/21\/marczyk-to-podium-jest-jak-marzenie\/#organizationLogo","width":2039,"height":756},"image":{"@id":"https:\/\/www.worldrally.eu\/index.php\/2021\/06\/21\/marczyk-to-podium-jest-jak-marzenie\/#organizationLogo"}},{"@type":"Person","@id":"https:\/\/www.worldrally.eu\/index.php\/author\/magdalena\/#author","url":"https:\/\/www.worldrally.eu\/index.php\/author\/magdalena\/","name":"Magdalena","image":{"@type":"ImageObject","@id":"https:\/\/www.worldrally.eu\/index.php\/2021\/06\/21\/marczyk-to-podium-jest-jak-marzenie\/#authorImage","url":"https:\/\/secure.gravatar.com\/avatar\/853239b46cec38ba30b48d2b091f5538817cc78bdc0944c9ef7408579307e2ea?s=96&d=mm&r=g","width":96,"height":96,"caption":"Magdalena"}},{"@type":"WebPage","@id":"https:\/\/www.worldrally.eu\/index.php\/2021\/06\/21\/marczyk-to-podium-jest-jak-marzenie\/#webpage","url":"https:\/\/www.worldrally.eu\/index.php\/2021\/06\/21\/marczyk-to-podium-jest-jak-marzenie\/","name":"Marczyk, to podium jest jak marzenie. \u00bb WorldRally.eu","description":"Miko Marczyk powiedzia\u0142, \u017ce zdobycie pierwszego miejsca na podium w Rajdowych Mistrzostwach Europy FIA by\u0142o spe\u0142nieniem marze\u0144 i dowodem na post\u0119p, jaki robi. Trzecie miejsce Marczyka na ORLEN 77. Rajdzie Polski to jego dziewi\u0105ty start w ERC, kt\u00f3ry 25-latek ma nadziej\u0119 rozegra\u0107 przez ca\u0142y sezon za kierownic\u0105 \u0160kody Fabia Rally2 Evo, kt\u00f3r\u0105 pilotuje Szymon Gospodarczyk.","inLanguage":"en-GB","isPartOf":{"@id":"https:\/\/www.worldrally.eu\/#website"},"breadcrumb":{"@id":"https:\/\/www.worldrally.eu\/index.php\/2021\/06\/21\/marczyk-to-podium-jest-jak-marzenie\/#breadcrumblist"},"author":{"@id":"https:\/\/www.worldrally.eu\/index.php\/author\/magdalena\/#author"},"creator":{"@id":"https:\/\/www.worldrally.eu\/index.php\/author\/magdalena\/#author"},"image":{"@type":"ImageObject","url":"https:\/\/www.worldrally.eu\/wp-content\/uploads\/2023\/04\/IMG_4743.jpg","@id":"https:\/\/www.worldrally.eu\/index.php\/2021\/06\/21\/marczyk-to-podium-jest-jak-marzenie\/#mainImage","width":1620,"height":1080},"primaryImageOfPage":{"@id":"https:\/\/www.worldrally.eu\/index.php\/2021\/06\/21\/marczyk-to-podium-jest-jak-marzenie\/#mainImage"},"datePublished":"2021-06-21T14:15:00+00:00","dateModified":"2023-04-12T14:26:20+00:00"},{"@type":"WebSite","@id":"https:\/\/www.worldrally.eu\/#website","url":"https:\/\/www.worldrally.eu\/","name":"WorldRally.eu","inLanguage":"en-GB","publisher":{"@id":"https:\/\/www.worldrally.eu\/#organization"}}]},"og:locale":"en_GB","og:site_name":"WorldRally.eu \u00bb","og:type":"article","og:title":"Marczyk, to podium jest jak marzenie. \u00bb WorldRally.eu","og:description":"Miko Marczyk powiedzia\u0142, \u017ce zdobycie pierwszego miejsca na podium w Rajdowych Mistrzostwach Europy FIA by\u0142o spe\u0142nieniem marze\u0144 i dowodem na post\u0119p, jaki robi. Trzecie miejsce Marczyka na ORLEN 77. Rajdzie Polski to jego dziewi\u0105ty start w ERC, kt\u00f3ry 25-latek ma nadziej\u0119 rozegra\u0107 przez ca\u0142y sezon za kierownic\u0105 \u0160kody Fabia Rally2 Evo, kt\u00f3r\u0105 pilotuje Szymon Gospodarczyk.","og:url":"https:\/\/www.worldrally.eu\/index.php\/2021\/06\/21\/marczyk-to-podium-jest-jak-marzenie\/","og:image":"https:\/\/www.worldrally.eu\/wp-content\/uploads\/2023\/04\/IMG_4743.jpg","og:image:secure_url":"https:\/\/www.worldrally.eu\/wp-content\/uploads\/2023\/04\/IMG_4743.jpg","og:image:width":1620,"og:image:height":1080,"article:published_time":"2021-06-21T14:15:00+00:00","article:modified_time":"2023-04-12T14:26:20+00:00","twitter:card":"summary_large_image","twitter:title":"Marczyk, to podium jest jak marzenie. \u00bb WorldRally.eu","twitter:description":"Miko Marczyk powiedzia\u0142, \u017ce zdobycie pierwszego miejsca na podium w Rajdowych Mistrzostwach Europy FIA by\u0142o spe\u0142nieniem marze\u0144 i dowodem na post\u0119p, jaki robi. Trzecie miejsce Marczyka na ORLEN 77. Rajdzie Polski to jego dziewi\u0105ty start w ERC, kt\u00f3ry 25-latek ma nadziej\u0119 rozegra\u0107 przez ca\u0142y sezon za kierownic\u0105 \u0160kody Fabia Rally2 Evo, kt\u00f3r\u0105 pilotuje Szymon Gospodarczyk.","twitter:image":"https:\/\/www.worldrally.eu\/wp-content\/uploads\/2023\/04\/IMG_4743.jpg"},"aioseo_meta_data":{"post_id":"1134","title":null,"description":null,"keywords":null,"keyphrases":null,"primary_term":null,"canonical_url":null,"og_title":null,"og_description":null,"og_object_type":"default","og_image_type":"default","og_image_url":null,"og_image_width":null,"og_image_height":null,"og_image_custom_url":null,"og_image_custom_fields":null,"og_video":null,"og_custom_url":null,"og_article_section":null,"og_article_tags":null,"twitter_use_og":false,"twitter_card":"default","twitter_image_type":"default","twitter_image_url":null,"twitter_image_custom_url":null,"twitter_image_custom_fields":null,"twitter_title":null,"twitter_description":null,"schema":{"blockGraphs":[],"customGraphs":[],"default":{"data":{"Article":[],"Course":[],"Dataset":[],"FAQPage":[],"Movie":[],"Person":[],"Product":[],"ProductReview":[],"Car":[],"Recipe":[],"Service":[],"SoftwareApplication":[],"WebPage":[]},"graphName":"","isEnabled":true},"graphs":[]},"schema_type":"default","schema_type_options":null,"pillar_content":false,"robots_default":true,"robots_noindex":false,"robots_noarchive":false,"robots_nosnippet":false,"robots_nofollow":false,"robots_noimageindex":false,"robots_noodp":false,"robots_notranslate":false,"robots_max_snippet":null,"robots_max_videopreview":null,"robots_max_imagepreview":"large","priority":null,"frequency":null,"local_seo":null,"breadcrumb_settings":null,"limit_modified_date":false,"ai":null,"created":"2025-03-22 05:47:35","updated":"2025-10-26 08:00:00","seo_analyzer_scan_date":null},"aioseo_breadcrumb":"<div class=\"aioseo-breadcrumbs\"><span class=\"aioseo-breadcrumb\">\n\t\t\t<a href=\"https:\/\/www.worldrally.eu\" title=\"Home\">Home<\/a>\n\t\t<\/span><span class=\"aioseo-breadcrumb-separator\">&raquo;<\/span><span class=\"aioseo-breadcrumb\">\n\t\t\t<a href=\"https:\/\/www.worldrally.eu\/index.php\/category\/erc\/\" title=\"ERC\">ERC<\/a>\n\t\t<\/span><span class=\"aioseo-breadcrumb-separator\">&raquo;<\/span><span class=\"aioseo-breadcrumb\">\n\t\t\tMarczyk, to podium jest jak marzenie.\n\t\t<\/span><\/div>","aioseo_breadcrumb_json":[{"label":"Home","link":"https:\/\/www.worldrally.eu"},{"label":"ERC","link":"https:\/\/www.worldrally.eu\/index.php\/category\/erc\/"},{"label":"Marczyk, to podium jest jak marzenie.","link":"https:\/\/www.worldrally.eu\/index.php\/2021\/06\/21\/marczyk-to-podium-jest-jak-marzenie\/"}],"cc_featured_image_caption":{"caption_text":"Foto - PhotoMS \/ Adam Owczarek","source_text":"","source_url":""},"_links":{"self":[{"href":"https:\/\/www.worldrally.eu\/index.php\/wp-json\/wp\/v2\/posts\/1134","targetHints":{"allow":["GET"]}}],"collection":[{"href":"https:\/\/www.worldrally.eu\/index.php\/wp-json\/wp\/v2\/posts"}],"about":[{"href":"https:\/\/www.worldrally.eu\/index.php\/wp-json\/wp\/v2\/types\/post"}],"author":[{"embeddable":true,"href":"https:\/\/www.worldrally.eu\/index.php\/wp-json\/wp\/v2\/users\/2"}],"replies":[{"embeddable":true,"href":"https:\/\/www.worldrally.eu\/index.php\/wp-json\/wp\/v2\/comments?post=1134"}],"version-history":[{"count":2,"href":"https:\/\/www.worldrally.eu\/index.php\/wp-json\/wp\/v2\/posts\/1134\/revisions"}],"predecessor-version":[{"id":1137,"href":"https:\/\/www.worldrally.eu\/index.php\/wp-json\/wp\/v2\/posts\/1134\/revisions\/1137"}],"wp:featuredmedia":[{"embeddable":true,"href":"https:\/\/www.worldrally.eu\/index.php\/wp-json\/wp\/v2\/media\/1135"}],"wp:attachment":[{"href":"https:\/\/www.worldrally.eu\/index.php\/wp-json\/wp\/v2\/media?parent=1134"}],"wp:term":[{"taxonomy":"category","embeddable":true,"href":"https:\/\/www.worldrally.eu\/index.php\/wp-json\/wp\/v2\/categories?post=1134"},{"taxonomy":"post_tag","embeddable":true,"href":"https:\/\/www.worldrally.eu\/index.php\/wp-json\/wp\/v2\/tags?post=1134"}],"curies":[{"name":"wp","href":"https:\/\/api.w.org\/{rel}","templated":true}]}}