{"id":1131,"date":"2021-06-21T14:04:00","date_gmt":"2021-06-21T14:04:00","guid":{"rendered":"https:\/\/www.worldrally.eu\/?p=1131"},"modified":"2023-04-12T14:08:53","modified_gmt":"2023-04-12T14:08:53","slug":"armstrong-tworzy-nowa-ere","status":"publish","type":"post","link":"https:\/\/www.worldrally.eu\/index.php\/2021\/06\/21\/armstrong-tworzy-nowa-ere\/","title":{"rendered":"Armstrong tworzy now\u0105 er\u0119"},"content":{"rendered":"\n<p class=\"wp-block-paragraph\">Jon Armstrong zapocz\u0105tkowa\u0142 er\u0119 Rally3 w ERC Junior zwyci\u0119stwem w swoim Fordzie Fiesta Rally3 wyposa\u017conym w opony Pirelli, zbudowanym przez M-Sport Poland, po znakomitym wyst\u0119pie Irlandczyka z P\u00f3\u0142nocy.<\/p>\n\n\n\n<p class=\"wp-block-paragraph\">Ken Torn wskoczy\u0142 na maszyn\u0119 z nap\u0119dem na cztery ko\u0142a jako mistrz ERC3\/ERC3 junior\u00f3w z 2020 roku na ORLEN 77. Rajdzie Polski i zaj\u0105\u0142 drugie miejsce. Esto\u0144czyk pokaza\u0142 swoje tempo, wygrywaj\u0105c kilka etap\u00f3w po wczesnej przerwie.<\/p>\n\n\n\n<figure class=\"wp-block-image size-large\"><img fetchpriority=\"high\" decoding=\"async\" width=\"1024\" height=\"683\" src=\"http:\/\/www.worldrally.eu\/wp-content\/uploads\/2023\/04\/IMG_4179-1024x683.jpg\" alt=\"\" class=\"wp-image-1121\" srcset=\"https:\/\/www.worldrally.eu\/wp-content\/uploads\/2023\/04\/IMG_4179-1024x683.jpg 1024w, https:\/\/www.worldrally.eu\/wp-content\/uploads\/2023\/04\/IMG_4179-300x200.jpg 300w, https:\/\/www.worldrally.eu\/wp-content\/uploads\/2023\/04\/IMG_4179-768x512.jpg 768w, https:\/\/www.worldrally.eu\/wp-content\/uploads\/2023\/04\/IMG_4179-1536x1024.jpg 1536w, https:\/\/www.worldrally.eu\/wp-content\/uploads\/2023\/04\/IMG_4179-446x297.jpg 446w, https:\/\/www.worldrally.eu\/wp-content\/uploads\/2023\/04\/IMG_4179.jpg 1620w\" sizes=\"(max-width: 1024px) 100vw, 1024px\" \/><figcaption class=\"wp-element-caption\">Foto &#8211; PhotoMS<\/figcaption><\/figure>\n\n\n\n<blockquote class=\"wp-block-quote is-layout-flow wp-block-quote-is-layout-flow\">\n<p class=\"wp-block-paragraph\">To by\u0142 naprawd\u0119 dobry tydzie\u0144, na pocz\u0105tku mieli\u015bmy fajny test, aby przyzwyczai\u0107 si\u0119 do Fiesta Rally3, do kt\u00f3rego \u0142atwo by\u0142o si\u0119 od razu przyzwyczai\u0107. Przez ca\u0142y weekend byli\u015bmy prawie w tempie Kena, szkoda, \u017ce \u200b\u200bmia\u0142 problem, poniewa\u017c dobrze by\u0142oby stoczy\u0107 bitw\u0119. Ken jest bardzo dobrym kierowc\u0105, nie ma co do tego w\u0105tpliwo\u015bci i jest kim\u015b, z kim chc\u0119 si\u0119 zmierzy\u0107, aby m\u00f3c si\u0119 rozwija\u0107 jako kierowca. Nigdy nie wiesz, gdzie b\u0119dziesz bra\u0142 udzia\u0142 w takich wydarzeniach z ograniczonymi kilometrami w samochodzie, zawsze jest to troch\u0119 niewiadome. My\u015bl\u0119, \u017ce to tylko pokazuje, jak \u0142atwo jest prowadzi\u0107 Fiest\u0119 Rally3, naprawd\u0119 przyjemnie si\u0119 nim je\u017adzi i \u0142atwo przekracza granice.<\/p>\n<cite>powiedzia\u0142 Armstrong<\/cite><\/blockquote>\n\n\n\n<p class=\"wp-block-paragraph\"><\/p>\n","protected":false},"excerpt":{"rendered":"<p>Jon Armstrong zapocz\u0105tkowa\u0142 er\u0119 Rally3 w ERC Junior zwyci\u0119stwem w swoim Fordzie Fiesta Rally3 wyposa\u017conym w opony Pirelli, zbudowanym przez M-Sport Poland, po znakomitym wyst\u0119pie Irlandczyka z P\u00f3\u0142nocy. Ken Torn wskoczy\u0142 na maszyn\u0119 z nap\u0119dem na cztery ko\u0142a jako mistrz ERC3\/ERC3 junior\u00f3w z 2020 roku na ORLEN 77. Rajdzie Polski i zaj\u0105\u0142 drugie miejsce. Esto\u0144czyk [&hellip;]<\/p>\n","protected":false},"author":2,"featured_media":1132,"comment_status":"closed","ping_status":"closed","sticky":false,"template":"","format":"standard","meta":{"_monsterinsights_skip_tracking":false,"_monsterinsights_sitenote_active":false,"_monsterinsights_sitenote_note":"","_monsterinsights_sitenote_category":0,"footnotes":""},"categories":[4],"tags":[],"class_list":["post-1131","post","type-post","status-publish","format-standard","has-post-thumbnail","hentry","category-erc"],"aioseo_notices":[],"aioseo_head":"\n\t\t<!-- All in One SEO 4.9.9 - aioseo.com -->\n\t<meta name=\"description\" content=\"Jon Armstrong zapocz\u0105tkowa\u0142 er\u0119 Rally3 w ERC Junior zwyci\u0119stwem w swoim Fordzie Fiesta Rally3 wyposa\u017conym w opony Pirelli, zbudowanym przez M-Sport Poland, po znakomitym wyst\u0119pie Irlandczyka z P\u00f3\u0142nocy. Ken Torn wskoczy\u0142 na maszyn\u0119 z nap\u0119dem na cztery ko\u0142a jako mistrz ERC3\/ERC3 junior\u00f3w z 2020 roku na ORLEN 77. Rajdzie Polski i zaj\u0105\u0142 drugie miejsce. Esto\u0144czyk\" \/>\n\t<meta name=\"robots\" content=\"max-image-preview:large\" \/>\n\t<meta name=\"author\" content=\"Magdalena\"\/>\n\t<link rel=\"canonical\" href=\"https:\/\/www.worldrally.eu\/index.php\/2021\/06\/21\/armstrong-tworzy-nowa-ere\/\" \/>\n\t<meta name=\"generator\" content=\"All in One SEO (AIOSEO) 4.9.9\" \/>\n\t\t<meta property=\"og:locale\" content=\"en_GB\" \/>\n\t\t<meta property=\"og:site_name\" content=\"WorldRally.eu \u00bb\" \/>\n\t\t<meta property=\"og:type\" content=\"article\" \/>\n\t\t<meta property=\"og:title\" content=\"Armstrong tworzy now\u0105 er\u0119 \u00bb WorldRally.eu\" \/>\n\t\t<meta property=\"og:description\" content=\"Jon Armstrong zapocz\u0105tkowa\u0142 er\u0119 Rally3 w ERC Junior zwyci\u0119stwem w swoim Fordzie Fiesta Rally3 wyposa\u017conym w opony Pirelli, zbudowanym przez M-Sport Poland, po znakomitym wyst\u0119pie Irlandczyka z P\u00f3\u0142nocy. Ken Torn wskoczy\u0142 na maszyn\u0119 z nap\u0119dem na cztery ko\u0142a jako mistrz ERC3\/ERC3 junior\u00f3w z 2020 roku na ORLEN 77. Rajdzie Polski i zaj\u0105\u0142 drugie miejsce. Esto\u0144czyk\" \/>\n\t\t<meta property=\"og:url\" content=\"https:\/\/www.worldrally.eu\/index.php\/2021\/06\/21\/armstrong-tworzy-nowa-ere\/\" \/>\n\t\t<meta property=\"og:image\" content=\"https:\/\/www.worldrally.eu\/wp-content\/uploads\/2023\/04\/IMG_6589.jpg\" \/>\n\t\t<meta property=\"og:image:secure_url\" content=\"https:\/\/www.worldrally.eu\/wp-content\/uploads\/2023\/04\/IMG_6589.jpg\" \/>\n\t\t<meta property=\"og:image:width\" content=\"1620\" \/>\n\t\t<meta property=\"og:image:height\" content=\"1080\" \/>\n\t\t<meta property=\"article:published_time\" content=\"2021-06-21T14:04:00+00:00\" \/>\n\t\t<meta property=\"article:modified_time\" content=\"2023-04-12T14:08:53+00:00\" \/>\n\t\t<meta name=\"twitter:card\" content=\"summary_large_image\" \/>\n\t\t<meta name=\"twitter:title\" content=\"Armstrong tworzy now\u0105 er\u0119 \u00bb WorldRally.eu\" \/>\n\t\t<meta name=\"twitter:description\" content=\"Jon Armstrong zapocz\u0105tkowa\u0142 er\u0119 Rally3 w ERC Junior zwyci\u0119stwem w swoim Fordzie Fiesta Rally3 wyposa\u017conym w opony Pirelli, zbudowanym przez M-Sport Poland, po znakomitym wyst\u0119pie Irlandczyka z P\u00f3\u0142nocy. Ken Torn wskoczy\u0142 na maszyn\u0119 z nap\u0119dem na cztery ko\u0142a jako mistrz ERC3\/ERC3 junior\u00f3w z 2020 roku na ORLEN 77. Rajdzie Polski i zaj\u0105\u0142 drugie miejsce. Esto\u0144czyk\" \/>\n\t\t<meta name=\"twitter:image\" content=\"https:\/\/www.worldrally.eu\/wp-content\/uploads\/2023\/04\/IMG_6589.jpg\" \/>\n\t\t<script type=\"application\/ld+json\" class=\"aioseo-schema\">\n\t\t\t{\"@context\":\"https:\\\/\\\/schema.org\",\"@graph\":[{\"@type\":\"BlogPosting\",\"@id\":\"https:\\\/\\\/www.worldrally.eu\\\/index.php\\\/2021\\\/06\\\/21\\\/armstrong-tworzy-nowa-ere\\\/#blogposting\",\"name\":\"Armstrong tworzy now\\u0105 er\\u0119 \\u00bb WorldRally.eu\",\"headline\":\"Armstrong tworzy now\\u0105 er\\u0119\",\"author\":{\"@id\":\"https:\\\/\\\/www.worldrally.eu\\\/index.php\\\/author\\\/magdalena\\\/#author\"},\"publisher\":{\"@id\":\"https:\\\/\\\/www.worldrally.eu\\\/#organization\"},\"image\":{\"@type\":\"ImageObject\",\"url\":\"https:\\\/\\\/www.worldrally.eu\\\/wp-content\\\/uploads\\\/2023\\\/04\\\/IMG_6589.jpg\",\"width\":1620,\"height\":1080},\"datePublished\":\"2021-06-21T14:04:00+00:00\",\"dateModified\":\"2023-04-12T14:08:53+00:00\",\"inLanguage\":\"en-GB\",\"mainEntityOfPage\":{\"@id\":\"https:\\\/\\\/www.worldrally.eu\\\/index.php\\\/2021\\\/06\\\/21\\\/armstrong-tworzy-nowa-ere\\\/#webpage\"},\"isPartOf\":{\"@id\":\"https:\\\/\\\/www.worldrally.eu\\\/index.php\\\/2021\\\/06\\\/21\\\/armstrong-tworzy-nowa-ere\\\/#webpage\"},\"articleSection\":\"ERC\"},{\"@type\":\"BreadcrumbList\",\"@id\":\"https:\\\/\\\/www.worldrally.eu\\\/index.php\\\/2021\\\/06\\\/21\\\/armstrong-tworzy-nowa-ere\\\/#breadcrumblist\",\"itemListElement\":[{\"@type\":\"ListItem\",\"@id\":\"https:\\\/\\\/www.worldrally.eu#listItem\",\"position\":1,\"name\":\"Home\",\"item\":\"https:\\\/\\\/www.worldrally.eu\",\"nextItem\":{\"@type\":\"ListItem\",\"@id\":\"https:\\\/\\\/www.worldrally.eu\\\/index.php\\\/category\\\/erc\\\/#listItem\",\"name\":\"ERC\"}},{\"@type\":\"ListItem\",\"@id\":\"https:\\\/\\\/www.worldrally.eu\\\/index.php\\\/category\\\/erc\\\/#listItem\",\"position\":2,\"name\":\"ERC\",\"item\":\"https:\\\/\\\/www.worldrally.eu\\\/index.php\\\/category\\\/erc\\\/\",\"nextItem\":{\"@type\":\"ListItem\",\"@id\":\"https:\\\/\\\/www.worldrally.eu\\\/index.php\\\/2021\\\/06\\\/21\\\/armstrong-tworzy-nowa-ere\\\/#listItem\",\"name\":\"Armstrong tworzy now\\u0105 er\\u0119\"},\"previousItem\":{\"@type\":\"ListItem\",\"@id\":\"https:\\\/\\\/www.worldrally.eu#listItem\",\"name\":\"Home\"}},{\"@type\":\"ListItem\",\"@id\":\"https:\\\/\\\/www.worldrally.eu\\\/index.php\\\/2021\\\/06\\\/21\\\/armstrong-tworzy-nowa-ere\\\/#listItem\",\"position\":3,\"name\":\"Armstrong tworzy now\\u0105 er\\u0119\",\"previousItem\":{\"@type\":\"ListItem\",\"@id\":\"https:\\\/\\\/www.worldrally.eu\\\/index.php\\\/category\\\/erc\\\/#listItem\",\"name\":\"ERC\"}}]},{\"@type\":\"Organization\",\"@id\":\"https:\\\/\\\/www.worldrally.eu\\\/#organization\",\"name\":\"WorldRally.eu\",\"url\":\"https:\\\/\\\/www.worldrally.eu\\\/\",\"logo\":{\"@type\":\"ImageObject\",\"url\":\"https:\\\/\\\/www.worldrally.eu\\\/wp-content\\\/uploads\\\/2026\\\/01\\\/cropped-logo-3.png\",\"@id\":\"https:\\\/\\\/www.worldrally.eu\\\/index.php\\\/2021\\\/06\\\/21\\\/armstrong-tworzy-nowa-ere\\\/#organizationLogo\",\"width\":2039,\"height\":756},\"image\":{\"@id\":\"https:\\\/\\\/www.worldrally.eu\\\/index.php\\\/2021\\\/06\\\/21\\\/armstrong-tworzy-nowa-ere\\\/#organizationLogo\"}},{\"@type\":\"Person\",\"@id\":\"https:\\\/\\\/www.worldrally.eu\\\/index.php\\\/author\\\/magdalena\\\/#author\",\"url\":\"https:\\\/\\\/www.worldrally.eu\\\/index.php\\\/author\\\/magdalena\\\/\",\"name\":\"Magdalena\",\"image\":{\"@type\":\"ImageObject\",\"@id\":\"https:\\\/\\\/www.worldrally.eu\\\/index.php\\\/2021\\\/06\\\/21\\\/armstrong-tworzy-nowa-ere\\\/#authorImage\",\"url\":\"https:\\\/\\\/secure.gravatar.com\\\/avatar\\\/853239b46cec38ba30b48d2b091f5538817cc78bdc0944c9ef7408579307e2ea?s=96&d=mm&r=g\",\"width\":96,\"height\":96,\"caption\":\"Magdalena\"}},{\"@type\":\"WebPage\",\"@id\":\"https:\\\/\\\/www.worldrally.eu\\\/index.php\\\/2021\\\/06\\\/21\\\/armstrong-tworzy-nowa-ere\\\/#webpage\",\"url\":\"https:\\\/\\\/www.worldrally.eu\\\/index.php\\\/2021\\\/06\\\/21\\\/armstrong-tworzy-nowa-ere\\\/\",\"name\":\"Armstrong tworzy now\\u0105 er\\u0119 \\u00bb WorldRally.eu\",\"description\":\"Jon Armstrong zapocz\\u0105tkowa\\u0142 er\\u0119 Rally3 w ERC Junior zwyci\\u0119stwem w swoim Fordzie Fiesta Rally3 wyposa\\u017conym w opony Pirelli, zbudowanym przez M-Sport Poland, po znakomitym wyst\\u0119pie Irlandczyka z P\\u00f3\\u0142nocy. Ken Torn wskoczy\\u0142 na maszyn\\u0119 z nap\\u0119dem na cztery ko\\u0142a jako mistrz ERC3\\\/ERC3 junior\\u00f3w z 2020 roku na ORLEN 77. Rajdzie Polski i zaj\\u0105\\u0142 drugie miejsce. Esto\\u0144czyk\",\"inLanguage\":\"en-GB\",\"isPartOf\":{\"@id\":\"https:\\\/\\\/www.worldrally.eu\\\/#website\"},\"breadcrumb\":{\"@id\":\"https:\\\/\\\/www.worldrally.eu\\\/index.php\\\/2021\\\/06\\\/21\\\/armstrong-tworzy-nowa-ere\\\/#breadcrumblist\"},\"author\":{\"@id\":\"https:\\\/\\\/www.worldrally.eu\\\/index.php\\\/author\\\/magdalena\\\/#author\"},\"creator\":{\"@id\":\"https:\\\/\\\/www.worldrally.eu\\\/index.php\\\/author\\\/magdalena\\\/#author\"},\"image\":{\"@type\":\"ImageObject\",\"url\":\"https:\\\/\\\/www.worldrally.eu\\\/wp-content\\\/uploads\\\/2023\\\/04\\\/IMG_6589.jpg\",\"@id\":\"https:\\\/\\\/www.worldrally.eu\\\/index.php\\\/2021\\\/06\\\/21\\\/armstrong-tworzy-nowa-ere\\\/#mainImage\",\"width\":1620,\"height\":1080},\"primaryImageOfPage\":{\"@id\":\"https:\\\/\\\/www.worldrally.eu\\\/index.php\\\/2021\\\/06\\\/21\\\/armstrong-tworzy-nowa-ere\\\/#mainImage\"},\"datePublished\":\"2021-06-21T14:04:00+00:00\",\"dateModified\":\"2023-04-12T14:08:53+00:00\"},{\"@type\":\"WebSite\",\"@id\":\"https:\\\/\\\/www.worldrally.eu\\\/#website\",\"url\":\"https:\\\/\\\/www.worldrally.eu\\\/\",\"name\":\"WorldRally.eu\",\"inLanguage\":\"en-GB\",\"publisher\":{\"@id\":\"https:\\\/\\\/www.worldrally.eu\\\/#organization\"}}]}\n\t\t<\/script>\n\t\t<!-- All in One SEO -->\n\n","aioseo_head_json":{"title":"Armstrong tworzy now\u0105 er\u0119 \u00bb WorldRally.eu","description":"Jon Armstrong zapocz\u0105tkowa\u0142 er\u0119 Rally3 w ERC Junior zwyci\u0119stwem w swoim Fordzie Fiesta Rally3 wyposa\u017conym w opony Pirelli, zbudowanym przez M-Sport Poland, po znakomitym wyst\u0119pie Irlandczyka z P\u00f3\u0142nocy. Ken Torn wskoczy\u0142 na maszyn\u0119 z nap\u0119dem na cztery ko\u0142a jako mistrz ERC3\/ERC3 junior\u00f3w z 2020 roku na ORLEN 77. Rajdzie Polski i zaj\u0105\u0142 drugie miejsce. Esto\u0144czyk","canonical_url":"https:\/\/www.worldrally.eu\/index.php\/2021\/06\/21\/armstrong-tworzy-nowa-ere\/","robots":"max-image-preview:large","keywords":"","webmasterTools":{"miscellaneous":""},"schema":{"@context":"https:\/\/schema.org","@graph":[{"@type":"BlogPosting","@id":"https:\/\/www.worldrally.eu\/index.php\/2021\/06\/21\/armstrong-tworzy-nowa-ere\/#blogposting","name":"Armstrong tworzy now\u0105 er\u0119 \u00bb WorldRally.eu","headline":"Armstrong tworzy now\u0105 er\u0119","author":{"@id":"https:\/\/www.worldrally.eu\/index.php\/author\/magdalena\/#author"},"publisher":{"@id":"https:\/\/www.worldrally.eu\/#organization"},"image":{"@type":"ImageObject","url":"https:\/\/www.worldrally.eu\/wp-content\/uploads\/2023\/04\/IMG_6589.jpg","width":1620,"height":1080},"datePublished":"2021-06-21T14:04:00+00:00","dateModified":"2023-04-12T14:08:53+00:00","inLanguage":"en-GB","mainEntityOfPage":{"@id":"https:\/\/www.worldrally.eu\/index.php\/2021\/06\/21\/armstrong-tworzy-nowa-ere\/#webpage"},"isPartOf":{"@id":"https:\/\/www.worldrally.eu\/index.php\/2021\/06\/21\/armstrong-tworzy-nowa-ere\/#webpage"},"articleSection":"ERC"},{"@type":"BreadcrumbList","@id":"https:\/\/www.worldrally.eu\/index.php\/2021\/06\/21\/armstrong-tworzy-nowa-ere\/#breadcrumblist","itemListElement":[{"@type":"ListItem","@id":"https:\/\/www.worldrally.eu#listItem","position":1,"name":"Home","item":"https:\/\/www.worldrally.eu","nextItem":{"@type":"ListItem","@id":"https:\/\/www.worldrally.eu\/index.php\/category\/erc\/#listItem","name":"ERC"}},{"@type":"ListItem","@id":"https:\/\/www.worldrally.eu\/index.php\/category\/erc\/#listItem","position":2,"name":"ERC","item":"https:\/\/www.worldrally.eu\/index.php\/category\/erc\/","nextItem":{"@type":"ListItem","@id":"https:\/\/www.worldrally.eu\/index.php\/2021\/06\/21\/armstrong-tworzy-nowa-ere\/#listItem","name":"Armstrong tworzy now\u0105 er\u0119"},"previousItem":{"@type":"ListItem","@id":"https:\/\/www.worldrally.eu#listItem","name":"Home"}},{"@type":"ListItem","@id":"https:\/\/www.worldrally.eu\/index.php\/2021\/06\/21\/armstrong-tworzy-nowa-ere\/#listItem","position":3,"name":"Armstrong tworzy now\u0105 er\u0119","previousItem":{"@type":"ListItem","@id":"https:\/\/www.worldrally.eu\/index.php\/category\/erc\/#listItem","name":"ERC"}}]},{"@type":"Organization","@id":"https:\/\/www.worldrally.eu\/#organization","name":"WorldRally.eu","url":"https:\/\/www.worldrally.eu\/","logo":{"@type":"ImageObject","url":"https:\/\/www.worldrally.eu\/wp-content\/uploads\/2026\/01\/cropped-logo-3.png","@id":"https:\/\/www.worldrally.eu\/index.php\/2021\/06\/21\/armstrong-tworzy-nowa-ere\/#organizationLogo","width":2039,"height":756},"image":{"@id":"https:\/\/www.worldrally.eu\/index.php\/2021\/06\/21\/armstrong-tworzy-nowa-ere\/#organizationLogo"}},{"@type":"Person","@id":"https:\/\/www.worldrally.eu\/index.php\/author\/magdalena\/#author","url":"https:\/\/www.worldrally.eu\/index.php\/author\/magdalena\/","name":"Magdalena","image":{"@type":"ImageObject","@id":"https:\/\/www.worldrally.eu\/index.php\/2021\/06\/21\/armstrong-tworzy-nowa-ere\/#authorImage","url":"https:\/\/secure.gravatar.com\/avatar\/853239b46cec38ba30b48d2b091f5538817cc78bdc0944c9ef7408579307e2ea?s=96&d=mm&r=g","width":96,"height":96,"caption":"Magdalena"}},{"@type":"WebPage","@id":"https:\/\/www.worldrally.eu\/index.php\/2021\/06\/21\/armstrong-tworzy-nowa-ere\/#webpage","url":"https:\/\/www.worldrally.eu\/index.php\/2021\/06\/21\/armstrong-tworzy-nowa-ere\/","name":"Armstrong tworzy now\u0105 er\u0119 \u00bb WorldRally.eu","description":"Jon Armstrong zapocz\u0105tkowa\u0142 er\u0119 Rally3 w ERC Junior zwyci\u0119stwem w swoim Fordzie Fiesta Rally3 wyposa\u017conym w opony Pirelli, zbudowanym przez M-Sport Poland, po znakomitym wyst\u0119pie Irlandczyka z P\u00f3\u0142nocy. Ken Torn wskoczy\u0142 na maszyn\u0119 z nap\u0119dem na cztery ko\u0142a jako mistrz ERC3\/ERC3 junior\u00f3w z 2020 roku na ORLEN 77. Rajdzie Polski i zaj\u0105\u0142 drugie miejsce. Esto\u0144czyk","inLanguage":"en-GB","isPartOf":{"@id":"https:\/\/www.worldrally.eu\/#website"},"breadcrumb":{"@id":"https:\/\/www.worldrally.eu\/index.php\/2021\/06\/21\/armstrong-tworzy-nowa-ere\/#breadcrumblist"},"author":{"@id":"https:\/\/www.worldrally.eu\/index.php\/author\/magdalena\/#author"},"creator":{"@id":"https:\/\/www.worldrally.eu\/index.php\/author\/magdalena\/#author"},"image":{"@type":"ImageObject","url":"https:\/\/www.worldrally.eu\/wp-content\/uploads\/2023\/04\/IMG_6589.jpg","@id":"https:\/\/www.worldrally.eu\/index.php\/2021\/06\/21\/armstrong-tworzy-nowa-ere\/#mainImage","width":1620,"height":1080},"primaryImageOfPage":{"@id":"https:\/\/www.worldrally.eu\/index.php\/2021\/06\/21\/armstrong-tworzy-nowa-ere\/#mainImage"},"datePublished":"2021-06-21T14:04:00+00:00","dateModified":"2023-04-12T14:08:53+00:00"},{"@type":"WebSite","@id":"https:\/\/www.worldrally.eu\/#website","url":"https:\/\/www.worldrally.eu\/","name":"WorldRally.eu","inLanguage":"en-GB","publisher":{"@id":"https:\/\/www.worldrally.eu\/#organization"}}]},"og:locale":"en_GB","og:site_name":"WorldRally.eu \u00bb","og:type":"article","og:title":"Armstrong tworzy now\u0105 er\u0119 \u00bb WorldRally.eu","og:description":"Jon Armstrong zapocz\u0105tkowa\u0142 er\u0119 Rally3 w ERC Junior zwyci\u0119stwem w swoim Fordzie Fiesta Rally3 wyposa\u017conym w opony Pirelli, zbudowanym przez M-Sport Poland, po znakomitym wyst\u0119pie Irlandczyka z P\u00f3\u0142nocy. Ken Torn wskoczy\u0142 na maszyn\u0119 z nap\u0119dem na cztery ko\u0142a jako mistrz ERC3\/ERC3 junior\u00f3w z 2020 roku na ORLEN 77. Rajdzie Polski i zaj\u0105\u0142 drugie miejsce. Esto\u0144czyk","og:url":"https:\/\/www.worldrally.eu\/index.php\/2021\/06\/21\/armstrong-tworzy-nowa-ere\/","og:image":"https:\/\/www.worldrally.eu\/wp-content\/uploads\/2023\/04\/IMG_6589.jpg","og:image:secure_url":"https:\/\/www.worldrally.eu\/wp-content\/uploads\/2023\/04\/IMG_6589.jpg","og:image:width":1620,"og:image:height":1080,"article:published_time":"2021-06-21T14:04:00+00:00","article:modified_time":"2023-04-12T14:08:53+00:00","twitter:card":"summary_large_image","twitter:title":"Armstrong tworzy now\u0105 er\u0119 \u00bb WorldRally.eu","twitter:description":"Jon Armstrong zapocz\u0105tkowa\u0142 er\u0119 Rally3 w ERC Junior zwyci\u0119stwem w swoim Fordzie Fiesta Rally3 wyposa\u017conym w opony Pirelli, zbudowanym przez M-Sport Poland, po znakomitym wyst\u0119pie Irlandczyka z P\u00f3\u0142nocy. Ken Torn wskoczy\u0142 na maszyn\u0119 z nap\u0119dem na cztery ko\u0142a jako mistrz ERC3\/ERC3 junior\u00f3w z 2020 roku na ORLEN 77. Rajdzie Polski i zaj\u0105\u0142 drugie miejsce. Esto\u0144czyk","twitter:image":"https:\/\/www.worldrally.eu\/wp-content\/uploads\/2023\/04\/IMG_6589.jpg"},"aioseo_meta_data":{"post_id":"1131","title":null,"description":null,"keywords":null,"keyphrases":null,"primary_term":null,"canonical_url":null,"og_title":null,"og_description":null,"og_object_type":"default","og_image_type":"default","og_image_url":null,"og_image_width":null,"og_image_height":null,"og_image_custom_url":null,"og_image_custom_fields":null,"og_video":null,"og_custom_url":null,"og_article_section":null,"og_article_tags":null,"twitter_use_og":false,"twitter_card":"default","twitter_image_type":"default","twitter_image_url":null,"twitter_image_custom_url":null,"twitter_image_custom_fields":null,"twitter_title":null,"twitter_description":null,"schema":{"blockGraphs":[],"customGraphs":[],"default":{"data":{"Article":[],"Course":[],"Dataset":[],"FAQPage":[],"Movie":[],"Person":[],"Product":[],"ProductReview":[],"Car":[],"Recipe":[],"Service":[],"SoftwareApplication":[],"WebPage":[]},"graphName":"","isEnabled":true},"graphs":[]},"schema_type":"default","schema_type_options":null,"pillar_content":false,"robots_default":true,"robots_noindex":false,"robots_noarchive":false,"robots_nosnippet":false,"robots_nofollow":false,"robots_noimageindex":false,"robots_noodp":false,"robots_notranslate":false,"robots_max_snippet":null,"robots_max_videopreview":null,"robots_max_imagepreview":"large","priority":null,"frequency":null,"local_seo":null,"breadcrumb_settings":null,"limit_modified_date":false,"ai":null,"created":"2025-03-22 05:46:49","updated":"2025-10-26 08:00:00","seo_analyzer_scan_date":null},"aioseo_breadcrumb":"<div class=\"aioseo-breadcrumbs\"><span class=\"aioseo-breadcrumb\">\n\t\t\t<a href=\"https:\/\/www.worldrally.eu\" title=\"Home\">Home<\/a>\n\t\t<\/span><span class=\"aioseo-breadcrumb-separator\">&raquo;<\/span><span class=\"aioseo-breadcrumb\">\n\t\t\t<a href=\"https:\/\/www.worldrally.eu\/index.php\/category\/erc\/\" title=\"ERC\">ERC<\/a>\n\t\t<\/span><span class=\"aioseo-breadcrumb-separator\">&raquo;<\/span><span class=\"aioseo-breadcrumb\">\n\t\t\tArmstrong tworzy now\u0105 er\u0119\n\t\t<\/span><\/div>","aioseo_breadcrumb_json":[{"label":"Home","link":"https:\/\/www.worldrally.eu"},{"label":"ERC","link":"https:\/\/www.worldrally.eu\/index.php\/category\/erc\/"},{"label":"Armstrong tworzy now\u0105 er\u0119","link":"https:\/\/www.worldrally.eu\/index.php\/2021\/06\/21\/armstrong-tworzy-nowa-ere\/"}],"cc_featured_image_caption":{"caption_text":"Foto - PhotoMS","source_text":"","source_url":""},"_links":{"self":[{"href":"https:\/\/www.worldrally.eu\/index.php\/wp-json\/wp\/v2\/posts\/1131","targetHints":{"allow":["GET"]}}],"collection":[{"href":"https:\/\/www.worldrally.eu\/index.php\/wp-json\/wp\/v2\/posts"}],"about":[{"href":"https:\/\/www.worldrally.eu\/index.php\/wp-json\/wp\/v2\/types\/post"}],"author":[{"embeddable":true,"href":"https:\/\/www.worldrally.eu\/index.php\/wp-json\/wp\/v2\/users\/2"}],"replies":[{"embeddable":true,"href":"https:\/\/www.worldrally.eu\/index.php\/wp-json\/wp\/v2\/comments?post=1131"}],"version-history":[{"count":1,"href":"https:\/\/www.worldrally.eu\/index.php\/wp-json\/wp\/v2\/posts\/1131\/revisions"}],"predecessor-version":[{"id":1133,"href":"https:\/\/www.worldrally.eu\/index.php\/wp-json\/wp\/v2\/posts\/1131\/revisions\/1133"}],"wp:featuredmedia":[{"embeddable":true,"href":"https:\/\/www.worldrally.eu\/index.php\/wp-json\/wp\/v2\/media\/1132"}],"wp:attachment":[{"href":"https:\/\/www.worldrally.eu\/index.php\/wp-json\/wp\/v2\/media?parent=1131"}],"wp:term":[{"taxonomy":"category","embeddable":true,"href":"https:\/\/www.worldrally.eu\/index.php\/wp-json\/wp\/v2\/categories?post=1131"},{"taxonomy":"post_tag","embeddable":true,"href":"https:\/\/www.worldrally.eu\/index.php\/wp-json\/wp\/v2\/tags?post=1131"}],"curies":[{"name":"wp","href":"https:\/\/api.w.org\/{rel}","templated":true}]}}