{"id":1089,"date":"2021-06-19T09:59:00","date_gmt":"2021-06-19T09:59:00","guid":{"rendered":"https:\/\/www.worldrally.eu\/?p=1089"},"modified":"2023-04-12T10:02:42","modified_gmt":"2023-04-12T10:02:42","slug":"przygoda-kasperczyka","status":"publish","type":"post","link":"https:\/\/www.worldrally.eu\/index.php\/2021\/06\/19\/przygoda-kasperczyka\/","title":{"rendered":"Przygoda Kasperczyka"},"content":{"rendered":"\n<p>Tomasz Kasperczyk m\u00f3g\u0142 dalej uczestniczy\u0107 w ORLEN 77. Rajdzie Polski, mimo dachowania swoim Tiger Energy Drink Rally Team Volkswagenem Polo.<\/p>\n\n\n\n<p>Wracaj\u0105c do Rajdowych Mistrzostw Europy FIA, Kasperczyk by\u0142 \u00f3smy w klasyfikacji generalnej, kiedy wpad\u0142 w k\u0142opoty.<\/p>\n\n\n\n<blockquote class=\"wp-block-quote is-layout-flow wp-block-quote-is-layout-flow\">\n<p>To by\u0142a dla nas wielka przygoda, mamy dobre czasy, ale niestety na trzecim etapie troch\u0119 si\u0119 pogubili\u015bmy. Nie by\u0142o tak ci\u0119\u017cko, ale niestety przebili\u015bmy opon\u0119 i musimy zmieni\u0107 opon\u0119. Zajmuje to du\u017co czasu, ale to jest rajd. Na szcz\u0119\u015bcie samoch\u00f3d by\u0142 tylko troch\u0119 uszkodzony, ale nadal wygl\u0105da pi\u0119knie<\/p>\n<cite><em>wyja\u015bni\u0142 Kasperczyk<\/em><\/cite><\/blockquote>\n","protected":false},"excerpt":{"rendered":"<p>Tomasz Kasperczyk m\u00f3g\u0142 dalej uczestniczy\u0107 w ORLEN 77. Rajdzie Polski, mimo dachowania swoim Tiger Energy Drink Rally Team Volkswagenem Polo. Wracaj\u0105c do Rajdowych Mistrzostw Europy FIA, Kasperczyk by\u0142 \u00f3smy w klasyfikacji generalnej, kiedy wpad\u0142 w k\u0142opoty. To by\u0142a dla nas wielka przygoda, mamy dobre czasy, ale niestety na trzecim etapie troch\u0119 si\u0119 pogubili\u015bmy. Nie by\u0142o [&hellip;]<\/p>\n","protected":false},"author":2,"featured_media":1090,"comment_status":"closed","ping_status":"closed","sticky":false,"template":"","format":"standard","meta":{"footnotes":""},"categories":[4],"tags":[],"class_list":["post-1089","post","type-post","status-publish","format-standard","has-post-thumbnail","hentry","category-erc"],"aioseo_notices":[],"cc_featured_image_caption":{"caption_text":"Foto - PhotoMS \/ Adam Owczarek","source_text":"","source_url":""},"_links":{"self":[{"href":"https:\/\/www.worldrally.eu\/index.php\/wp-json\/wp\/v2\/posts\/1089","targetHints":{"allow":["GET"]}}],"collection":[{"href":"https:\/\/www.worldrally.eu\/index.php\/wp-json\/wp\/v2\/posts"}],"about":[{"href":"https:\/\/www.worldrally.eu\/index.php\/wp-json\/wp\/v2\/types\/post"}],"author":[{"embeddable":true,"href":"https:\/\/www.worldrally.eu\/index.php\/wp-json\/wp\/v2\/users\/2"}],"replies":[{"embeddable":true,"href":"https:\/\/www.worldrally.eu\/index.php\/wp-json\/wp\/v2\/comments?post=1089"}],"version-history":[{"count":1,"href":"https:\/\/www.worldrally.eu\/index.php\/wp-json\/wp\/v2\/posts\/1089\/revisions"}],"predecessor-version":[{"id":1091,"href":"https:\/\/www.worldrally.eu\/index.php\/wp-json\/wp\/v2\/posts\/1089\/revisions\/1091"}],"wp:featuredmedia":[{"embeddable":true,"href":"https:\/\/www.worldrally.eu\/index.php\/wp-json\/wp\/v2\/media\/1090"}],"wp:attachment":[{"href":"https:\/\/www.worldrally.eu\/index.php\/wp-json\/wp\/v2\/media?parent=1089"}],"wp:term":[{"taxonomy":"category","embeddable":true,"href":"https:\/\/www.worldrally.eu\/index.php\/wp-json\/wp\/v2\/categories?post=1089"},{"taxonomy":"post_tag","embeddable":true,"href":"https:\/\/www.worldrally.eu\/index.php\/wp-json\/wp\/v2\/tags?post=1089"}],"curies":[{"name":"wp","href":"https:\/\/api.w.org\/{rel}","templated":true}]}}