{"id":1070,"date":"2021-06-18T08:21:00","date_gmt":"2021-06-18T08:21:00","guid":{"rendered":"https:\/\/www.worldrally.eu\/?p=1070"},"modified":"2023-04-12T08:25:55","modified_gmt":"2023-04-12T08:25:55","slug":"llarena-chce-by-szybszy","status":"publish","type":"post","link":"https:\/\/www.worldrally.eu\/index.php\/2021\/06\/18\/llarena-chce-by-szybszy\/","title":{"rendered":"Llarena chce by szybszy."},"content":{"rendered":"\n<p>Efr\u00e9n Llarena chce pojecha\u0107 szybciej w Rajdowych Mistrzostwach Europy FIA po nieco niefortunnym przeje\u017adzie przez Odcinek Kwalifikacyjny ORLEN 77. Rajdu Polski.<\/p>\n\n\n\n<p>Kierowca Rallye Team Spain przesiad\u0142 si\u0119 na \u0160kod\u0119 Fabia Rally2 Evo na 2021 rok i przyzna\u0142, \u017ce wci\u0105\u017c jest w fazie nauki jazdy w nowym aucie i potrzebuje troch\u0119 wi\u0119cej kilometr\u00f3w aby si\u0119 oswoi\u0107 i dobrze pozna\u0107 nowe auto.<\/p>\n\n\n\n<blockquote class=\"wp-block-quote is-layout-flow wp-block-quote-is-layout-flow\">\n<p>Nie by\u0142o tak dobrze. Musimy du\u017co poprawi\u0107, to nasz pierwszy raz w tym samochodzie i jest ci\u0119\u017cko z du\u017cymi koleinami. W ch\u0142odnicy jest te\u017c du\u017co piasku, a temperatura silnika jest nieco wysoka.<\/p>\n<cite><em>powiedzia\u0142 Llarena<\/em><\/cite><\/blockquote>\n\n\n\n<p>Llarena zdoby\u0142 tytu\u0142y ERC3\/ERC3 Junior w 2019 roku i jest w swoim drugim sezonie na poziomie Rally2.<\/p>\n","protected":false},"excerpt":{"rendered":"<p>Efr\u00e9n Llarena chce pojecha\u0107 szybciej w Rajdowych Mistrzostwach Europy FIA po nieco niefortunnym przeje\u017adzie przez Odcinek Kwalifikacyjny ORLEN 77. Rajdu Polski. Kierowca Rallye Team Spain przesiad\u0142 si\u0119 na \u0160kod\u0119 Fabia Rally2 Evo na 2021 rok i przyzna\u0142, \u017ce wci\u0105\u017c jest w fazie nauki jazdy w nowym aucie i potrzebuje troch\u0119 wi\u0119cej kilometr\u00f3w aby si\u0119 oswoi\u0107 [&hellip;]<\/p>\n","protected":false},"author":1,"featured_media":1072,"comment_status":"closed","ping_status":"closed","sticky":false,"template":"","format":"standard","meta":{"footnotes":""},"categories":[4],"tags":[],"class_list":["post-1070","post","type-post","status-publish","format-standard","has-post-thumbnail","hentry","category-erc"],"aioseo_notices":[],"cc_featured_image_caption":{"caption_text":"Foto - PhotoMS \/ Adam Owczarek","source_text":"","source_url":""},"_links":{"self":[{"href":"https:\/\/www.worldrally.eu\/index.php\/wp-json\/wp\/v2\/posts\/1070","targetHints":{"allow":["GET"]}}],"collection":[{"href":"https:\/\/www.worldrally.eu\/index.php\/wp-json\/wp\/v2\/posts"}],"about":[{"href":"https:\/\/www.worldrally.eu\/index.php\/wp-json\/wp\/v2\/types\/post"}],"author":[{"embeddable":true,"href":"https:\/\/www.worldrally.eu\/index.php\/wp-json\/wp\/v2\/users\/1"}],"replies":[{"embeddable":true,"href":"https:\/\/www.worldrally.eu\/index.php\/wp-json\/wp\/v2\/comments?post=1070"}],"version-history":[{"count":1,"href":"https:\/\/www.worldrally.eu\/index.php\/wp-json\/wp\/v2\/posts\/1070\/revisions"}],"predecessor-version":[{"id":1073,"href":"https:\/\/www.worldrally.eu\/index.php\/wp-json\/wp\/v2\/posts\/1070\/revisions\/1073"}],"wp:featuredmedia":[{"embeddable":true,"href":"https:\/\/www.worldrally.eu\/index.php\/wp-json\/wp\/v2\/media\/1072"}],"wp:attachment":[{"href":"https:\/\/www.worldrally.eu\/index.php\/wp-json\/wp\/v2\/media?parent=1070"}],"wp:term":[{"taxonomy":"category","embeddable":true,"href":"https:\/\/www.worldrally.eu\/index.php\/wp-json\/wp\/v2\/categories?post=1070"},{"taxonomy":"post_tag","embeddable":true,"href":"https:\/\/www.worldrally.eu\/index.php\/wp-json\/wp\/v2\/tags?post=1070"}],"curies":[{"name":"wp","href":"https:\/\/api.w.org\/{rel}","templated":true}]}}