{"id":1067,"date":"2021-06-18T08:11:00","date_gmt":"2021-06-18T08:11:00","guid":{"rendered":"https:\/\/www.worldrally.eu\/?p=1067"},"modified":"2023-04-12T08:14:18","modified_gmt":"2023-04-12T08:14:18","slug":"gryzain-z-problemami-na-testowym","status":"publish","type":"post","link":"https:\/\/www.worldrally.eu\/index.php\/2021\/06\/18\/gryzain-z-problemami-na-testowym\/","title":{"rendered":"Gryzain z problemami na testowym."},"content":{"rendered":"\n<p>Nikolay Gryazin zatrzyma\u0142 si\u0119 na odcinku kwalifikacyjnym przed pierwsz\u0105 rund\u0105 Rajdowych Mistrzostw Europy FIA 2021 po tym, jak zablokowa\u0142a si\u0119 ch\u0142odnica w jego Volkswagenie Polo GTI R5.<\/p>\n\n\n\n<p>Trzykrotny zwyci\u0119zca zawod\u00f3w ERC zg\u0142osi\u0142 problem po przejechaniu koleiny w \u201enajdelikatniejszym zakr\u0119cie\u201d.<\/p>\n\n\n\n<blockquote class=\"wp-block-quote is-layout-flow wp-block-quote-is-layout-flow\">\n<p>Pierwszy zakr\u0119t na szutrze to najdelikatniejszy zakr\u0119t w tym rajdzie, naprawd\u0119 mi\u0119kki. W pierwszym i drugim odcinku odcinka pr\u00f3bnego nie by\u0142o problemu, ale w kwalifikacjach, nawet gdy pr\u00f3bowa\u0142em tego unikn\u0105\u0107, po prostu wkopywa\u0142 du\u017co brudu i po prostu blokowa\u0142 ch\u0142odnic\u0119, wi\u0119c po prostu zdecydowali\u015bmy si\u0119 zatrzyma\u0107, aby wyczy\u015bci\u0107 ch\u0142odnic\u0119.<\/p>\n<cite><em>wyja\u015bni\u0142 Gryazin<\/em><\/cite><\/blockquote>\n\n\n\n<p>Taka sytuacja dla Gryazina oznacza, \u017ce wystartuje on w pierwszym etapie ORLEN 77. Rajdu Polski poza czo\u0142ow\u0105 trzydziestk\u0105 wraz z pilotem Konstantinem Aleksandrowem<\/p>\n","protected":false},"excerpt":{"rendered":"<p>Nikolay Gryazin zatrzyma\u0142 si\u0119 na odcinku kwalifikacyjnym przed pierwsz\u0105 rund\u0105 Rajdowych Mistrzostw Europy FIA 2021 po tym, jak zablokowa\u0142a si\u0119 ch\u0142odnica w jego Volkswagenie Polo GTI R5. Trzykrotny zwyci\u0119zca zawod\u00f3w ERC zg\u0142osi\u0142 problem po przejechaniu koleiny w \u201enajdelikatniejszym zakr\u0119cie\u201d. Pierwszy zakr\u0119t na szutrze to najdelikatniejszy zakr\u0119t w tym rajdzie, naprawd\u0119 mi\u0119kki. W pierwszym i drugim [&hellip;]<\/p>\n","protected":false},"author":1,"featured_media":1068,"comment_status":"closed","ping_status":"closed","sticky":false,"template":"","format":"standard","meta":{"footnotes":""},"categories":[4],"tags":[],"class_list":["post-1067","post","type-post","status-publish","format-standard","has-post-thumbnail","hentry","category-erc"],"aioseo_notices":[],"cc_featured_image_caption":{"caption_text":"Foto- PhotoMs \/ Adam Owczarek","source_text":"","source_url":""},"_links":{"self":[{"href":"https:\/\/www.worldrally.eu\/index.php\/wp-json\/wp\/v2\/posts\/1067","targetHints":{"allow":["GET"]}}],"collection":[{"href":"https:\/\/www.worldrally.eu\/index.php\/wp-json\/wp\/v2\/posts"}],"about":[{"href":"https:\/\/www.worldrally.eu\/index.php\/wp-json\/wp\/v2\/types\/post"}],"author":[{"embeddable":true,"href":"https:\/\/www.worldrally.eu\/index.php\/wp-json\/wp\/v2\/users\/1"}],"replies":[{"embeddable":true,"href":"https:\/\/www.worldrally.eu\/index.php\/wp-json\/wp\/v2\/comments?post=1067"}],"version-history":[{"count":1,"href":"https:\/\/www.worldrally.eu\/index.php\/wp-json\/wp\/v2\/posts\/1067\/revisions"}],"predecessor-version":[{"id":1069,"href":"https:\/\/www.worldrally.eu\/index.php\/wp-json\/wp\/v2\/posts\/1067\/revisions\/1069"}],"wp:featuredmedia":[{"embeddable":true,"href":"https:\/\/www.worldrally.eu\/index.php\/wp-json\/wp\/v2\/media\/1068"}],"wp:attachment":[{"href":"https:\/\/www.worldrally.eu\/index.php\/wp-json\/wp\/v2\/media?parent=1067"}],"wp:term":[{"taxonomy":"category","embeddable":true,"href":"https:\/\/www.worldrally.eu\/index.php\/wp-json\/wp\/v2\/categories?post=1067"},{"taxonomy":"post_tag","embeddable":true,"href":"https:\/\/www.worldrally.eu\/index.php\/wp-json\/wp\/v2\/tags?post=1067"}],"curies":[{"name":"wp","href":"https:\/\/api.w.org\/{rel}","templated":true}]}}