{"id":1040,"date":"2021-06-09T06:31:00","date_gmt":"2021-06-09T06:31:00","guid":{"rendered":"https:\/\/www.worldrally.eu\/?p=1040"},"modified":"2023-04-12T06:35:48","modified_gmt":"2023-04-12T06:35:48","slug":"marczyk-z-pewnoscia-siebie","status":"publish","type":"post","link":"https:\/\/www.worldrally.eu\/index.php\/2021\/06\/09\/marczyk-z-pewnoscia-siebie\/","title":{"rendered":"Marczyk z pewno\u015bci\u0105 siebie."},"content":{"rendered":"\n<p class=\"wp-block-paragraph\">Miko Marczyk nie b\u0119dzie pozbawiony pewno\u015bci siebie, gdy w przysz\u0142ym tygodniu rozpocznie swoj\u0105 domow\u0105 rund\u0119 Rajdowych Mistrzostw Europy FIA.<\/p>\n\n\n\n<p class=\"wp-block-paragraph\">Kierowca ORLEN Team zwyci\u0119\u017cy\u0142 w klasyfikacji mistrzostw Polski podczas ubieg\u0142otygodniowego Rajdu \u017demaitija na Litwie, na kt\u00f3rym trenowa\u0142 przed otwieraj\u0105cym sezon ERC 77. Rajdem Polski ORLEN w dniach 18-20 czerwca.<\/p>\n\n\n\n<blockquote class=\"wp-block-quote is-layout-flow wp-block-quote-is-layout-flow\">\n<p class=\"wp-block-paragraph\">To dla nas wielki powr\u00f3t do mistrzostwa Polski i udany trening przed kolejnymi wyzwaniami<\/p>\n<\/blockquote>\n\n\n\n<p class=\"wp-block-paragraph\">Mistrz Polski z roku 2019 wraz ze swoim pilotem Szymonem Gospodarczykiem b\u0119dzie mia\u0142 przewag\u0119 nad innymi zawodnikami w postaci wsparcia tysi\u0119cy polskich kibic\u00f3w, mimo \u017ce oficjalnie nie ma sprzeda\u017cy bilet\u00f3w w mediach spo\u0142eczno\u015bciowych jest du\u017ce zainteresowanie.<\/p>\n","protected":false},"excerpt":{"rendered":"<p>Miko Marczyk nie b\u0119dzie pozbawiony pewno\u015bci siebie, gdy w przysz\u0142ym tygodniu rozpocznie swoj\u0105 domow\u0105 rund\u0119 Rajdowych Mistrzostw Europy FIA. Kierowca ORLEN Team zwyci\u0119\u017cy\u0142 w klasyfikacji mistrzostw Polski podczas ubieg\u0142otygodniowego Rajdu \u017demaitija na Litwie, na kt\u00f3rym trenowa\u0142 przed otwieraj\u0105cym sezon ERC 77. Rajdem Polski ORLEN w dniach 18-20 czerwca. To dla nas wielki powr\u00f3t do mistrzostwa [&hellip;]<\/p>\n","protected":false},"author":2,"featured_media":1041,"comment_status":"closed","ping_status":"closed","sticky":false,"template":"","format":"standard","meta":{"_monsterinsights_skip_tracking":false,"_monsterinsights_sitenote_active":false,"_monsterinsights_sitenote_note":"","_monsterinsights_sitenote_category":0,"footnotes":""},"categories":[4],"tags":[],"class_list":["post-1040","post","type-post","status-publish","format-standard","has-post-thumbnail","hentry","category-erc"],"aioseo_notices":[],"aioseo_head":"\n\t\t<!-- All in One SEO 4.9.9 - aioseo.com -->\n\t<meta name=\"description\" content=\"Miko Marczyk nie b\u0119dzie pozbawiony pewno\u015bci siebie, gdy w przysz\u0142ym tygodniu rozpocznie swoj\u0105 domow\u0105 rund\u0119 Rajdowych Mistrzostw Europy FIA. Kierowca ORLEN Team zwyci\u0119\u017cy\u0142 w klasyfikacji mistrzostw Polski podczas ubieg\u0142otygodniowego Rajdu \u017demaitija na Litwie, na kt\u00f3rym trenowa\u0142 przed otwieraj\u0105cym sezon ERC 77. Rajdem Polski ORLEN w dniach 18-20 czerwca. To dla nas wielki powr\u00f3t do mistrzostwa\" \/>\n\t<meta name=\"robots\" content=\"max-image-preview:large\" \/>\n\t<meta name=\"author\" content=\"Magdalena\"\/>\n\t<link rel=\"canonical\" href=\"https:\/\/www.worldrally.eu\/index.php\/2021\/06\/09\/marczyk-z-pewnoscia-siebie\/\" \/>\n\t<meta name=\"generator\" content=\"All in One SEO (AIOSEO) 4.9.9\" \/>\n\t\t<meta property=\"og:locale\" content=\"en_GB\" \/>\n\t\t<meta property=\"og:site_name\" content=\"WorldRally.eu \u00bb\" \/>\n\t\t<meta property=\"og:type\" content=\"article\" \/>\n\t\t<meta property=\"og:title\" content=\"Marczyk z pewno\u015bci\u0105 siebie. \u00bb WorldRally.eu\" \/>\n\t\t<meta property=\"og:description\" content=\"Miko Marczyk nie b\u0119dzie pozbawiony pewno\u015bci siebie, gdy w przysz\u0142ym tygodniu rozpocznie swoj\u0105 domow\u0105 rund\u0119 Rajdowych Mistrzostw Europy FIA. Kierowca ORLEN Team zwyci\u0119\u017cy\u0142 w klasyfikacji mistrzostw Polski podczas ubieg\u0142otygodniowego Rajdu \u017demaitija na Litwie, na kt\u00f3rym trenowa\u0142 przed otwieraj\u0105cym sezon ERC 77. Rajdem Polski ORLEN w dniach 18-20 czerwca. To dla nas wielki powr\u00f3t do mistrzostwa\" \/>\n\t\t<meta property=\"og:url\" content=\"https:\/\/www.worldrally.eu\/index.php\/2021\/06\/09\/marczyk-z-pewnoscia-siebie\/\" \/>\n\t\t<meta property=\"og:image\" content=\"https:\/\/www.worldrally.eu\/wp-content\/uploads\/2023\/04\/3a3fa196416092_341938370634926_2763581253182441409_n_2f8ed_f_1400x788.jpg\" \/>\n\t\t<meta property=\"og:image:secure_url\" content=\"https:\/\/www.worldrally.eu\/wp-content\/uploads\/2023\/04\/3a3fa196416092_341938370634926_2763581253182441409_n_2f8ed_f_1400x788.jpg\" \/>\n\t\t<meta property=\"og:image:width\" content=\"1182\" \/>\n\t\t<meta property=\"og:image:height\" content=\"788\" \/>\n\t\t<meta property=\"article:published_time\" content=\"2021-06-09T06:31:00+00:00\" \/>\n\t\t<meta property=\"article:modified_time\" content=\"2023-04-12T06:35:48+00:00\" \/>\n\t\t<meta name=\"twitter:card\" content=\"summary_large_image\" \/>\n\t\t<meta name=\"twitter:title\" content=\"Marczyk z pewno\u015bci\u0105 siebie. \u00bb WorldRally.eu\" \/>\n\t\t<meta name=\"twitter:description\" content=\"Miko Marczyk nie b\u0119dzie pozbawiony pewno\u015bci siebie, gdy w przysz\u0142ym tygodniu rozpocznie swoj\u0105 domow\u0105 rund\u0119 Rajdowych Mistrzostw Europy FIA. Kierowca ORLEN Team zwyci\u0119\u017cy\u0142 w klasyfikacji mistrzostw Polski podczas ubieg\u0142otygodniowego Rajdu \u017demaitija na Litwie, na kt\u00f3rym trenowa\u0142 przed otwieraj\u0105cym sezon ERC 77. Rajdem Polski ORLEN w dniach 18-20 czerwca. To dla nas wielki powr\u00f3t do mistrzostwa\" \/>\n\t\t<meta name=\"twitter:image\" content=\"https:\/\/www.worldrally.eu\/wp-content\/uploads\/2023\/04\/3a3fa196416092_341938370634926_2763581253182441409_n_2f8ed_f_1400x788.jpg\" \/>\n\t\t<script type=\"application\/ld+json\" class=\"aioseo-schema\">\n\t\t\t{\"@context\":\"https:\\\/\\\/schema.org\",\"@graph\":[{\"@type\":\"BlogPosting\",\"@id\":\"https:\\\/\\\/www.worldrally.eu\\\/index.php\\\/2021\\\/06\\\/09\\\/marczyk-z-pewnoscia-siebie\\\/#blogposting\",\"name\":\"Marczyk z pewno\\u015bci\\u0105 siebie. \\u00bb WorldRally.eu\",\"headline\":\"Marczyk z pewno\\u015bci\\u0105 siebie.\",\"author\":{\"@id\":\"https:\\\/\\\/www.worldrally.eu\\\/index.php\\\/author\\\/magdalena\\\/#author\"},\"publisher\":{\"@id\":\"https:\\\/\\\/www.worldrally.eu\\\/#organization\"},\"image\":{\"@type\":\"ImageObject\",\"url\":\"https:\\\/\\\/www.worldrally.eu\\\/wp-content\\\/uploads\\\/2023\\\/04\\\/3a3fa196416092_341938370634926_2763581253182441409_n_2f8ed_f_1400x788.jpg\",\"width\":1182,\"height\":788},\"datePublished\":\"2021-06-09T06:31:00+00:00\",\"dateModified\":\"2023-04-12T06:35:48+00:00\",\"inLanguage\":\"en-GB\",\"mainEntityOfPage\":{\"@id\":\"https:\\\/\\\/www.worldrally.eu\\\/index.php\\\/2021\\\/06\\\/09\\\/marczyk-z-pewnoscia-siebie\\\/#webpage\"},\"isPartOf\":{\"@id\":\"https:\\\/\\\/www.worldrally.eu\\\/index.php\\\/2021\\\/06\\\/09\\\/marczyk-z-pewnoscia-siebie\\\/#webpage\"},\"articleSection\":\"ERC\"},{\"@type\":\"BreadcrumbList\",\"@id\":\"https:\\\/\\\/www.worldrally.eu\\\/index.php\\\/2021\\\/06\\\/09\\\/marczyk-z-pewnoscia-siebie\\\/#breadcrumblist\",\"itemListElement\":[{\"@type\":\"ListItem\",\"@id\":\"https:\\\/\\\/www.worldrally.eu#listItem\",\"position\":1,\"name\":\"Home\",\"item\":\"https:\\\/\\\/www.worldrally.eu\",\"nextItem\":{\"@type\":\"ListItem\",\"@id\":\"https:\\\/\\\/www.worldrally.eu\\\/index.php\\\/category\\\/erc\\\/#listItem\",\"name\":\"ERC\"}},{\"@type\":\"ListItem\",\"@id\":\"https:\\\/\\\/www.worldrally.eu\\\/index.php\\\/category\\\/erc\\\/#listItem\",\"position\":2,\"name\":\"ERC\",\"item\":\"https:\\\/\\\/www.worldrally.eu\\\/index.php\\\/category\\\/erc\\\/\",\"nextItem\":{\"@type\":\"ListItem\",\"@id\":\"https:\\\/\\\/www.worldrally.eu\\\/index.php\\\/2021\\\/06\\\/09\\\/marczyk-z-pewnoscia-siebie\\\/#listItem\",\"name\":\"Marczyk z pewno\\u015bci\\u0105 siebie.\"},\"previousItem\":{\"@type\":\"ListItem\",\"@id\":\"https:\\\/\\\/www.worldrally.eu#listItem\",\"name\":\"Home\"}},{\"@type\":\"ListItem\",\"@id\":\"https:\\\/\\\/www.worldrally.eu\\\/index.php\\\/2021\\\/06\\\/09\\\/marczyk-z-pewnoscia-siebie\\\/#listItem\",\"position\":3,\"name\":\"Marczyk z pewno\\u015bci\\u0105 siebie.\",\"previousItem\":{\"@type\":\"ListItem\",\"@id\":\"https:\\\/\\\/www.worldrally.eu\\\/index.php\\\/category\\\/erc\\\/#listItem\",\"name\":\"ERC\"}}]},{\"@type\":\"Organization\",\"@id\":\"https:\\\/\\\/www.worldrally.eu\\\/#organization\",\"name\":\"WorldRally.eu\",\"url\":\"https:\\\/\\\/www.worldrally.eu\\\/\",\"logo\":{\"@type\":\"ImageObject\",\"url\":\"https:\\\/\\\/www.worldrally.eu\\\/wp-content\\\/uploads\\\/2026\\\/01\\\/cropped-logo-3.png\",\"@id\":\"https:\\\/\\\/www.worldrally.eu\\\/index.php\\\/2021\\\/06\\\/09\\\/marczyk-z-pewnoscia-siebie\\\/#organizationLogo\",\"width\":2039,\"height\":756},\"image\":{\"@id\":\"https:\\\/\\\/www.worldrally.eu\\\/index.php\\\/2021\\\/06\\\/09\\\/marczyk-z-pewnoscia-siebie\\\/#organizationLogo\"}},{\"@type\":\"Person\",\"@id\":\"https:\\\/\\\/www.worldrally.eu\\\/index.php\\\/author\\\/magdalena\\\/#author\",\"url\":\"https:\\\/\\\/www.worldrally.eu\\\/index.php\\\/author\\\/magdalena\\\/\",\"name\":\"Magdalena\",\"image\":{\"@type\":\"ImageObject\",\"@id\":\"https:\\\/\\\/www.worldrally.eu\\\/index.php\\\/2021\\\/06\\\/09\\\/marczyk-z-pewnoscia-siebie\\\/#authorImage\",\"url\":\"https:\\\/\\\/secure.gravatar.com\\\/avatar\\\/853239b46cec38ba30b48d2b091f5538817cc78bdc0944c9ef7408579307e2ea?s=96&d=mm&r=g\",\"width\":96,\"height\":96,\"caption\":\"Magdalena\"}},{\"@type\":\"WebPage\",\"@id\":\"https:\\\/\\\/www.worldrally.eu\\\/index.php\\\/2021\\\/06\\\/09\\\/marczyk-z-pewnoscia-siebie\\\/#webpage\",\"url\":\"https:\\\/\\\/www.worldrally.eu\\\/index.php\\\/2021\\\/06\\\/09\\\/marczyk-z-pewnoscia-siebie\\\/\",\"name\":\"Marczyk z pewno\\u015bci\\u0105 siebie. \\u00bb WorldRally.eu\",\"description\":\"Miko Marczyk nie b\\u0119dzie pozbawiony pewno\\u015bci siebie, gdy w przysz\\u0142ym tygodniu rozpocznie swoj\\u0105 domow\\u0105 rund\\u0119 Rajdowych Mistrzostw Europy FIA. Kierowca ORLEN Team zwyci\\u0119\\u017cy\\u0142 w klasyfikacji mistrzostw Polski podczas ubieg\\u0142otygodniowego Rajdu \\u017demaitija na Litwie, na kt\\u00f3rym trenowa\\u0142 przed otwieraj\\u0105cym sezon ERC 77. Rajdem Polski ORLEN w dniach 18-20 czerwca. To dla nas wielki powr\\u00f3t do mistrzostwa\",\"inLanguage\":\"en-GB\",\"isPartOf\":{\"@id\":\"https:\\\/\\\/www.worldrally.eu\\\/#website\"},\"breadcrumb\":{\"@id\":\"https:\\\/\\\/www.worldrally.eu\\\/index.php\\\/2021\\\/06\\\/09\\\/marczyk-z-pewnoscia-siebie\\\/#breadcrumblist\"},\"author\":{\"@id\":\"https:\\\/\\\/www.worldrally.eu\\\/index.php\\\/author\\\/magdalena\\\/#author\"},\"creator\":{\"@id\":\"https:\\\/\\\/www.worldrally.eu\\\/index.php\\\/author\\\/magdalena\\\/#author\"},\"image\":{\"@type\":\"ImageObject\",\"url\":\"https:\\\/\\\/www.worldrally.eu\\\/wp-content\\\/uploads\\\/2023\\\/04\\\/3a3fa196416092_341938370634926_2763581253182441409_n_2f8ed_f_1400x788.jpg\",\"@id\":\"https:\\\/\\\/www.worldrally.eu\\\/index.php\\\/2021\\\/06\\\/09\\\/marczyk-z-pewnoscia-siebie\\\/#mainImage\",\"width\":1182,\"height\":788},\"primaryImageOfPage\":{\"@id\":\"https:\\\/\\\/www.worldrally.eu\\\/index.php\\\/2021\\\/06\\\/09\\\/marczyk-z-pewnoscia-siebie\\\/#mainImage\"},\"datePublished\":\"2021-06-09T06:31:00+00:00\",\"dateModified\":\"2023-04-12T06:35:48+00:00\"},{\"@type\":\"WebSite\",\"@id\":\"https:\\\/\\\/www.worldrally.eu\\\/#website\",\"url\":\"https:\\\/\\\/www.worldrally.eu\\\/\",\"name\":\"WorldRally.eu\",\"inLanguage\":\"en-GB\",\"publisher\":{\"@id\":\"https:\\\/\\\/www.worldrally.eu\\\/#organization\"}}]}\n\t\t<\/script>\n\t\t<!-- All in One SEO -->\n\n","aioseo_head_json":{"title":"Marczyk z pewno\u015bci\u0105 siebie. \u00bb WorldRally.eu","description":"Miko Marczyk nie b\u0119dzie pozbawiony pewno\u015bci siebie, gdy w przysz\u0142ym tygodniu rozpocznie swoj\u0105 domow\u0105 rund\u0119 Rajdowych Mistrzostw Europy FIA. Kierowca ORLEN Team zwyci\u0119\u017cy\u0142 w klasyfikacji mistrzostw Polski podczas ubieg\u0142otygodniowego Rajdu \u017demaitija na Litwie, na kt\u00f3rym trenowa\u0142 przed otwieraj\u0105cym sezon ERC 77. Rajdem Polski ORLEN w dniach 18-20 czerwca. To dla nas wielki powr\u00f3t do mistrzostwa","canonical_url":"https:\/\/www.worldrally.eu\/index.php\/2021\/06\/09\/marczyk-z-pewnoscia-siebie\/","robots":"max-image-preview:large","keywords":"","webmasterTools":{"miscellaneous":""},"schema":{"@context":"https:\/\/schema.org","@graph":[{"@type":"BlogPosting","@id":"https:\/\/www.worldrally.eu\/index.php\/2021\/06\/09\/marczyk-z-pewnoscia-siebie\/#blogposting","name":"Marczyk z pewno\u015bci\u0105 siebie. \u00bb WorldRally.eu","headline":"Marczyk z pewno\u015bci\u0105 siebie.","author":{"@id":"https:\/\/www.worldrally.eu\/index.php\/author\/magdalena\/#author"},"publisher":{"@id":"https:\/\/www.worldrally.eu\/#organization"},"image":{"@type":"ImageObject","url":"https:\/\/www.worldrally.eu\/wp-content\/uploads\/2023\/04\/3a3fa196416092_341938370634926_2763581253182441409_n_2f8ed_f_1400x788.jpg","width":1182,"height":788},"datePublished":"2021-06-09T06:31:00+00:00","dateModified":"2023-04-12T06:35:48+00:00","inLanguage":"en-GB","mainEntityOfPage":{"@id":"https:\/\/www.worldrally.eu\/index.php\/2021\/06\/09\/marczyk-z-pewnoscia-siebie\/#webpage"},"isPartOf":{"@id":"https:\/\/www.worldrally.eu\/index.php\/2021\/06\/09\/marczyk-z-pewnoscia-siebie\/#webpage"},"articleSection":"ERC"},{"@type":"BreadcrumbList","@id":"https:\/\/www.worldrally.eu\/index.php\/2021\/06\/09\/marczyk-z-pewnoscia-siebie\/#breadcrumblist","itemListElement":[{"@type":"ListItem","@id":"https:\/\/www.worldrally.eu#listItem","position":1,"name":"Home","item":"https:\/\/www.worldrally.eu","nextItem":{"@type":"ListItem","@id":"https:\/\/www.worldrally.eu\/index.php\/category\/erc\/#listItem","name":"ERC"}},{"@type":"ListItem","@id":"https:\/\/www.worldrally.eu\/index.php\/category\/erc\/#listItem","position":2,"name":"ERC","item":"https:\/\/www.worldrally.eu\/index.php\/category\/erc\/","nextItem":{"@type":"ListItem","@id":"https:\/\/www.worldrally.eu\/index.php\/2021\/06\/09\/marczyk-z-pewnoscia-siebie\/#listItem","name":"Marczyk z pewno\u015bci\u0105 siebie."},"previousItem":{"@type":"ListItem","@id":"https:\/\/www.worldrally.eu#listItem","name":"Home"}},{"@type":"ListItem","@id":"https:\/\/www.worldrally.eu\/index.php\/2021\/06\/09\/marczyk-z-pewnoscia-siebie\/#listItem","position":3,"name":"Marczyk z pewno\u015bci\u0105 siebie.","previousItem":{"@type":"ListItem","@id":"https:\/\/www.worldrally.eu\/index.php\/category\/erc\/#listItem","name":"ERC"}}]},{"@type":"Organization","@id":"https:\/\/www.worldrally.eu\/#organization","name":"WorldRally.eu","url":"https:\/\/www.worldrally.eu\/","logo":{"@type":"ImageObject","url":"https:\/\/www.worldrally.eu\/wp-content\/uploads\/2026\/01\/cropped-logo-3.png","@id":"https:\/\/www.worldrally.eu\/index.php\/2021\/06\/09\/marczyk-z-pewnoscia-siebie\/#organizationLogo","width":2039,"height":756},"image":{"@id":"https:\/\/www.worldrally.eu\/index.php\/2021\/06\/09\/marczyk-z-pewnoscia-siebie\/#organizationLogo"}},{"@type":"Person","@id":"https:\/\/www.worldrally.eu\/index.php\/author\/magdalena\/#author","url":"https:\/\/www.worldrally.eu\/index.php\/author\/magdalena\/","name":"Magdalena","image":{"@type":"ImageObject","@id":"https:\/\/www.worldrally.eu\/index.php\/2021\/06\/09\/marczyk-z-pewnoscia-siebie\/#authorImage","url":"https:\/\/secure.gravatar.com\/avatar\/853239b46cec38ba30b48d2b091f5538817cc78bdc0944c9ef7408579307e2ea?s=96&d=mm&r=g","width":96,"height":96,"caption":"Magdalena"}},{"@type":"WebPage","@id":"https:\/\/www.worldrally.eu\/index.php\/2021\/06\/09\/marczyk-z-pewnoscia-siebie\/#webpage","url":"https:\/\/www.worldrally.eu\/index.php\/2021\/06\/09\/marczyk-z-pewnoscia-siebie\/","name":"Marczyk z pewno\u015bci\u0105 siebie. \u00bb WorldRally.eu","description":"Miko Marczyk nie b\u0119dzie pozbawiony pewno\u015bci siebie, gdy w przysz\u0142ym tygodniu rozpocznie swoj\u0105 domow\u0105 rund\u0119 Rajdowych Mistrzostw Europy FIA. Kierowca ORLEN Team zwyci\u0119\u017cy\u0142 w klasyfikacji mistrzostw Polski podczas ubieg\u0142otygodniowego Rajdu \u017demaitija na Litwie, na kt\u00f3rym trenowa\u0142 przed otwieraj\u0105cym sezon ERC 77. Rajdem Polski ORLEN w dniach 18-20 czerwca. To dla nas wielki powr\u00f3t do mistrzostwa","inLanguage":"en-GB","isPartOf":{"@id":"https:\/\/www.worldrally.eu\/#website"},"breadcrumb":{"@id":"https:\/\/www.worldrally.eu\/index.php\/2021\/06\/09\/marczyk-z-pewnoscia-siebie\/#breadcrumblist"},"author":{"@id":"https:\/\/www.worldrally.eu\/index.php\/author\/magdalena\/#author"},"creator":{"@id":"https:\/\/www.worldrally.eu\/index.php\/author\/magdalena\/#author"},"image":{"@type":"ImageObject","url":"https:\/\/www.worldrally.eu\/wp-content\/uploads\/2023\/04\/3a3fa196416092_341938370634926_2763581253182441409_n_2f8ed_f_1400x788.jpg","@id":"https:\/\/www.worldrally.eu\/index.php\/2021\/06\/09\/marczyk-z-pewnoscia-siebie\/#mainImage","width":1182,"height":788},"primaryImageOfPage":{"@id":"https:\/\/www.worldrally.eu\/index.php\/2021\/06\/09\/marczyk-z-pewnoscia-siebie\/#mainImage"},"datePublished":"2021-06-09T06:31:00+00:00","dateModified":"2023-04-12T06:35:48+00:00"},{"@type":"WebSite","@id":"https:\/\/www.worldrally.eu\/#website","url":"https:\/\/www.worldrally.eu\/","name":"WorldRally.eu","inLanguage":"en-GB","publisher":{"@id":"https:\/\/www.worldrally.eu\/#organization"}}]},"og:locale":"en_GB","og:site_name":"WorldRally.eu \u00bb","og:type":"article","og:title":"Marczyk z pewno\u015bci\u0105 siebie. \u00bb WorldRally.eu","og:description":"Miko Marczyk nie b\u0119dzie pozbawiony pewno\u015bci siebie, gdy w przysz\u0142ym tygodniu rozpocznie swoj\u0105 domow\u0105 rund\u0119 Rajdowych Mistrzostw Europy FIA. Kierowca ORLEN Team zwyci\u0119\u017cy\u0142 w klasyfikacji mistrzostw Polski podczas ubieg\u0142otygodniowego Rajdu \u017demaitija na Litwie, na kt\u00f3rym trenowa\u0142 przed otwieraj\u0105cym sezon ERC 77. Rajdem Polski ORLEN w dniach 18-20 czerwca. To dla nas wielki powr\u00f3t do mistrzostwa","og:url":"https:\/\/www.worldrally.eu\/index.php\/2021\/06\/09\/marczyk-z-pewnoscia-siebie\/","og:image":"https:\/\/www.worldrally.eu\/wp-content\/uploads\/2023\/04\/3a3fa196416092_341938370634926_2763581253182441409_n_2f8ed_f_1400x788.jpg","og:image:secure_url":"https:\/\/www.worldrally.eu\/wp-content\/uploads\/2023\/04\/3a3fa196416092_341938370634926_2763581253182441409_n_2f8ed_f_1400x788.jpg","og:image:width":1182,"og:image:height":788,"article:published_time":"2021-06-09T06:31:00+00:00","article:modified_time":"2023-04-12T06:35:48+00:00","twitter:card":"summary_large_image","twitter:title":"Marczyk z pewno\u015bci\u0105 siebie. \u00bb WorldRally.eu","twitter:description":"Miko Marczyk nie b\u0119dzie pozbawiony pewno\u015bci siebie, gdy w przysz\u0142ym tygodniu rozpocznie swoj\u0105 domow\u0105 rund\u0119 Rajdowych Mistrzostw Europy FIA. Kierowca ORLEN Team zwyci\u0119\u017cy\u0142 w klasyfikacji mistrzostw Polski podczas ubieg\u0142otygodniowego Rajdu \u017demaitija na Litwie, na kt\u00f3rym trenowa\u0142 przed otwieraj\u0105cym sezon ERC 77. Rajdem Polski ORLEN w dniach 18-20 czerwca. To dla nas wielki powr\u00f3t do mistrzostwa","twitter:image":"https:\/\/www.worldrally.eu\/wp-content\/uploads\/2023\/04\/3a3fa196416092_341938370634926_2763581253182441409_n_2f8ed_f_1400x788.jpg"},"aioseo_meta_data":{"post_id":"1040","title":null,"description":null,"keywords":null,"keyphrases":null,"primary_term":null,"canonical_url":null,"og_title":null,"og_description":null,"og_object_type":"default","og_image_type":"default","og_image_url":null,"og_image_width":null,"og_image_height":null,"og_image_custom_url":null,"og_image_custom_fields":null,"og_video":null,"og_custom_url":null,"og_article_section":null,"og_article_tags":null,"twitter_use_og":false,"twitter_card":"default","twitter_image_type":"default","twitter_image_url":null,"twitter_image_custom_url":null,"twitter_image_custom_fields":null,"twitter_title":null,"twitter_description":null,"schema":{"blockGraphs":[],"customGraphs":[],"default":{"data":{"Article":[],"Course":[],"Dataset":[],"FAQPage":[],"Movie":[],"Person":[],"Product":[],"ProductReview":[],"Car":[],"Recipe":[],"Service":[],"SoftwareApplication":[],"WebPage":[]},"graphName":"","isEnabled":true},"graphs":[]},"schema_type":"default","schema_type_options":null,"pillar_content":false,"robots_default":true,"robots_noindex":false,"robots_noarchive":false,"robots_nosnippet":false,"robots_nofollow":false,"robots_noimageindex":false,"robots_noodp":false,"robots_notranslate":false,"robots_max_snippet":null,"robots_max_videopreview":null,"robots_max_imagepreview":"large","priority":null,"frequency":null,"local_seo":null,"breadcrumb_settings":null,"limit_modified_date":false,"ai":null,"created":"2025-03-22 05:44:17","updated":"2025-10-26 07:56:37","seo_analyzer_scan_date":null},"aioseo_breadcrumb":"<div class=\"aioseo-breadcrumbs\"><span class=\"aioseo-breadcrumb\">\n\t\t\t<a href=\"https:\/\/www.worldrally.eu\" title=\"Home\">Home<\/a>\n\t\t<\/span><span class=\"aioseo-breadcrumb-separator\">&raquo;<\/span><span class=\"aioseo-breadcrumb\">\n\t\t\t<a href=\"https:\/\/www.worldrally.eu\/index.php\/category\/erc\/\" title=\"ERC\">ERC<\/a>\n\t\t<\/span><span class=\"aioseo-breadcrumb-separator\">&raquo;<\/span><span class=\"aioseo-breadcrumb\">\n\t\t\tMarczyk z pewno\u015bci\u0105 siebie.\n\t\t<\/span><\/div>","aioseo_breadcrumb_json":[{"label":"Home","link":"https:\/\/www.worldrally.eu"},{"label":"ERC","link":"https:\/\/www.worldrally.eu\/index.php\/category\/erc\/"},{"label":"Marczyk z pewno\u015bci\u0105 siebie.","link":"https:\/\/www.worldrally.eu\/index.php\/2021\/06\/09\/marczyk-z-pewnoscia-siebie\/"}],"cc_featured_image_caption":{"caption_text":"Foto - Marczyk FB","source_text":"","source_url":""},"_links":{"self":[{"href":"https:\/\/www.worldrally.eu\/index.php\/wp-json\/wp\/v2\/posts\/1040","targetHints":{"allow":["GET"]}}],"collection":[{"href":"https:\/\/www.worldrally.eu\/index.php\/wp-json\/wp\/v2\/posts"}],"about":[{"href":"https:\/\/www.worldrally.eu\/index.php\/wp-json\/wp\/v2\/types\/post"}],"author":[{"embeddable":true,"href":"https:\/\/www.worldrally.eu\/index.php\/wp-json\/wp\/v2\/users\/2"}],"replies":[{"embeddable":true,"href":"https:\/\/www.worldrally.eu\/index.php\/wp-json\/wp\/v2\/comments?post=1040"}],"version-history":[{"count":1,"href":"https:\/\/www.worldrally.eu\/index.php\/wp-json\/wp\/v2\/posts\/1040\/revisions"}],"predecessor-version":[{"id":1042,"href":"https:\/\/www.worldrally.eu\/index.php\/wp-json\/wp\/v2\/posts\/1040\/revisions\/1042"}],"wp:featuredmedia":[{"embeddable":true,"href":"https:\/\/www.worldrally.eu\/index.php\/wp-json\/wp\/v2\/media\/1041"}],"wp:attachment":[{"href":"https:\/\/www.worldrally.eu\/index.php\/wp-json\/wp\/v2\/media?parent=1040"}],"wp:term":[{"taxonomy":"category","embeddable":true,"href":"https:\/\/www.worldrally.eu\/index.php\/wp-json\/wp\/v2\/categories?post=1040"},{"taxonomy":"post_tag","embeddable":true,"href":"https:\/\/www.worldrally.eu\/index.php\/wp-json\/wp\/v2\/tags?post=1040"}],"curies":[{"name":"wp","href":"https:\/\/api.w.org\/{rel}","templated":true}]}}