{"id":1020,"date":"2021-05-16T20:44:00","date_gmt":"2021-05-16T20:44:00","guid":{"rendered":"https:\/\/www.worldrally.eu\/?p=1020"},"modified":"2023-04-11T20:46:11","modified_gmt":"2023-04-11T20:46:11","slug":"odswiezony-kalendarza-erc-2021","status":"publish","type":"post","link":"https:\/\/www.worldrally.eu\/index.php\/2021\/05\/16\/odswiezony-kalendarza-erc-2021\/","title":{"rendered":"Od\u015bwie\u017cony kalendarza ERC 2021"},"content":{"rendered":"\n<p>Rajdowe Mistrzostwa Europy FIA 2021 przesz\u0142y w zesz\u0142ym tygodniu kilka zmian, a wraz z nimi nowe daty 55. Rajdu Azor\u00f3w i Rajdu Serras de Fafe e Felgueiras.<\/p>\n\n\n\n<p>Oto przypomnienie zmienionego harmonogramu na nadchodz\u0105cy sezon:<\/p>\n\n\n\n<p><strong>Runda 1:<\/strong><\/p>\n\n\n\n<ol class=\"wp-block-list\" start=\"77\">\n<li>Rajd Polski (szutr), 18-20 czerwca 2021 J, A, C, M<\/li>\n<\/ol>\n\n\n\n<p><strong>Runda 2:<\/strong><br>Rajd Lipawy (\u0141otwa, szutr), 1-3 lipca 2021 J, A, M<\/p>\n\n\n\n<p><strong>Runda 3:<\/strong><br>Rally di Roma Capitale (W\u0142ochy, asfalt), 23-25 lipca 2021 J, A, C, M<\/p>\n\n\n\n<p><strong>Runda 4:<\/strong><br>50 Barum Czech Rally Zl\u00edn (asfalt), 27-29 sierpnia 2021 J, A, C, M<\/p>\n\n\n\n<p><strong>Runda 5:<\/strong><\/p>\n\n\n\n<ol class=\"wp-block-list\" start=\"55\">\n<li>Rajd Azor\u00f3w (szutr), 16-18 wrze\u015bnia 2021 M<\/li>\n<\/ol>\n\n\n\n<p><strong>Runda 6:<\/strong><br>Rally Serras de Fafe e Felgueiras (Portugalia, szutr), 1-3 pa\u017adziernika 2021 r. (na zdj\u0119ciu)<\/p>\n\n\n\n<p><strong>Runda 7:<\/strong><br>Rajd W\u0119gier (asfalt), 22-24 pa\u017adziernika 2021 J, A, C<\/p>\n\n\n\n<p><strong>Runda 8:<\/strong><br>Rajd Wysp Kanaryjskich (asfalt), 18-20 listopada 2021 J, A<\/p>\n\n\n\n<p>J = Runda ERC Juniorzy\/ERC3 Juniorzy; A = runda Abarth Rally Cup; C = Clio Trophy by Toksport runda WRT; M = Dost\u0119pne zach\u0119ty ERC-MICHELIN Talent Factory<\/p>\n","protected":false},"excerpt":{"rendered":"<p>Rajdowe Mistrzostwa Europy FIA 2021 przesz\u0142y w zesz\u0142ym tygodniu kilka zmian, a wraz z nimi nowe daty 55. Rajdu Azor\u00f3w i Rajdu Serras de Fafe e Felgueiras. Oto przypomnienie zmienionego harmonogramu na nadchodz\u0105cy sezon: Runda 1: Runda 2:Rajd Lipawy (\u0141otwa, szutr), 1-3 lipca 2021 J, A, M Runda 3:Rally di Roma Capitale (W\u0142ochy, asfalt), 23-25 [&hellip;]<\/p>\n","protected":false},"author":1,"featured_media":1012,"comment_status":"closed","ping_status":"closed","sticky":false,"template":"","format":"standard","meta":{"footnotes":""},"categories":[4],"tags":[],"class_list":["post-1020","post","type-post","status-publish","format-standard","has-post-thumbnail","hentry","category-erc"],"aioseo_notices":[],"cc_featured_image_caption":{"caption_text":"","source_text":"","source_url":""},"_links":{"self":[{"href":"https:\/\/www.worldrally.eu\/index.php\/wp-json\/wp\/v2\/posts\/1020","targetHints":{"allow":["GET"]}}],"collection":[{"href":"https:\/\/www.worldrally.eu\/index.php\/wp-json\/wp\/v2\/posts"}],"about":[{"href":"https:\/\/www.worldrally.eu\/index.php\/wp-json\/wp\/v2\/types\/post"}],"author":[{"embeddable":true,"href":"https:\/\/www.worldrally.eu\/index.php\/wp-json\/wp\/v2\/users\/1"}],"replies":[{"embeddable":true,"href":"https:\/\/www.worldrally.eu\/index.php\/wp-json\/wp\/v2\/comments?post=1020"}],"version-history":[{"count":1,"href":"https:\/\/www.worldrally.eu\/index.php\/wp-json\/wp\/v2\/posts\/1020\/revisions"}],"predecessor-version":[{"id":1021,"href":"https:\/\/www.worldrally.eu\/index.php\/wp-json\/wp\/v2\/posts\/1020\/revisions\/1021"}],"wp:featuredmedia":[{"embeddable":true,"href":"https:\/\/www.worldrally.eu\/index.php\/wp-json\/wp\/v2\/media\/1012"}],"wp:attachment":[{"href":"https:\/\/www.worldrally.eu\/index.php\/wp-json\/wp\/v2\/media?parent=1020"}],"wp:term":[{"taxonomy":"category","embeddable":true,"href":"https:\/\/www.worldrally.eu\/index.php\/wp-json\/wp\/v2\/categories?post=1020"},{"taxonomy":"post_tag","embeddable":true,"href":"https:\/\/www.worldrally.eu\/index.php\/wp-json\/wp\/v2\/tags?post=1020"}],"curies":[{"name":"wp","href":"https:\/\/api.w.org\/{rel}","templated":true}]}}