{"id":1001,"date":"2021-04-30T18:49:00","date_gmt":"2021-04-30T18:49:00","guid":{"rendered":"https:\/\/www.worldrally.eu\/?p=1001"},"modified":"2023-04-11T18:51:59","modified_gmt":"2023-04-11T18:51:59","slug":"campedelli-liczy-na-podium","status":"publish","type":"post","link":"https:\/\/www.worldrally.eu\/index.php\/2021\/04\/30\/campedelli-liczy-na-podium\/","title":{"rendered":"Campedelli liczy na podium."},"content":{"rendered":"\n<p class=\"wp-block-paragraph\">Simone Campedelli podkre\u015bli\u0142 sw\u00f3j potencja\u0142 na podium przed startem w Rajdowych Mistrzostwach Europy FIA w Team MRF Tyres.<\/p>\n\n\n\n<p class=\"wp-block-paragraph\"> W\u0142och dwa razy stan\u0105\u0142 na podium z dw\u00f3ch start\u00f3w na imprezach w swojej ojczy\u017anie za kierownic\u0105 Volkswagena Polo GTI R5 wyposa\u017conego w os\u0142ony indyjskiej firmy, a jego ostatni sukces odni\u00f3s\u0142 w ubieg\u0142y weekend w Rajdzie Adriatico, rundzie krajowych mistrzostw Gravel.<\/p>\n\n\n\n<blockquote class=\"wp-block-quote is-layout-flow wp-block-quote-is-layout-flow\">\n<p class=\"wp-block-paragraph\">Wiemy, gdzie jeste\u015bmy naprawd\u0119 konkurencyjni i gdzie musimy popracowa\u0107. Rozpocz\u0119li\u015bmy dwa rajdy z zespo\u0142em MRF Tyres i mamy teraz dwa miejsca na podium. To \u015bwietny pocz\u0105tek i nie mog\u0119 si\u0119 doczeka\u0107 nast\u0119pnego. Dzi\u0119kuj\u0119 zespo\u0142owi MRF Tyres za ich ci\u0119\u017ck\u0105 prac\u0119 w doprowadzeniu nas do tego wspania\u0142ego wyniku.<\/p>\n<cite><em>powiedzia\u0142 Campedelli<\/em><\/cite><\/blockquote>\n\n\n\n<p class=\"wp-block-paragraph\">Podczas gdy wielokrotny mistrz W\u0142och Andreucci rozbi\u0142 si\u0119 na pierwszym etapie, Molinaro\/Capalongo wykazali si\u0119 dobrym tempem przez ca\u0142y rajd, zajmuj\u0105c drugie miejsce w kategorii do lat 25 i pierwsze w kategorii kobiet, zajmuj\u0105c 11. miejsce w klasyfikacji generalnej.<\/p>\n","protected":false},"excerpt":{"rendered":"<p>Simone Campedelli podkre\u015bli\u0142 sw\u00f3j potencja\u0142 na podium przed startem w Rajdowych Mistrzostwach Europy FIA w Team MRF Tyres. W\u0142och dwa razy stan\u0105\u0142 na podium z dw\u00f3ch start\u00f3w na imprezach w swojej ojczy\u017anie za kierownic\u0105 Volkswagena Polo GTI R5 wyposa\u017conego w os\u0142ony indyjskiej firmy, a jego ostatni sukces odni\u00f3s\u0142 w ubieg\u0142y weekend w Rajdzie Adriatico, rundzie [&hellip;]<\/p>\n","protected":false},"author":2,"featured_media":1002,"comment_status":"closed","ping_status":"closed","sticky":false,"template":"","format":"standard","meta":{"_monsterinsights_skip_tracking":false,"_monsterinsights_sitenote_active":false,"_monsterinsights_sitenote_note":"","_monsterinsights_sitenote_category":0,"footnotes":""},"categories":[4],"tags":[],"class_list":["post-1001","post","type-post","status-publish","format-standard","has-post-thumbnail","hentry","category-erc"],"aioseo_notices":[],"aioseo_head":"\n\t\t<!-- All in One SEO 4.9.9 - aioseo.com -->\n\t<meta name=\"description\" content=\"Simone Campedelli podkre\u015bli\u0142 sw\u00f3j potencja\u0142 na podium przed startem w Rajdowych Mistrzostwach Europy FIA w Team MRF Tyres. W\u0142och dwa razy stan\u0105\u0142 na podium z dw\u00f3ch start\u00f3w na imprezach w swojej ojczy\u017anie za kierownic\u0105 Volkswagena Polo GTI R5 wyposa\u017conego w os\u0142ony indyjskiej firmy, a jego ostatni sukces odni\u00f3s\u0142 w ubieg\u0142y weekend w Rajdzie Adriatico, rundzie\" \/>\n\t<meta name=\"robots\" content=\"max-image-preview:large\" \/>\n\t<meta name=\"author\" content=\"Magdalena\"\/>\n\t<link rel=\"canonical\" href=\"https:\/\/www.worldrally.eu\/index.php\/2021\/04\/30\/campedelli-liczy-na-podium\/\" \/>\n\t<meta name=\"generator\" content=\"All in One SEO (AIOSEO) 4.9.9\" \/>\n\t\t<meta property=\"og:locale\" content=\"en_GB\" \/>\n\t\t<meta property=\"og:site_name\" content=\"WorldRally.eu \u00bb\" \/>\n\t\t<meta property=\"og:type\" content=\"article\" \/>\n\t\t<meta property=\"og:title\" content=\"Campedelli liczy na podium. \u00bb WorldRally.eu\" \/>\n\t\t<meta property=\"og:description\" content=\"Simone Campedelli podkre\u015bli\u0142 sw\u00f3j potencja\u0142 na podium przed startem w Rajdowych Mistrzostwach Europy FIA w Team MRF Tyres. W\u0142och dwa razy stan\u0105\u0142 na podium z dw\u00f3ch start\u00f3w na imprezach w swojej ojczy\u017anie za kierownic\u0105 Volkswagena Polo GTI R5 wyposa\u017conego w os\u0142ony indyjskiej firmy, a jego ostatni sukces odni\u00f3s\u0142 w ubieg\u0142y weekend w Rajdzie Adriatico, rundzie\" \/>\n\t\t<meta property=\"og:url\" content=\"https:\/\/www.worldrally.eu\/index.php\/2021\/04\/30\/campedelli-liczy-na-podium\/\" \/>\n\t\t<meta property=\"og:image\" content=\"https:\/\/www.worldrally.eu\/wp-content\/uploads\/2023\/04\/81078aca36e3c-da00-41b9-b45e-31f872ffbff6_959d9_f_1400x788.jpg\" \/>\n\t\t<meta property=\"og:image:secure_url\" content=\"https:\/\/www.worldrally.eu\/wp-content\/uploads\/2023\/04\/81078aca36e3c-da00-41b9-b45e-31f872ffbff6_959d9_f_1400x788.jpg\" \/>\n\t\t<meta property=\"og:image:width\" content=\"1182\" \/>\n\t\t<meta property=\"og:image:height\" content=\"788\" \/>\n\t\t<meta property=\"article:published_time\" content=\"2021-04-30T18:49:00+00:00\" \/>\n\t\t<meta property=\"article:modified_time\" content=\"2023-04-11T18:51:59+00:00\" \/>\n\t\t<meta name=\"twitter:card\" content=\"summary_large_image\" \/>\n\t\t<meta name=\"twitter:title\" content=\"Campedelli liczy na podium. \u00bb WorldRally.eu\" \/>\n\t\t<meta name=\"twitter:description\" content=\"Simone Campedelli podkre\u015bli\u0142 sw\u00f3j potencja\u0142 na podium przed startem w Rajdowych Mistrzostwach Europy FIA w Team MRF Tyres. W\u0142och dwa razy stan\u0105\u0142 na podium z dw\u00f3ch start\u00f3w na imprezach w swojej ojczy\u017anie za kierownic\u0105 Volkswagena Polo GTI R5 wyposa\u017conego w os\u0142ony indyjskiej firmy, a jego ostatni sukces odni\u00f3s\u0142 w ubieg\u0142y weekend w Rajdzie Adriatico, rundzie\" \/>\n\t\t<meta name=\"twitter:image\" content=\"https:\/\/www.worldrally.eu\/wp-content\/uploads\/2023\/04\/81078aca36e3c-da00-41b9-b45e-31f872ffbff6_959d9_f_1400x788.jpg\" \/>\n\t\t<script type=\"application\/ld+json\" class=\"aioseo-schema\">\n\t\t\t{\"@context\":\"https:\\\/\\\/schema.org\",\"@graph\":[{\"@type\":\"BlogPosting\",\"@id\":\"https:\\\/\\\/www.worldrally.eu\\\/index.php\\\/2021\\\/04\\\/30\\\/campedelli-liczy-na-podium\\\/#blogposting\",\"name\":\"Campedelli liczy na podium. \\u00bb WorldRally.eu\",\"headline\":\"Campedelli liczy na podium.\",\"author\":{\"@id\":\"https:\\\/\\\/www.worldrally.eu\\\/index.php\\\/author\\\/magdalena\\\/#author\"},\"publisher\":{\"@id\":\"https:\\\/\\\/www.worldrally.eu\\\/#organization\"},\"image\":{\"@type\":\"ImageObject\",\"url\":\"https:\\\/\\\/www.worldrally.eu\\\/wp-content\\\/uploads\\\/2023\\\/04\\\/81078aca36e3c-da00-41b9-b45e-31f872ffbff6_959d9_f_1400x788.jpg\",\"width\":1182,\"height\":788},\"datePublished\":\"2021-04-30T18:49:00+00:00\",\"dateModified\":\"2023-04-11T18:51:59+00:00\",\"inLanguage\":\"en-GB\",\"mainEntityOfPage\":{\"@id\":\"https:\\\/\\\/www.worldrally.eu\\\/index.php\\\/2021\\\/04\\\/30\\\/campedelli-liczy-na-podium\\\/#webpage\"},\"isPartOf\":{\"@id\":\"https:\\\/\\\/www.worldrally.eu\\\/index.php\\\/2021\\\/04\\\/30\\\/campedelli-liczy-na-podium\\\/#webpage\"},\"articleSection\":\"ERC\"},{\"@type\":\"BreadcrumbList\",\"@id\":\"https:\\\/\\\/www.worldrally.eu\\\/index.php\\\/2021\\\/04\\\/30\\\/campedelli-liczy-na-podium\\\/#breadcrumblist\",\"itemListElement\":[{\"@type\":\"ListItem\",\"@id\":\"https:\\\/\\\/www.worldrally.eu#listItem\",\"position\":1,\"name\":\"Home\",\"item\":\"https:\\\/\\\/www.worldrally.eu\",\"nextItem\":{\"@type\":\"ListItem\",\"@id\":\"https:\\\/\\\/www.worldrally.eu\\\/index.php\\\/category\\\/erc\\\/#listItem\",\"name\":\"ERC\"}},{\"@type\":\"ListItem\",\"@id\":\"https:\\\/\\\/www.worldrally.eu\\\/index.php\\\/category\\\/erc\\\/#listItem\",\"position\":2,\"name\":\"ERC\",\"item\":\"https:\\\/\\\/www.worldrally.eu\\\/index.php\\\/category\\\/erc\\\/\",\"nextItem\":{\"@type\":\"ListItem\",\"@id\":\"https:\\\/\\\/www.worldrally.eu\\\/index.php\\\/2021\\\/04\\\/30\\\/campedelli-liczy-na-podium\\\/#listItem\",\"name\":\"Campedelli liczy na podium.\"},\"previousItem\":{\"@type\":\"ListItem\",\"@id\":\"https:\\\/\\\/www.worldrally.eu#listItem\",\"name\":\"Home\"}},{\"@type\":\"ListItem\",\"@id\":\"https:\\\/\\\/www.worldrally.eu\\\/index.php\\\/2021\\\/04\\\/30\\\/campedelli-liczy-na-podium\\\/#listItem\",\"position\":3,\"name\":\"Campedelli liczy na podium.\",\"previousItem\":{\"@type\":\"ListItem\",\"@id\":\"https:\\\/\\\/www.worldrally.eu\\\/index.php\\\/category\\\/erc\\\/#listItem\",\"name\":\"ERC\"}}]},{\"@type\":\"Organization\",\"@id\":\"https:\\\/\\\/www.worldrally.eu\\\/#organization\",\"name\":\"WorldRally.eu\",\"url\":\"https:\\\/\\\/www.worldrally.eu\\\/\",\"logo\":{\"@type\":\"ImageObject\",\"url\":\"https:\\\/\\\/www.worldrally.eu\\\/wp-content\\\/uploads\\\/2026\\\/01\\\/cropped-logo-3.png\",\"@id\":\"https:\\\/\\\/www.worldrally.eu\\\/index.php\\\/2021\\\/04\\\/30\\\/campedelli-liczy-na-podium\\\/#organizationLogo\",\"width\":2039,\"height\":756},\"image\":{\"@id\":\"https:\\\/\\\/www.worldrally.eu\\\/index.php\\\/2021\\\/04\\\/30\\\/campedelli-liczy-na-podium\\\/#organizationLogo\"}},{\"@type\":\"Person\",\"@id\":\"https:\\\/\\\/www.worldrally.eu\\\/index.php\\\/author\\\/magdalena\\\/#author\",\"url\":\"https:\\\/\\\/www.worldrally.eu\\\/index.php\\\/author\\\/magdalena\\\/\",\"name\":\"Magdalena\",\"image\":{\"@type\":\"ImageObject\",\"@id\":\"https:\\\/\\\/www.worldrally.eu\\\/index.php\\\/2021\\\/04\\\/30\\\/campedelli-liczy-na-podium\\\/#authorImage\",\"url\":\"https:\\\/\\\/secure.gravatar.com\\\/avatar\\\/853239b46cec38ba30b48d2b091f5538817cc78bdc0944c9ef7408579307e2ea?s=96&d=mm&r=g\",\"width\":96,\"height\":96,\"caption\":\"Magdalena\"}},{\"@type\":\"WebPage\",\"@id\":\"https:\\\/\\\/www.worldrally.eu\\\/index.php\\\/2021\\\/04\\\/30\\\/campedelli-liczy-na-podium\\\/#webpage\",\"url\":\"https:\\\/\\\/www.worldrally.eu\\\/index.php\\\/2021\\\/04\\\/30\\\/campedelli-liczy-na-podium\\\/\",\"name\":\"Campedelli liczy na podium. \\u00bb WorldRally.eu\",\"description\":\"Simone Campedelli podkre\\u015bli\\u0142 sw\\u00f3j potencja\\u0142 na podium przed startem w Rajdowych Mistrzostwach Europy FIA w Team MRF Tyres. W\\u0142och dwa razy stan\\u0105\\u0142 na podium z dw\\u00f3ch start\\u00f3w na imprezach w swojej ojczy\\u017anie za kierownic\\u0105 Volkswagena Polo GTI R5 wyposa\\u017conego w os\\u0142ony indyjskiej firmy, a jego ostatni sukces odni\\u00f3s\\u0142 w ubieg\\u0142y weekend w Rajdzie Adriatico, rundzie\",\"inLanguage\":\"en-GB\",\"isPartOf\":{\"@id\":\"https:\\\/\\\/www.worldrally.eu\\\/#website\"},\"breadcrumb\":{\"@id\":\"https:\\\/\\\/www.worldrally.eu\\\/index.php\\\/2021\\\/04\\\/30\\\/campedelli-liczy-na-podium\\\/#breadcrumblist\"},\"author\":{\"@id\":\"https:\\\/\\\/www.worldrally.eu\\\/index.php\\\/author\\\/magdalena\\\/#author\"},\"creator\":{\"@id\":\"https:\\\/\\\/www.worldrally.eu\\\/index.php\\\/author\\\/magdalena\\\/#author\"},\"image\":{\"@type\":\"ImageObject\",\"url\":\"https:\\\/\\\/www.worldrally.eu\\\/wp-content\\\/uploads\\\/2023\\\/04\\\/81078aca36e3c-da00-41b9-b45e-31f872ffbff6_959d9_f_1400x788.jpg\",\"@id\":\"https:\\\/\\\/www.worldrally.eu\\\/index.php\\\/2021\\\/04\\\/30\\\/campedelli-liczy-na-podium\\\/#mainImage\",\"width\":1182,\"height\":788},\"primaryImageOfPage\":{\"@id\":\"https:\\\/\\\/www.worldrally.eu\\\/index.php\\\/2021\\\/04\\\/30\\\/campedelli-liczy-na-podium\\\/#mainImage\"},\"datePublished\":\"2021-04-30T18:49:00+00:00\",\"dateModified\":\"2023-04-11T18:51:59+00:00\"},{\"@type\":\"WebSite\",\"@id\":\"https:\\\/\\\/www.worldrally.eu\\\/#website\",\"url\":\"https:\\\/\\\/www.worldrally.eu\\\/\",\"name\":\"WorldRally.eu\",\"inLanguage\":\"en-GB\",\"publisher\":{\"@id\":\"https:\\\/\\\/www.worldrally.eu\\\/#organization\"}}]}\n\t\t<\/script>\n\t\t<!-- All in One SEO -->\n\n","aioseo_head_json":{"title":"Campedelli liczy na podium. \u00bb WorldRally.eu","description":"Simone Campedelli podkre\u015bli\u0142 sw\u00f3j potencja\u0142 na podium przed startem w Rajdowych Mistrzostwach Europy FIA w Team MRF Tyres. W\u0142och dwa razy stan\u0105\u0142 na podium z dw\u00f3ch start\u00f3w na imprezach w swojej ojczy\u017anie za kierownic\u0105 Volkswagena Polo GTI R5 wyposa\u017conego w os\u0142ony indyjskiej firmy, a jego ostatni sukces odni\u00f3s\u0142 w ubieg\u0142y weekend w Rajdzie Adriatico, rundzie","canonical_url":"https:\/\/www.worldrally.eu\/index.php\/2021\/04\/30\/campedelli-liczy-na-podium\/","robots":"max-image-preview:large","keywords":"","webmasterTools":{"miscellaneous":""},"schema":{"@context":"https:\/\/schema.org","@graph":[{"@type":"BlogPosting","@id":"https:\/\/www.worldrally.eu\/index.php\/2021\/04\/30\/campedelli-liczy-na-podium\/#blogposting","name":"Campedelli liczy na podium. \u00bb WorldRally.eu","headline":"Campedelli liczy na podium.","author":{"@id":"https:\/\/www.worldrally.eu\/index.php\/author\/magdalena\/#author"},"publisher":{"@id":"https:\/\/www.worldrally.eu\/#organization"},"image":{"@type":"ImageObject","url":"https:\/\/www.worldrally.eu\/wp-content\/uploads\/2023\/04\/81078aca36e3c-da00-41b9-b45e-31f872ffbff6_959d9_f_1400x788.jpg","width":1182,"height":788},"datePublished":"2021-04-30T18:49:00+00:00","dateModified":"2023-04-11T18:51:59+00:00","inLanguage":"en-GB","mainEntityOfPage":{"@id":"https:\/\/www.worldrally.eu\/index.php\/2021\/04\/30\/campedelli-liczy-na-podium\/#webpage"},"isPartOf":{"@id":"https:\/\/www.worldrally.eu\/index.php\/2021\/04\/30\/campedelli-liczy-na-podium\/#webpage"},"articleSection":"ERC"},{"@type":"BreadcrumbList","@id":"https:\/\/www.worldrally.eu\/index.php\/2021\/04\/30\/campedelli-liczy-na-podium\/#breadcrumblist","itemListElement":[{"@type":"ListItem","@id":"https:\/\/www.worldrally.eu#listItem","position":1,"name":"Home","item":"https:\/\/www.worldrally.eu","nextItem":{"@type":"ListItem","@id":"https:\/\/www.worldrally.eu\/index.php\/category\/erc\/#listItem","name":"ERC"}},{"@type":"ListItem","@id":"https:\/\/www.worldrally.eu\/index.php\/category\/erc\/#listItem","position":2,"name":"ERC","item":"https:\/\/www.worldrally.eu\/index.php\/category\/erc\/","nextItem":{"@type":"ListItem","@id":"https:\/\/www.worldrally.eu\/index.php\/2021\/04\/30\/campedelli-liczy-na-podium\/#listItem","name":"Campedelli liczy na podium."},"previousItem":{"@type":"ListItem","@id":"https:\/\/www.worldrally.eu#listItem","name":"Home"}},{"@type":"ListItem","@id":"https:\/\/www.worldrally.eu\/index.php\/2021\/04\/30\/campedelli-liczy-na-podium\/#listItem","position":3,"name":"Campedelli liczy na podium.","previousItem":{"@type":"ListItem","@id":"https:\/\/www.worldrally.eu\/index.php\/category\/erc\/#listItem","name":"ERC"}}]},{"@type":"Organization","@id":"https:\/\/www.worldrally.eu\/#organization","name":"WorldRally.eu","url":"https:\/\/www.worldrally.eu\/","logo":{"@type":"ImageObject","url":"https:\/\/www.worldrally.eu\/wp-content\/uploads\/2026\/01\/cropped-logo-3.png","@id":"https:\/\/www.worldrally.eu\/index.php\/2021\/04\/30\/campedelli-liczy-na-podium\/#organizationLogo","width":2039,"height":756},"image":{"@id":"https:\/\/www.worldrally.eu\/index.php\/2021\/04\/30\/campedelli-liczy-na-podium\/#organizationLogo"}},{"@type":"Person","@id":"https:\/\/www.worldrally.eu\/index.php\/author\/magdalena\/#author","url":"https:\/\/www.worldrally.eu\/index.php\/author\/magdalena\/","name":"Magdalena","image":{"@type":"ImageObject","@id":"https:\/\/www.worldrally.eu\/index.php\/2021\/04\/30\/campedelli-liczy-na-podium\/#authorImage","url":"https:\/\/secure.gravatar.com\/avatar\/853239b46cec38ba30b48d2b091f5538817cc78bdc0944c9ef7408579307e2ea?s=96&d=mm&r=g","width":96,"height":96,"caption":"Magdalena"}},{"@type":"WebPage","@id":"https:\/\/www.worldrally.eu\/index.php\/2021\/04\/30\/campedelli-liczy-na-podium\/#webpage","url":"https:\/\/www.worldrally.eu\/index.php\/2021\/04\/30\/campedelli-liczy-na-podium\/","name":"Campedelli liczy na podium. \u00bb WorldRally.eu","description":"Simone Campedelli podkre\u015bli\u0142 sw\u00f3j potencja\u0142 na podium przed startem w Rajdowych Mistrzostwach Europy FIA w Team MRF Tyres. W\u0142och dwa razy stan\u0105\u0142 na podium z dw\u00f3ch start\u00f3w na imprezach w swojej ojczy\u017anie za kierownic\u0105 Volkswagena Polo GTI R5 wyposa\u017conego w os\u0142ony indyjskiej firmy, a jego ostatni sukces odni\u00f3s\u0142 w ubieg\u0142y weekend w Rajdzie Adriatico, rundzie","inLanguage":"en-GB","isPartOf":{"@id":"https:\/\/www.worldrally.eu\/#website"},"breadcrumb":{"@id":"https:\/\/www.worldrally.eu\/index.php\/2021\/04\/30\/campedelli-liczy-na-podium\/#breadcrumblist"},"author":{"@id":"https:\/\/www.worldrally.eu\/index.php\/author\/magdalena\/#author"},"creator":{"@id":"https:\/\/www.worldrally.eu\/index.php\/author\/magdalena\/#author"},"image":{"@type":"ImageObject","url":"https:\/\/www.worldrally.eu\/wp-content\/uploads\/2023\/04\/81078aca36e3c-da00-41b9-b45e-31f872ffbff6_959d9_f_1400x788.jpg","@id":"https:\/\/www.worldrally.eu\/index.php\/2021\/04\/30\/campedelli-liczy-na-podium\/#mainImage","width":1182,"height":788},"primaryImageOfPage":{"@id":"https:\/\/www.worldrally.eu\/index.php\/2021\/04\/30\/campedelli-liczy-na-podium\/#mainImage"},"datePublished":"2021-04-30T18:49:00+00:00","dateModified":"2023-04-11T18:51:59+00:00"},{"@type":"WebSite","@id":"https:\/\/www.worldrally.eu\/#website","url":"https:\/\/www.worldrally.eu\/","name":"WorldRally.eu","inLanguage":"en-GB","publisher":{"@id":"https:\/\/www.worldrally.eu\/#organization"}}]},"og:locale":"en_GB","og:site_name":"WorldRally.eu \u00bb","og:type":"article","og:title":"Campedelli liczy na podium. \u00bb WorldRally.eu","og:description":"Simone Campedelli podkre\u015bli\u0142 sw\u00f3j potencja\u0142 na podium przed startem w Rajdowych Mistrzostwach Europy FIA w Team MRF Tyres. W\u0142och dwa razy stan\u0105\u0142 na podium z dw\u00f3ch start\u00f3w na imprezach w swojej ojczy\u017anie za kierownic\u0105 Volkswagena Polo GTI R5 wyposa\u017conego w os\u0142ony indyjskiej firmy, a jego ostatni sukces odni\u00f3s\u0142 w ubieg\u0142y weekend w Rajdzie Adriatico, rundzie","og:url":"https:\/\/www.worldrally.eu\/index.php\/2021\/04\/30\/campedelli-liczy-na-podium\/","og:image":"https:\/\/www.worldrally.eu\/wp-content\/uploads\/2023\/04\/81078aca36e3c-da00-41b9-b45e-31f872ffbff6_959d9_f_1400x788.jpg","og:image:secure_url":"https:\/\/www.worldrally.eu\/wp-content\/uploads\/2023\/04\/81078aca36e3c-da00-41b9-b45e-31f872ffbff6_959d9_f_1400x788.jpg","og:image:width":1182,"og:image:height":788,"article:published_time":"2021-04-30T18:49:00+00:00","article:modified_time":"2023-04-11T18:51:59+00:00","twitter:card":"summary_large_image","twitter:title":"Campedelli liczy na podium. \u00bb WorldRally.eu","twitter:description":"Simone Campedelli podkre\u015bli\u0142 sw\u00f3j potencja\u0142 na podium przed startem w Rajdowych Mistrzostwach Europy FIA w Team MRF Tyres. W\u0142och dwa razy stan\u0105\u0142 na podium z dw\u00f3ch start\u00f3w na imprezach w swojej ojczy\u017anie za kierownic\u0105 Volkswagena Polo GTI R5 wyposa\u017conego w os\u0142ony indyjskiej firmy, a jego ostatni sukces odni\u00f3s\u0142 w ubieg\u0142y weekend w Rajdzie Adriatico, rundzie","twitter:image":"https:\/\/www.worldrally.eu\/wp-content\/uploads\/2023\/04\/81078aca36e3c-da00-41b9-b45e-31f872ffbff6_959d9_f_1400x788.jpg"},"aioseo_meta_data":{"post_id":"1001","title":null,"description":null,"keywords":null,"keyphrases":null,"primary_term":null,"canonical_url":null,"og_title":null,"og_description":null,"og_object_type":"default","og_image_type":"default","og_image_url":null,"og_image_width":null,"og_image_height":null,"og_image_custom_url":null,"og_image_custom_fields":null,"og_video":null,"og_custom_url":null,"og_article_section":null,"og_article_tags":null,"twitter_use_og":false,"twitter_card":"default","twitter_image_type":"default","twitter_image_url":null,"twitter_image_custom_url":null,"twitter_image_custom_fields":null,"twitter_title":null,"twitter_description":null,"schema":{"blockGraphs":[],"customGraphs":[],"default":{"data":{"Article":[],"Course":[],"Dataset":[],"FAQPage":[],"Movie":[],"Person":[],"Product":[],"ProductReview":[],"Car":[],"Recipe":[],"Service":[],"SoftwareApplication":[],"WebPage":[]},"graphName":"","isEnabled":true},"graphs":[]},"schema_type":"default","schema_type_options":null,"pillar_content":false,"robots_default":true,"robots_noindex":false,"robots_noarchive":false,"robots_nosnippet":false,"robots_nofollow":false,"robots_noimageindex":false,"robots_noodp":false,"robots_notranslate":false,"robots_max_snippet":null,"robots_max_videopreview":null,"robots_max_imagepreview":"large","priority":null,"frequency":null,"local_seo":null,"breadcrumb_settings":null,"limit_modified_date":false,"ai":null,"created":"2025-03-22 05:43:33","updated":"2025-10-26 07:46:07","seo_analyzer_scan_date":null},"aioseo_breadcrumb":"<div class=\"aioseo-breadcrumbs\"><span class=\"aioseo-breadcrumb\">\n\t\t\t<a href=\"https:\/\/www.worldrally.eu\" title=\"Home\">Home<\/a>\n\t\t<\/span><span class=\"aioseo-breadcrumb-separator\">&raquo;<\/span><span class=\"aioseo-breadcrumb\">\n\t\t\t<a href=\"https:\/\/www.worldrally.eu\/index.php\/category\/erc\/\" title=\"ERC\">ERC<\/a>\n\t\t<\/span><span class=\"aioseo-breadcrumb-separator\">&raquo;<\/span><span class=\"aioseo-breadcrumb\">\n\t\t\tCampedelli liczy na podium.\n\t\t<\/span><\/div>","aioseo_breadcrumb_json":[{"label":"Home","link":"https:\/\/www.worldrally.eu"},{"label":"ERC","link":"https:\/\/www.worldrally.eu\/index.php\/category\/erc\/"},{"label":"Campedelli liczy na podium.","link":"https:\/\/www.worldrally.eu\/index.php\/2021\/04\/30\/campedelli-liczy-na-podium\/"}],"cc_featured_image_caption":{"caption_text":"Foto - FIAerc","source_text":"","source_url":""},"_links":{"self":[{"href":"https:\/\/www.worldrally.eu\/index.php\/wp-json\/wp\/v2\/posts\/1001","targetHints":{"allow":["GET"]}}],"collection":[{"href":"https:\/\/www.worldrally.eu\/index.php\/wp-json\/wp\/v2\/posts"}],"about":[{"href":"https:\/\/www.worldrally.eu\/index.php\/wp-json\/wp\/v2\/types\/post"}],"author":[{"embeddable":true,"href":"https:\/\/www.worldrally.eu\/index.php\/wp-json\/wp\/v2\/users\/2"}],"replies":[{"embeddable":true,"href":"https:\/\/www.worldrally.eu\/index.php\/wp-json\/wp\/v2\/comments?post=1001"}],"version-history":[{"count":1,"href":"https:\/\/www.worldrally.eu\/index.php\/wp-json\/wp\/v2\/posts\/1001\/revisions"}],"predecessor-version":[{"id":1003,"href":"https:\/\/www.worldrally.eu\/index.php\/wp-json\/wp\/v2\/posts\/1001\/revisions\/1003"}],"wp:featuredmedia":[{"embeddable":true,"href":"https:\/\/www.worldrally.eu\/index.php\/wp-json\/wp\/v2\/media\/1002"}],"wp:attachment":[{"href":"https:\/\/www.worldrally.eu\/index.php\/wp-json\/wp\/v2\/media?parent=1001"}],"wp:term":[{"taxonomy":"category","embeddable":true,"href":"https:\/\/www.worldrally.eu\/index.php\/wp-json\/wp\/v2\/categories?post=1001"},{"taxonomy":"post_tag","embeddable":true,"href":"https:\/\/www.worldrally.eu\/index.php\/wp-json\/wp\/v2\/tags?post=1001"}],"curies":[{"name":"wp","href":"https:\/\/api.w.org\/{rel}","templated":true}]}}