{"id":100,"date":"2023-02-05T20:04:39","date_gmt":"2023-02-05T20:04:39","guid":{"rendered":"https:\/\/www.worldrally.eu\/?p=100"},"modified":"2023-02-05T20:40:35","modified_gmt":"2023-02-05T20:40:35","slug":"bonato-ponownie-na-trasach-erc","status":"publish","type":"post","link":"https:\/\/www.worldrally.eu\/index.php\/2023\/02\/05\/bonato-ponownie-na-trasach-erc\/","title":{"rendered":"Bonato ponownie na trasach."},"content":{"rendered":"\n<p>Francuski kierowca Yoann Bonato uko\u0144czy\u0142 sezon 2022 na trzecim miejscu w Mistrzostwach Europy po tym jak zdoby\u0142 swoje pierwsze historyczne zwyci\u0119stwo w Rajdzie Katalonii<\/p>\n\n\n\n<p>Bonato o roku 2016 u\u017cywa Citroena C3 Rally2 i w nadchodz\u0105cym sezonie ponownie u\u017cyje samochodu tej marki z ogumieniem Michelina.<\/p>\n\n\n\n<p>39- letni Francuz potwierdzi\u0142 start, w co najmniej czterech rundach mistrzostw Starego Kontynentu<\/p>\n\n\n\n<p>Pierwszym startem b\u0119dzie rajd szutrowy Serras de Fafe, kt\u00f3ry odb\u0119dzie si\u0119 11-12 marca w Portugalii, a nast\u0119pnie we\u017amie udzia\u0142 w Rajdzie Wysp Kanaryjskich 5-6 maja<\/p>\n\n\n\n<p>Kolejnym planowany start jest w Rzymie na koniec lipca oraz Rajd W\u0119gier 7-8 pa\u017adziernika.<\/p>\n\n\n\n<p>Jak przysta\u0142o na czterokrotnego mistrza Francji i tym razem Bonato wystartuje we wszystkich rajdach asfaltowych i powalczy o kolejny tytu\u0142 Mistrza Francji<\/p>\n","protected":false},"excerpt":{"rendered":"<p>Francuski kierowca Yoann Bonato uko\u0144czy\u0142 sezon 2022 na trzecim miejscu w Mistrzostwach Europy po tym jak zdoby\u0142 swoje pierwsze historyczne zwyci\u0119stwo w Rajdzie Katalonii Bonato o roku 2016 u\u017cywa Citroena C3 Rally2 i w nadchodz\u0105cym sezonie ponownie u\u017cyje samochodu tej marki z ogumieniem Michelina. 39- letni Francuz potwierdzi\u0142 start, w co najmniej czterech rundach mistrzostw [&hellip;]<\/p>\n","protected":false},"author":1,"featured_media":101,"comment_status":"closed","ping_status":"closed","sticky":false,"template":"","format":"standard","meta":{"footnotes":""},"categories":[4],"tags":[],"class_list":["post-100","post","type-post","status-publish","format-standard","has-post-thumbnail","hentry","category-erc"],"aioseo_notices":[],"cc_featured_image_caption":{"caption_text":"Foto: Fiaerc.com","source_text":"","source_url":""},"_links":{"self":[{"href":"https:\/\/www.worldrally.eu\/index.php\/wp-json\/wp\/v2\/posts\/100","targetHints":{"allow":["GET"]}}],"collection":[{"href":"https:\/\/www.worldrally.eu\/index.php\/wp-json\/wp\/v2\/posts"}],"about":[{"href":"https:\/\/www.worldrally.eu\/index.php\/wp-json\/wp\/v2\/types\/post"}],"author":[{"embeddable":true,"href":"https:\/\/www.worldrally.eu\/index.php\/wp-json\/wp\/v2\/users\/1"}],"replies":[{"embeddable":true,"href":"https:\/\/www.worldrally.eu\/index.php\/wp-json\/wp\/v2\/comments?post=100"}],"version-history":[{"count":2,"href":"https:\/\/www.worldrally.eu\/index.php\/wp-json\/wp\/v2\/posts\/100\/revisions"}],"predecessor-version":[{"id":104,"href":"https:\/\/www.worldrally.eu\/index.php\/wp-json\/wp\/v2\/posts\/100\/revisions\/104"}],"wp:featuredmedia":[{"embeddable":true,"href":"https:\/\/www.worldrally.eu\/index.php\/wp-json\/wp\/v2\/media\/101"}],"wp:attachment":[{"href":"https:\/\/www.worldrally.eu\/index.php\/wp-json\/wp\/v2\/media?parent=100"}],"wp:term":[{"taxonomy":"category","embeddable":true,"href":"https:\/\/www.worldrally.eu\/index.php\/wp-json\/wp\/v2\/categories?post=100"},{"taxonomy":"post_tag","embeddable":true,"href":"https:\/\/www.worldrally.eu\/index.php\/wp-json\/wp\/v2\/tags?post=100"}],"curies":[{"name":"wp","href":"https:\/\/api.w.org\/{rel}","templated":true}]}}